{"id":10987,"date":"2020-07-31T00:49:32","date_gmt":"2020-07-31T00:49:32","guid":{"rendered":"https:\/\/punkt.hu\/2020\/07\/17\/az-arcfelismero-rendszer-alkototarskent-vett-reszt-a-folyamatban-interju-biro-daviddal\/"},"modified":"2020-07-31T19:09:55","modified_gmt":"2020-07-31T19:09:55","slug":"i-had-a-face-recognition-system-as-a-creative-partner-an-interview-with-david-biro","status":"publish","type":"post","link":"https:\/\/punkt.hu\/en\/2020\/07\/31\/i-had-a-face-recognition-system-as-a-creative-partner-an-interview-with-david-biro\/","title":{"rendered":"\u201cI had a face recognition system as a creative partner\u201d \u2013 An interview with D\u00e1vid Bir\u00f3"},"content":{"rendered":"<div id=\"pl-10987\"  class=\"panel-layout\" ><div id=\"pg-10987-0\"  class=\"panel-grid panel-no-style\" ><div id=\"pgc-10987-0-0\"  class=\"panel-grid-cell panel-grid-cell-empty\" ><\/div><div id=\"pgc-10987-0-1\"  class=\"panel-grid-cell\" ><div id=\"panel-10987-0-1-0\" class=\"so-panel widget widget_single-title panel-first-child panel-last-child\" data-index=\"0\" ><div class=\"panel-widget-style panel-widget-style-for-10987-0-1-0\" ><div class=\"so-widget-single-title so-widget-single-title-default-d75171398898-10987\">\n<\/div><\/div><\/div><\/div><\/div><div id=\"pg-10987-1\"  class=\"panel-grid panel-no-style\" ><div id=\"pgc-10987-1-0\"  class=\"panel-grid-cell\" ><div id=\"panel-10987-1-0-0\" class=\"so-panel widget widget_image-with-caption panel-first-child\" data-index=\"1\" ><div class=\"so-widget-image-with-caption so-widget-image-with-caption-default-d75171398898-10987\">\n\n\t\n\t<div class=\"image-with-caption caption-alignment-around\">\n\n\t\t\t\t\t<p class=\"image-with-caption-container-caption-numbers\">01<span class=\"number-separator\"><\/span>03<\/p>\n\t\t\n\t\t<div class=\"image-with-caption-container-image\">\n\n\t\t\t\n\t\t\t<a href=\"https:\/\/i0.wp.com\/punkt.hu\/wp-content\/uploads\/2020\/07\/punkt-az-arcfelismero-rendszer-alkototarskent-vett-reszt-a-folyamatban-interju-biro-daviddal-05-scaled.jpg?fit=1920%2C2560&ssl=1\" class=\"chocolat-image\" title=\"Bir\u00f3 D\u00e1vid: Do you accept cookies? \">\n\t\t\t\t<img width=\"890\" height=\"1187\" src=\"https:\/\/i0.wp.com\/punkt.hu\/wp-content\/uploads\/2020\/07\/punkt-az-arcfelismero-rendszer-alkototarskent-vett-reszt-a-folyamatban-interju-biro-daviddal-05-scaled.jpg?fit=890%2C1187&amp;ssl=1\" class=\"lazyload\" alt=\"Bir\u00f3 D\u00e1vid: Do you accept cookies? \" srcset=\"https:\/\/i0.wp.com\/punkt.hu\/wp-content\/uploads\/2020\/07\/punkt-az-arcfelismero-rendszer-alkototarskent-vett-reszt-a-folyamatban-interju-biro-daviddal-05-scaled.jpg?w=1920&amp;ssl=1 1920w, https:\/\/i0.wp.com\/punkt.hu\/wp-content\/uploads\/2020\/07\/punkt-az-arcfelismero-rendszer-alkototarskent-vett-reszt-a-folyamatban-interju-biro-daviddal-05-scaled.jpg?resize=225%2C300&amp;ssl=1 225w, https:\/\/i0.wp.com\/punkt.hu\/wp-content\/uploads\/2020\/07\/punkt-az-arcfelismero-rendszer-alkototarskent-vett-reszt-a-folyamatban-interju-biro-daviddal-05-scaled.jpg?resize=768%2C1024&amp;ssl=1 768w, https:\/\/i0.wp.com\/punkt.hu\/wp-content\/uploads\/2020\/07\/punkt-az-arcfelismero-rendszer-alkototarskent-vett-reszt-a-folyamatban-interju-biro-daviddal-05-scaled.jpg?resize=1152%2C1536&amp;ssl=1 1152w, https:\/\/i0.wp.com\/punkt.hu\/wp-content\/uploads\/2020\/07\/punkt-az-arcfelismero-rendszer-alkototarskent-vett-reszt-a-folyamatban-interju-biro-daviddal-05-scaled.jpg?resize=1536%2C2048&amp;ssl=1 1536w, https:\/\/i0.wp.com\/punkt.hu\/wp-content\/uploads\/2020\/07\/punkt-az-arcfelismero-rendszer-alkototarskent-vett-reszt-a-folyamatban-interju-biro-daviddal-05-scaled.jpg?resize=890%2C1187&amp;ssl=1 890w, https:\/\/i0.wp.com\/punkt.hu\/wp-content\/uploads\/2020\/07\/punkt-az-arcfelismero-rendszer-alkototarskent-vett-reszt-a-folyamatban-interju-biro-daviddal-05-scaled.jpg?resize=690%2C920&amp;ssl=1 690w, https:\/\/i0.wp.com\/punkt.hu\/wp-content\/uploads\/2020\/07\/punkt-az-arcfelismero-rendszer-alkototarskent-vett-reszt-a-folyamatban-interju-biro-daviddal-05-scaled.jpg?resize=445%2C593&amp;ssl=1 445w, https:\/\/i0.wp.com\/punkt.hu\/wp-content\/uploads\/2020\/07\/punkt-az-arcfelismero-rendszer-alkototarskent-vett-reszt-a-folyamatban-interju-biro-daviddal-05-scaled.jpg?resize=930%2C1240&amp;ssl=1 930w, https:\/\/i0.wp.com\/punkt.hu\/wp-content\/uploads\/2020\/07\/punkt-az-arcfelismero-rendszer-alkototarskent-vett-reszt-a-folyamatban-interju-biro-daviddal-05-scaled.jpg?resize=263%2C350&amp;ssl=1 263w, https:\/\/i0.wp.com\/punkt.hu\/wp-content\/uploads\/2020\/07\/punkt-az-arcfelismero-rendszer-alkototarskent-vett-reszt-a-folyamatban-interju-biro-daviddal-05-scaled.jpg?w=1800&amp;ssl=1 1800w\" sizes=\"(max-width: 890px) 100vw, 890px\" \/>\t\t\t<\/a>\n\n\t\t<\/div>\n\n\t\t\t\t\t<div class=\"image-with-caption-container-caption\">\n\t\t\t\t<div class=\"image-with-caption-container-caption-center-fix\">\n\t\t\t\t\t\t\t\t\t\t<p class=\"image-with-caption-container-caption-text\">Bir\u00f3 D\u00e1vid: Do you accept cookies? <\/p>\n\t\t\t\t<\/div>\n\t\t\t<\/div>\n\t\t\n\t<\/div>\n\n<\/div><\/div><div id=\"panel-10987-1-0-1\" class=\"so-panel widget widget_image-with-caption panel-last-child\" data-index=\"2\" ><div class=\"panel-widget-style panel-widget-style-for-10987-1-0-1\" ><div class=\"so-widget-image-with-caption so-widget-image-with-caption-default-d75171398898-10987\">\n\n\t\n\t<div class=\"image-with-caption caption-alignment-around\">\n\n\t\t\t\t\t<p class=\"image-with-caption-container-caption-numbers\">01<span class=\"number-separator\"><\/span>03<\/p>\n\t\t\n\t\t<div class=\"image-with-caption-container-image\">\n\n\t\t\t\n\t\t\t<a href=\"https:\/\/i1.wp.com\/punkt.hu\/wp-content\/uploads\/2020\/06\/punkt-ujra-pulzal-a-kortars-foto-sorban-nyilnak-a-galeriak-06-scaled.jpg?fit=1920%2C2560&ssl=1\" class=\"chocolat-image\" title=\"Bir\u00f3 D\u00e1vid: Do you accept cookies? \">\n\t\t\t\t<img width=\"890\" height=\"1187\" src=\"https:\/\/i1.wp.com\/punkt.hu\/wp-content\/uploads\/2020\/06\/punkt-ujra-pulzal-a-kortars-foto-sorban-nyilnak-a-galeriak-06-scaled.jpg?fit=890%2C1187&amp;ssl=1\" class=\"lazyload\" alt=\"Bir\u00f3 D\u00e1vid: Do you accept cookies? \" srcset=\"https:\/\/i1.wp.com\/punkt.hu\/wp-content\/uploads\/2020\/06\/punkt-ujra-pulzal-a-kortars-foto-sorban-nyilnak-a-galeriak-06-scaled.jpg?w=1920&amp;ssl=1 1920w, https:\/\/i1.wp.com\/punkt.hu\/wp-content\/uploads\/2020\/06\/punkt-ujra-pulzal-a-kortars-foto-sorban-nyilnak-a-galeriak-06-scaled.jpg?resize=225%2C300&amp;ssl=1 225w, https:\/\/i1.wp.com\/punkt.hu\/wp-content\/uploads\/2020\/06\/punkt-ujra-pulzal-a-kortars-foto-sorban-nyilnak-a-galeriak-06-scaled.jpg?resize=768%2C1024&amp;ssl=1 768w, https:\/\/i1.wp.com\/punkt.hu\/wp-content\/uploads\/2020\/06\/punkt-ujra-pulzal-a-kortars-foto-sorban-nyilnak-a-galeriak-06-scaled.jpg?resize=1152%2C1536&amp;ssl=1 1152w, https:\/\/i1.wp.com\/punkt.hu\/wp-content\/uploads\/2020\/06\/punkt-ujra-pulzal-a-kortars-foto-sorban-nyilnak-a-galeriak-06-scaled.jpg?resize=1536%2C2048&amp;ssl=1 1536w, https:\/\/i1.wp.com\/punkt.hu\/wp-content\/uploads\/2020\/06\/punkt-ujra-pulzal-a-kortars-foto-sorban-nyilnak-a-galeriak-06-scaled.jpg?resize=890%2C1187&amp;ssl=1 890w, https:\/\/i1.wp.com\/punkt.hu\/wp-content\/uploads\/2020\/06\/punkt-ujra-pulzal-a-kortars-foto-sorban-nyilnak-a-galeriak-06-scaled.jpg?resize=690%2C920&amp;ssl=1 690w, https:\/\/i1.wp.com\/punkt.hu\/wp-content\/uploads\/2020\/06\/punkt-ujra-pulzal-a-kortars-foto-sorban-nyilnak-a-galeriak-06-scaled.jpg?resize=445%2C593&amp;ssl=1 445w, https:\/\/i1.wp.com\/punkt.hu\/wp-content\/uploads\/2020\/06\/punkt-ujra-pulzal-a-kortars-foto-sorban-nyilnak-a-galeriak-06-scaled.jpg?resize=930%2C1240&amp;ssl=1 930w, https:\/\/i1.wp.com\/punkt.hu\/wp-content\/uploads\/2020\/06\/punkt-ujra-pulzal-a-kortars-foto-sorban-nyilnak-a-galeriak-06-scaled.jpg?resize=263%2C350&amp;ssl=1 263w, https:\/\/i1.wp.com\/punkt.hu\/wp-content\/uploads\/2020\/06\/punkt-ujra-pulzal-a-kortars-foto-sorban-nyilnak-a-galeriak-06-scaled.jpg?w=1800&amp;ssl=1 1800w\" sizes=\"(max-width: 890px) 100vw, 890px\" \/>\t\t\t<\/a>\n\n\t\t<\/div>\n\n\t\t\t\t\t<div class=\"image-with-caption-container-caption\">\n\t\t\t\t<div class=\"image-with-caption-container-caption-center-fix\">\n\t\t\t\t\t\t\t\t\t\t<p class=\"image-with-caption-container-caption-text\">Bir\u00f3 D\u00e1vid: Do you accept cookies? <\/p>\n\t\t\t\t<\/div>\n\t\t\t<\/div>\n\t\t\n\t<\/div>\n\n<\/div><\/div><\/div><\/div><div id=\"pgc-10987-1-1\"  class=\"panel-grid-cell\" ><div id=\"panel-10987-1-1-0\" class=\"so-panel widget widget_interview panel-first-child panel-last-child\" data-index=\"3\" ><div class=\"panel-widget-style panel-widget-style-for-10987-1-1-0\" ><div class=\"so-widget-interview so-widget-interview-default-d75171398898-10987\"><div class=\"interview\">\n\t<div class=\"row\">\n\t\t\t\t<div class=\"col-12\">\n\t\t\t<div class=\"interview-item\">\n\t\t\t\t<strong class=\"interview-item-monogram\">\n\t\t\t\t\tE.B.\t\t\t\t<\/strong>\n\t\t\t\t<div class=\"interview-item-text\">\n\t\t\t\t\t<p><strong><em>Do you accept cookies?,<\/em><\/strong><strong> your solo exhibition at Trap\u00e9z Gallery, opened in early June. Why the title, and what has it got to do with your pictures?<\/strong><\/p>\n<p>&nbsp;<\/p>\n\t\t\t\t<\/div>\n\t\t\t<\/div>\n\t\t<\/div>\n\t\t\t\t<div class=\"col-12\">\n\t\t\t<div class=\"interview-item\">\n\t\t\t\t<strong class=\"interview-item-monogram\">\n\t\t\t\t\tD.B.\t\t\t\t<\/strong>\n\t\t\t\t<div class=\"interview-item-text\">\n\t\t\t\t\t<p>The exhibition explores the technological environment in which the tech giants, among others, openly collect the personal data of their users. As trade in data has picked up, this information has become extremely valuable\u2014you could say data is the new oil. However, the extent to which the users are aware of the process is open to question, considering how they skip over the terms of service, the privacy policies and cookie warnings without much thought. Not to mention that while we can refuse to be followed online, we cannot hide from the face-recognition systems that are installed in public spaces.<\/p>\n\t\t\t\t<\/div>\n\t\t\t<\/div>\n\t\t<\/div>\n\t\t\t\t<div class=\"col-12\">\n\t\t\t<div class=\"interview-item\">\n\t\t\t\t<strong class=\"interview-item-monogram\">\n\t\t\t\t\tE.B.\t\t\t\t<\/strong>\n\t\t\t\t<div class=\"interview-item-text\">\n\t\t\t\t\t<p><strong>To what extent are you yourself a conscious user? Do you read every notification before accepting cookies?<\/strong><\/p>\n\t\t\t\t<\/div>\n\t\t\t<\/div>\n\t\t<\/div>\n\t\t\t\t<div class=\"col-12\">\n\t\t\t<div class=\"interview-item\">\n\t\t\t\t<strong class=\"interview-item-monogram\">\n\t\t\t\t\tD.B.\t\t\t\t<\/strong>\n\t\t\t\t<div class=\"interview-item-text\">\n\t\t\t\t\t<p>I\u2019ve stopped accepting cookies other than those absolutely necessary. And as for my phone, I take special care to know what permissions I give to an app. I used to okay everything automatically, but grew suspicious when I started reading privacy policies. At first sight, worrying about continuous data collection might seem a trivial concern, even paranoia, but massive data leaks have become far too commonplace, as has the illegal use of data. Obviously, no one would like their sensitive information and passwords fall into the wrong hands, but that\u2019s only one side of the issue. The various smart devices and sensors can monitor users in more and more ways, even on a physiological level, and can consequently detect even their emotional state.<\/p>\n<p>Sometimes a surprisingly great deal can be deduced about a user by analysing their activity alone, to which if you add heart rate data from a smart watch you can form a fairly accurate picture of their state at any one time. And if the algorithms can know so much about us, we will be easy to manipulate and influence: they may prompt us to buy a product or service when our defences are down, or recommend an article and influence a decision we need to take.<\/p>\n<p>The main thing, I think, is to be aware of the essential principles, know reliable sources, and have appropriate information about alternatives. The rise of artificial intelligence should not be envisioned as some occupation by an army of robots, as in sci-fi flicks, but as an invisible system instead that surreptitiously makes its users addicted and vulnerable.<\/p>\n\t\t\t\t<\/div>\n\t\t\t<\/div>\n\t\t<\/div>\n\t\t\t<\/div>\n<\/div>\n<\/div><\/div><\/div><\/div><\/div><div id=\"pg-10987-2\"  class=\"panel-grid panel-has-style\" ><div class=\"siteorigin-panels-stretch panel-row-style panel-row-style-for-10987-2\" data-stretch-type=\"full-stretched\" ><div id=\"pgc-10987-2-0\"  class=\"panel-grid-cell\" ><div id=\"panel-10987-2-0-0\" class=\"so-panel widget widget_image-with-caption panel-first-child panel-last-child\" data-index=\"4\" ><div class=\"panel-widget-style panel-widget-style-for-10987-2-0-0\" ><div class=\"so-widget-image-with-caption so-widget-image-with-caption-default-d75171398898-10987\">\n\n\t\n\t<div class=\"image-with-caption caption-alignment-bottom-left\">\n\n\t\t\n\t\t<div class=\"image-with-caption-container-image\">\n\n\t\t\t\n\t\t\t<a href=\"https:\/\/i1.wp.com\/punkt.hu\/wp-content\/uploads\/2020\/07\/punkt-az-arcfelismero-rendszer-alkototarskent-vett-reszt-a-folyamatban-interju-biro-daviddal-02.jpg?fit=2500%2C1667&ssl=1\" class=\"chocolat-image\" title=\"Do you accept cookies? Exhibition view. Photo: D\u00e1vid Bir\u00f3\">\n\t\t\t\t\t\t\t\t\t<img src=\"https:\/\/i1.wp.com\/punkt.hu\/wp-content\/uploads\/2020\/07\/punkt-az-arcfelismero-rendszer-alkototarskent-vett-reszt-a-folyamatban-interju-biro-daviddal-02.jpg?fit=1920%2C1280&ssl=1\" class=\"lazyload\" alt=\"Do you accept cookies? Exhibition view. Photo: D\u00e1vid Bir\u00f3\">\n\t\t\t\t\t\t\t\t<\/a>\n\n\t\t<\/div>\n\n\t\t\t\t\t<div class=\"image-with-caption-container-caption\">\n\t\t\t\t<div class=\"image-with-caption-container-caption-center-fix\">\n\t\t\t\t\t\t\t\t\t\t\t<p class=\"image-with-caption-container-caption-numbers\">01<span class=\"number-separator\"><\/span>03<\/p>\n\t\t\t\t\t\t\t\t\t\t<p class=\"image-with-caption-container-caption-text\">Do you accept cookies? Exhibition view. Photo: D\u00e1vid Bir\u00f3<\/p>\n\t\t\t\t<\/div>\n\t\t\t<\/div>\n\t\t\n\t<\/div>\n\n<\/div><\/div><\/div><\/div><\/div><\/div><div id=\"pg-10987-3\"  class=\"panel-grid panel-no-style\" ><div id=\"pgc-10987-3-0\"  class=\"panel-grid-cell\" ><div id=\"panel-10987-3-0-0\" class=\"so-panel widget widget_image-with-caption panel-first-child\" data-index=\"5\" ><div class=\"panel-widget-style panel-widget-style-for-10987-3-0-0\" ><div class=\"so-widget-image-with-caption so-widget-image-with-caption-default-d75171398898-10987\">\n\n\t\n\t<div class=\"image-with-caption caption-alignment-around\">\n\n\t\t\t\t\t<p class=\"image-with-caption-container-caption-numbers\">01<span class=\"number-separator\"><\/span>03<\/p>\n\t\t\n\t\t<div class=\"image-with-caption-container-image\">\n\n\t\t\t\n\t\t\t<a href=\"https:\/\/i1.wp.com\/punkt.hu\/wp-content\/uploads\/2020\/07\/punkt-az-arcfelismero-rendszer-alkototarskent-vett-reszt-a-folyamatban-interju-biro-daviddal-06-scaled.jpg?fit=1920%2C2560&ssl=1\" class=\"chocolat-image\" title=\"Bir\u00f3 D\u00e1vid: Do you accept cookies? \">\n\t\t\t\t<img width=\"890\" height=\"1187\" src=\"https:\/\/i1.wp.com\/punkt.hu\/wp-content\/uploads\/2020\/07\/punkt-az-arcfelismero-rendszer-alkototarskent-vett-reszt-a-folyamatban-interju-biro-daviddal-06-scaled.jpg?fit=890%2C1187&amp;ssl=1\" class=\"lazyload\" alt=\"Bir\u00f3 D\u00e1vid: Do you accept cookies? \" srcset=\"https:\/\/i1.wp.com\/punkt.hu\/wp-content\/uploads\/2020\/07\/punkt-az-arcfelismero-rendszer-alkototarskent-vett-reszt-a-folyamatban-interju-biro-daviddal-06-scaled.jpg?w=1920&amp;ssl=1 1920w, https:\/\/i1.wp.com\/punkt.hu\/wp-content\/uploads\/2020\/07\/punkt-az-arcfelismero-rendszer-alkototarskent-vett-reszt-a-folyamatban-interju-biro-daviddal-06-scaled.jpg?resize=225%2C300&amp;ssl=1 225w, https:\/\/i1.wp.com\/punkt.hu\/wp-content\/uploads\/2020\/07\/punkt-az-arcfelismero-rendszer-alkototarskent-vett-reszt-a-folyamatban-interju-biro-daviddal-06-scaled.jpg?resize=768%2C1024&amp;ssl=1 768w, https:\/\/i1.wp.com\/punkt.hu\/wp-content\/uploads\/2020\/07\/punkt-az-arcfelismero-rendszer-alkototarskent-vett-reszt-a-folyamatban-interju-biro-daviddal-06-scaled.jpg?resize=1152%2C1536&amp;ssl=1 1152w, https:\/\/i1.wp.com\/punkt.hu\/wp-content\/uploads\/2020\/07\/punkt-az-arcfelismero-rendszer-alkototarskent-vett-reszt-a-folyamatban-interju-biro-daviddal-06-scaled.jpg?resize=1536%2C2048&amp;ssl=1 1536w, https:\/\/i1.wp.com\/punkt.hu\/wp-content\/uploads\/2020\/07\/punkt-az-arcfelismero-rendszer-alkototarskent-vett-reszt-a-folyamatban-interju-biro-daviddal-06-scaled.jpg?resize=890%2C1187&amp;ssl=1 890w, https:\/\/i1.wp.com\/punkt.hu\/wp-content\/uploads\/2020\/07\/punkt-az-arcfelismero-rendszer-alkototarskent-vett-reszt-a-folyamatban-interju-biro-daviddal-06-scaled.jpg?resize=690%2C920&amp;ssl=1 690w, https:\/\/i1.wp.com\/punkt.hu\/wp-content\/uploads\/2020\/07\/punkt-az-arcfelismero-rendszer-alkototarskent-vett-reszt-a-folyamatban-interju-biro-daviddal-06-scaled.jpg?resize=445%2C593&amp;ssl=1 445w, https:\/\/i1.wp.com\/punkt.hu\/wp-content\/uploads\/2020\/07\/punkt-az-arcfelismero-rendszer-alkototarskent-vett-reszt-a-folyamatban-interju-biro-daviddal-06-scaled.jpg?resize=930%2C1240&amp;ssl=1 930w, https:\/\/i1.wp.com\/punkt.hu\/wp-content\/uploads\/2020\/07\/punkt-az-arcfelismero-rendszer-alkototarskent-vett-reszt-a-folyamatban-interju-biro-daviddal-06-scaled.jpg?resize=263%2C350&amp;ssl=1 263w, https:\/\/i1.wp.com\/punkt.hu\/wp-content\/uploads\/2020\/07\/punkt-az-arcfelismero-rendszer-alkototarskent-vett-reszt-a-folyamatban-interju-biro-daviddal-06-scaled.jpg?w=1800&amp;ssl=1 1800w\" sizes=\"(max-width: 890px) 100vw, 890px\" \/>\t\t\t<\/a>\n\n\t\t<\/div>\n\n\t\t\t\t\t<div class=\"image-with-caption-container-caption\">\n\t\t\t\t<div class=\"image-with-caption-container-caption-center-fix\">\n\t\t\t\t\t\t\t\t\t\t<p class=\"image-with-caption-container-caption-text\">Bir\u00f3 D\u00e1vid: Do you accept cookies? <\/p>\n\t\t\t\t<\/div>\n\t\t\t<\/div>\n\t\t\n\t<\/div>\n\n<\/div><\/div><\/div><div id=\"panel-10987-3-0-1\" class=\"so-panel widget widget_image-with-caption panel-last-child\" data-index=\"6\" ><div class=\"panel-widget-style panel-widget-style-for-10987-3-0-1\" ><div class=\"so-widget-image-with-caption so-widget-image-with-caption-default-d75171398898-10987\">\n\n\t\n\t<div class=\"image-with-caption caption-alignment-around\">\n\n\t\t\t\t\t<p class=\"image-with-caption-container-caption-numbers\">01<span class=\"number-separator\"><\/span>03<\/p>\n\t\t\n\t\t<div class=\"image-with-caption-container-image\">\n\n\t\t\t\n\t\t\t<a href=\"https:\/\/i2.wp.com\/punkt.hu\/wp-content\/uploads\/2020\/07\/punkt-az-arcfelismero-rendszer-alkototarskent-vett-reszt-a-folyamatban-interju-biro-daviddal-03-scaled.jpg?fit=1920%2C2560&ssl=1\" class=\"chocolat-image\" title=\"Bir\u00f3 D\u00e1vid: Do you accept cookies? \">\n\t\t\t\t<img width=\"890\" height=\"1187\" src=\"https:\/\/i2.wp.com\/punkt.hu\/wp-content\/uploads\/2020\/07\/punkt-az-arcfelismero-rendszer-alkototarskent-vett-reszt-a-folyamatban-interju-biro-daviddal-03-scaled.jpg?fit=890%2C1187&amp;ssl=1\" class=\"lazyload\" alt=\"Bir\u00f3 D\u00e1vid: Do you accept cookies? \" srcset=\"https:\/\/i2.wp.com\/punkt.hu\/wp-content\/uploads\/2020\/07\/punkt-az-arcfelismero-rendszer-alkototarskent-vett-reszt-a-folyamatban-interju-biro-daviddal-03-scaled.jpg?w=1920&amp;ssl=1 1920w, https:\/\/i2.wp.com\/punkt.hu\/wp-content\/uploads\/2020\/07\/punkt-az-arcfelismero-rendszer-alkototarskent-vett-reszt-a-folyamatban-interju-biro-daviddal-03-scaled.jpg?resize=225%2C300&amp;ssl=1 225w, https:\/\/i2.wp.com\/punkt.hu\/wp-content\/uploads\/2020\/07\/punkt-az-arcfelismero-rendszer-alkototarskent-vett-reszt-a-folyamatban-interju-biro-daviddal-03-scaled.jpg?resize=768%2C1024&amp;ssl=1 768w, https:\/\/i2.wp.com\/punkt.hu\/wp-content\/uploads\/2020\/07\/punkt-az-arcfelismero-rendszer-alkototarskent-vett-reszt-a-folyamatban-interju-biro-daviddal-03-scaled.jpg?resize=1152%2C1536&amp;ssl=1 1152w, https:\/\/i2.wp.com\/punkt.hu\/wp-content\/uploads\/2020\/07\/punkt-az-arcfelismero-rendszer-alkototarskent-vett-reszt-a-folyamatban-interju-biro-daviddal-03-scaled.jpg?resize=1536%2C2048&amp;ssl=1 1536w, https:\/\/i2.wp.com\/punkt.hu\/wp-content\/uploads\/2020\/07\/punkt-az-arcfelismero-rendszer-alkototarskent-vett-reszt-a-folyamatban-interju-biro-daviddal-03-scaled.jpg?resize=890%2C1187&amp;ssl=1 890w, https:\/\/i2.wp.com\/punkt.hu\/wp-content\/uploads\/2020\/07\/punkt-az-arcfelismero-rendszer-alkototarskent-vett-reszt-a-folyamatban-interju-biro-daviddal-03-scaled.jpg?resize=690%2C920&amp;ssl=1 690w, https:\/\/i2.wp.com\/punkt.hu\/wp-content\/uploads\/2020\/07\/punkt-az-arcfelismero-rendszer-alkototarskent-vett-reszt-a-folyamatban-interju-biro-daviddal-03-scaled.jpg?resize=445%2C593&amp;ssl=1 445w, https:\/\/i2.wp.com\/punkt.hu\/wp-content\/uploads\/2020\/07\/punkt-az-arcfelismero-rendszer-alkototarskent-vett-reszt-a-folyamatban-interju-biro-daviddal-03-scaled.jpg?resize=930%2C1240&amp;ssl=1 930w, https:\/\/i2.wp.com\/punkt.hu\/wp-content\/uploads\/2020\/07\/punkt-az-arcfelismero-rendszer-alkototarskent-vett-reszt-a-folyamatban-interju-biro-daviddal-03-scaled.jpg?resize=263%2C350&amp;ssl=1 263w, https:\/\/i2.wp.com\/punkt.hu\/wp-content\/uploads\/2020\/07\/punkt-az-arcfelismero-rendszer-alkototarskent-vett-reszt-a-folyamatban-interju-biro-daviddal-03-scaled.jpg?w=1800&amp;ssl=1 1800w\" sizes=\"(max-width: 890px) 100vw, 890px\" \/>\t\t\t<\/a>\n\n\t\t<\/div>\n\n\t\t\t\t\t<div class=\"image-with-caption-container-caption\">\n\t\t\t\t<div class=\"image-with-caption-container-caption-center-fix\">\n\t\t\t\t\t\t\t\t\t\t<p class=\"image-with-caption-container-caption-text\">Bir\u00f3 D\u00e1vid: Do you accept cookies? <\/p>\n\t\t\t\t<\/div>\n\t\t\t<\/div>\n\t\t\n\t<\/div>\n\n<\/div><\/div><\/div><\/div><div id=\"pgc-10987-3-1\"  class=\"panel-grid-cell\" ><div id=\"panel-10987-3-1-0\" class=\"so-panel widget widget_interview panel-first-child panel-last-child\" data-index=\"7\" ><div class=\"panel-widget-style panel-widget-style-for-10987-3-1-0\" ><div class=\"so-widget-interview so-widget-interview-default-d75171398898-10987\"><div class=\"interview\">\n\t<div class=\"row\">\n\t\t\t\t<div class=\"col-12\">\n\t\t\t<div class=\"interview-item\">\n\t\t\t\t<strong class=\"interview-item-monogram\">\n\t\t\t\t\tE.B.\t\t\t\t<\/strong>\n\t\t\t\t<div class=\"interview-item-text\">\n\t\t\t\t\t<p><strong>Your exhibition doesn\u2019t simply have pictures on the walls, but presents them in an installation. How did you come up with the exhibition design?<\/strong><\/p>\n\t\t\t\t<\/div>\n\t\t\t<\/div>\n\t\t<\/div>\n\t\t\t\t<div class=\"col-12\">\n\t\t\t<div class=\"interview-item\">\n\t\t\t\t<strong class=\"interview-item-monogram\">\n\t\t\t\t\tD.B.\t\t\t\t<\/strong>\n\t\t\t\t<div class=\"interview-item-text\">\n\t\t\t\t\t<p>The exhibition draws, on multiple levels, on digital visuals and the visual references of the algorithms. One of the most important elements is the group of Haar-like features that are painted on the walls; they are the building blocks of images that allow algorithms to identify objects or faces in photos. By learning about them I came to understand how face detection systems work, and how they can be tricked. So the pictures at this exhibition straddle the line between what humans and what machines still perceive as a human face.<\/p>\n<p>When the photos were made I kept checking my camera and my phone to see when they recognized a face in the composition that was being arranged. It was a curious experiment because I had always constructed the images for my series in accordance with some plan, while in this case I had a face recognition system as a creative partner: a composition was complete when it okayed it.<\/p>\n\t\t\t\t<\/div>\n\t\t\t<\/div>\n\t\t<\/div>\n\t\t\t\t<div class=\"col-12\">\n\t\t\t<div class=\"interview-item\">\n\t\t\t\t<strong class=\"interview-item-monogram\">\n\t\t\t\t\tE.B.\t\t\t\t<\/strong>\n\t\t\t\t<div class=\"interview-item-text\">\n\t\t\t\t\t<p><strong>What was it like not being able to keep everything under control? What did you find the most interesting in the process?<\/strong><\/p>\n\t\t\t\t<\/div>\n\t\t\t<\/div>\n\t\t<\/div>\n\t\t\t\t<div class=\"col-12\">\n\t\t\t<div class=\"interview-item\">\n\t\t\t\t<strong class=\"interview-item-monogram\">\n\t\t\t\t\tD.B.\t\t\t\t<\/strong>\n\t\t\t\t<div class=\"interview-item-text\">\n\t\t\t\t\t<p>It\u2019s irritating. Sometimes it was fairly easy to build a composition that could be detected, at other times it was particularly difficult. I needed to make an effort to think and construct in accordance with the logic of an algorithm. Of course, there were a few principles I had laid down, such as making sure an image should have an experimental feel, a look of being a stage of a work in progress, which underlined how the image was made\u2014but what it would all turn out like would emerge during the shoot.<\/p>\n<p>I kept introducing new methods to test the system, and there were scraps of paper in all shapes and sizes on the floor of the studio, which I added to or took away from the image on a trial-and-error basis. This resulted in a large number of trials, but I often wasn\u2019t satisfied with the result visually. In any case, it\u2019s safe to say I still don\u2019t fully understand what the algorithm is searching for, so there\u2019s still room for testing.<\/p>\n\t\t\t\t<\/div>\n\t\t\t<\/div>\n\t\t<\/div>\n\t\t\t<\/div>\n<\/div>\n<\/div><\/div><\/div><\/div><\/div><div id=\"pg-10987-4\"  class=\"panel-grid panel-has-style\" ><div class=\"siteorigin-panels-stretch panel-row-style panel-row-style-for-10987-4\" data-stretch-type=\"full-stretched\" ><div id=\"pgc-10987-4-0\"  class=\"panel-grid-cell\" ><div id=\"panel-10987-4-0-0\" class=\"so-panel widget widget_image-with-caption panel-first-child panel-last-child\" data-index=\"8\" ><div class=\"panel-widget-style panel-widget-style-for-10987-4-0-0\" ><div class=\"so-widget-image-with-caption so-widget-image-with-caption-default-d75171398898-10987\">\n\n\t\n\t<div class=\"image-with-caption caption-alignment-bottom-left\">\n\n\t\t\n\t\t<div class=\"image-with-caption-container-image\">\n\n\t\t\t\n\t\t\t<a href=\"https:\/\/i0.wp.com\/punkt.hu\/wp-content\/uploads\/2020\/07\/punkt-az-arcfelismero-rendszer-alkototarskent-vett-reszt-a-folyamatban-interju-biro-daviddal-07.jpg?fit=2560%2C1707&ssl=1\" class=\"chocolat-image\" title=\"Do you accept cookies? Exhibition view. Photo: D\u00e1vid Bir\u00f3\">\n\t\t\t\t\t\t\t\t\t<img src=\"https:\/\/i0.wp.com\/punkt.hu\/wp-content\/uploads\/2020\/07\/punkt-az-arcfelismero-rendszer-alkototarskent-vett-reszt-a-folyamatban-interju-biro-daviddal-07.jpg?fit=1920%2C1280&ssl=1\" class=\"lazyload\" alt=\"Do you accept cookies? Exhibition view. Photo: D\u00e1vid Bir\u00f3\">\n\t\t\t\t\t\t\t\t<\/a>\n\n\t\t<\/div>\n\n\t\t\t\t\t<div class=\"image-with-caption-container-caption\">\n\t\t\t\t<div class=\"image-with-caption-container-caption-center-fix\">\n\t\t\t\t\t\t\t\t\t\t\t<p class=\"image-with-caption-container-caption-numbers\">01<span class=\"number-separator\"><\/span>03<\/p>\n\t\t\t\t\t\t\t\t\t\t<p class=\"image-with-caption-container-caption-text\">Do you accept cookies? Exhibition view. Photo: D\u00e1vid Bir\u00f3<\/p>\n\t\t\t\t<\/div>\n\t\t\t<\/div>\n\t\t\n\t<\/div>\n\n<\/div><\/div><\/div><\/div><\/div><\/div><div id=\"pg-10987-5\"  class=\"panel-grid panel-no-style\" ><div id=\"pgc-10987-5-0\"  class=\"panel-grid-cell\" ><div id=\"panel-10987-5-0-0\" class=\"so-panel widget widget_quote panel-first-child panel-last-child\" data-index=\"9\" ><div class=\"panel-widget-style panel-widget-style-for-10987-5-0-0\" ><div class=\"so-widget-quote so-widget-quote-default-d75171398898-10987\"><div class=\"quote\">\n\t<blockquote class=\"quote-text h2\">I needed to make an effort to think and construct in accordance with the logic of an algorithm. <\/blockquote>\n<\/div>\n<\/div><\/div><\/div><\/div><\/div><div id=\"pg-10987-6\"  class=\"panel-grid panel-no-style\" ><div id=\"pgc-10987-6-0\"  class=\"panel-grid-cell\" ><div id=\"panel-10987-6-0-0\" class=\"so-panel widget widget_image-with-caption panel-first-child\" data-index=\"10\" ><div class=\"panel-widget-style panel-widget-style-for-10987-6-0-0\" ><div class=\"so-widget-image-with-caption so-widget-image-with-caption-default-d75171398898-10987\">\n\n\t\n\t<div class=\"image-with-caption caption-alignment-around\">\n\n\t\t\t\t\t<p class=\"image-with-caption-container-caption-numbers\">01<span class=\"number-separator\"><\/span>03<\/p>\n\t\t\n\t\t<div class=\"image-with-caption-container-image\">\n\n\t\t\t\n\t\t\t<a href=\"https:\/\/i1.wp.com\/punkt.hu\/wp-content\/uploads\/2020\/07\/punkt-az-arcfelismero-rendszer-alkototarskent-vett-reszt-a-folyamatban-interju-biro-daviddal-10-scaled.jpg?fit=1920%2C2560&ssl=1\" class=\"chocolat-image\" title=\"Bir\u00f3 D\u00e1vid: Do you accept cookies?\">\n\t\t\t\t<img width=\"890\" height=\"1187\" src=\"https:\/\/i1.wp.com\/punkt.hu\/wp-content\/uploads\/2020\/07\/punkt-az-arcfelismero-rendszer-alkototarskent-vett-reszt-a-folyamatban-interju-biro-daviddal-10-scaled.jpg?fit=890%2C1187&amp;ssl=1\" class=\"lazyload\" alt=\"Bir\u00f3 D\u00e1vid: Do you accept cookies?\" srcset=\"https:\/\/i1.wp.com\/punkt.hu\/wp-content\/uploads\/2020\/07\/punkt-az-arcfelismero-rendszer-alkototarskent-vett-reszt-a-folyamatban-interju-biro-daviddal-10-scaled.jpg?w=1920&amp;ssl=1 1920w, https:\/\/i1.wp.com\/punkt.hu\/wp-content\/uploads\/2020\/07\/punkt-az-arcfelismero-rendszer-alkototarskent-vett-reszt-a-folyamatban-interju-biro-daviddal-10-scaled.jpg?resize=225%2C300&amp;ssl=1 225w, https:\/\/i1.wp.com\/punkt.hu\/wp-content\/uploads\/2020\/07\/punkt-az-arcfelismero-rendszer-alkototarskent-vett-reszt-a-folyamatban-interju-biro-daviddal-10-scaled.jpg?resize=768%2C1024&amp;ssl=1 768w, https:\/\/i1.wp.com\/punkt.hu\/wp-content\/uploads\/2020\/07\/punkt-az-arcfelismero-rendszer-alkototarskent-vett-reszt-a-folyamatban-interju-biro-daviddal-10-scaled.jpg?resize=1152%2C1536&amp;ssl=1 1152w, https:\/\/i1.wp.com\/punkt.hu\/wp-content\/uploads\/2020\/07\/punkt-az-arcfelismero-rendszer-alkototarskent-vett-reszt-a-folyamatban-interju-biro-daviddal-10-scaled.jpg?resize=1536%2C2048&amp;ssl=1 1536w, https:\/\/i1.wp.com\/punkt.hu\/wp-content\/uploads\/2020\/07\/punkt-az-arcfelismero-rendszer-alkototarskent-vett-reszt-a-folyamatban-interju-biro-daviddal-10-scaled.jpg?resize=890%2C1187&amp;ssl=1 890w, https:\/\/i1.wp.com\/punkt.hu\/wp-content\/uploads\/2020\/07\/punkt-az-arcfelismero-rendszer-alkototarskent-vett-reszt-a-folyamatban-interju-biro-daviddal-10-scaled.jpg?resize=690%2C920&amp;ssl=1 690w, https:\/\/i1.wp.com\/punkt.hu\/wp-content\/uploads\/2020\/07\/punkt-az-arcfelismero-rendszer-alkototarskent-vett-reszt-a-folyamatban-interju-biro-daviddal-10-scaled.jpg?resize=445%2C593&amp;ssl=1 445w, https:\/\/i1.wp.com\/punkt.hu\/wp-content\/uploads\/2020\/07\/punkt-az-arcfelismero-rendszer-alkototarskent-vett-reszt-a-folyamatban-interju-biro-daviddal-10-scaled.jpg?resize=930%2C1240&amp;ssl=1 930w, https:\/\/i1.wp.com\/punkt.hu\/wp-content\/uploads\/2020\/07\/punkt-az-arcfelismero-rendszer-alkototarskent-vett-reszt-a-folyamatban-interju-biro-daviddal-10-scaled.jpg?resize=263%2C350&amp;ssl=1 263w, https:\/\/i1.wp.com\/punkt.hu\/wp-content\/uploads\/2020\/07\/punkt-az-arcfelismero-rendszer-alkototarskent-vett-reszt-a-folyamatban-interju-biro-daviddal-10-scaled.jpg?w=1800&amp;ssl=1 1800w\" sizes=\"(max-width: 890px) 100vw, 890px\" \/>\t\t\t<\/a>\n\n\t\t<\/div>\n\n\t\t\t\t\t<div class=\"image-with-caption-container-caption\">\n\t\t\t\t<div class=\"image-with-caption-container-caption-center-fix\">\n\t\t\t\t\t\t\t\t\t\t<p class=\"image-with-caption-container-caption-text\">Bir\u00f3 D\u00e1vid: Do you accept cookies?<\/p>\n\t\t\t\t<\/div>\n\t\t\t<\/div>\n\t\t\n\t<\/div>\n\n<\/div><\/div><\/div><div id=\"panel-10987-6-0-1\" class=\"so-panel widget widget_image-with-caption panel-last-child\" data-index=\"11\" ><div class=\"panel-widget-style panel-widget-style-for-10987-6-0-1\" ><div class=\"so-widget-image-with-caption so-widget-image-with-caption-default-d75171398898-10987\">\n\n\t\n\t<div class=\"image-with-caption caption-alignment-around\">\n\n\t\t\t\t\t<p class=\"image-with-caption-container-caption-numbers\">01<span class=\"number-separator\"><\/span>03<\/p>\n\t\t\n\t\t<div class=\"image-with-caption-container-image\">\n\n\t\t\t\n\t\t\t<a href=\"https:\/\/i2.wp.com\/punkt.hu\/wp-content\/uploads\/2020\/07\/punkt-az-arcfelismero-rendszer-alkototarskent-vett-reszt-a-folyamatban-interju-biro-daviddal-09-scaled.jpg?fit=1706%2C2560&ssl=1\" class=\"chocolat-image\" title=\"Bir\u00f3 D\u00e1vid: Do you accept cookies?\">\n\t\t\t\t<img width=\"890\" height=\"1335\" src=\"https:\/\/i2.wp.com\/punkt.hu\/wp-content\/uploads\/2020\/07\/punkt-az-arcfelismero-rendszer-alkototarskent-vett-reszt-a-folyamatban-interju-biro-daviddal-09-scaled.jpg?fit=890%2C1335&amp;ssl=1\" class=\"lazyload\" alt=\"Bir\u00f3 D\u00e1vid: Do you accept cookies?\" srcset=\"https:\/\/i2.wp.com\/punkt.hu\/wp-content\/uploads\/2020\/07\/punkt-az-arcfelismero-rendszer-alkototarskent-vett-reszt-a-folyamatban-interju-biro-daviddal-09-scaled.jpg?w=1706&amp;ssl=1 1706w, https:\/\/i2.wp.com\/punkt.hu\/wp-content\/uploads\/2020\/07\/punkt-az-arcfelismero-rendszer-alkototarskent-vett-reszt-a-folyamatban-interju-biro-daviddal-09-scaled.jpg?resize=200%2C300&amp;ssl=1 200w, https:\/\/i2.wp.com\/punkt.hu\/wp-content\/uploads\/2020\/07\/punkt-az-arcfelismero-rendszer-alkototarskent-vett-reszt-a-folyamatban-interju-biro-daviddal-09-scaled.jpg?resize=683%2C1024&amp;ssl=1 683w, https:\/\/i2.wp.com\/punkt.hu\/wp-content\/uploads\/2020\/07\/punkt-az-arcfelismero-rendszer-alkototarskent-vett-reszt-a-folyamatban-interju-biro-daviddal-09-scaled.jpg?resize=768%2C1152&amp;ssl=1 768w, https:\/\/i2.wp.com\/punkt.hu\/wp-content\/uploads\/2020\/07\/punkt-az-arcfelismero-rendszer-alkototarskent-vett-reszt-a-folyamatban-interju-biro-daviddal-09-scaled.jpg?resize=1024%2C1536&amp;ssl=1 1024w, https:\/\/i2.wp.com\/punkt.hu\/wp-content\/uploads\/2020\/07\/punkt-az-arcfelismero-rendszer-alkototarskent-vett-reszt-a-folyamatban-interju-biro-daviddal-09-scaled.jpg?resize=1365%2C2048&amp;ssl=1 1365w, https:\/\/i2.wp.com\/punkt.hu\/wp-content\/uploads\/2020\/07\/punkt-az-arcfelismero-rendszer-alkototarskent-vett-reszt-a-folyamatban-interju-biro-daviddal-09-scaled.jpg?resize=1920%2C2881&amp;ssl=1 1920w, https:\/\/i2.wp.com\/punkt.hu\/wp-content\/uploads\/2020\/07\/punkt-az-arcfelismero-rendszer-alkototarskent-vett-reszt-a-folyamatban-interju-biro-daviddal-09-scaled.jpg?resize=890%2C1335&amp;ssl=1 890w, https:\/\/i2.wp.com\/punkt.hu\/wp-content\/uploads\/2020\/07\/punkt-az-arcfelismero-rendszer-alkototarskent-vett-reszt-a-folyamatban-interju-biro-daviddal-09-scaled.jpg?resize=690%2C1035&amp;ssl=1 690w, https:\/\/i2.wp.com\/punkt.hu\/wp-content\/uploads\/2020\/07\/punkt-az-arcfelismero-rendszer-alkototarskent-vett-reszt-a-folyamatban-interju-biro-daviddal-09-scaled.jpg?resize=445%2C668&amp;ssl=1 445w, https:\/\/i2.wp.com\/punkt.hu\/wp-content\/uploads\/2020\/07\/punkt-az-arcfelismero-rendszer-alkototarskent-vett-reszt-a-folyamatban-interju-biro-daviddal-09-scaled.jpg?resize=930%2C1395&amp;ssl=1 930w, https:\/\/i2.wp.com\/punkt.hu\/wp-content\/uploads\/2020\/07\/punkt-az-arcfelismero-rendszer-alkototarskent-vett-reszt-a-folyamatban-interju-biro-daviddal-09-scaled.jpg?resize=233%2C350&amp;ssl=1 233w\" sizes=\"(max-width: 890px) 100vw, 890px\" \/>\t\t\t<\/a>\n\n\t\t<\/div>\n\n\t\t\t\t\t<div class=\"image-with-caption-container-caption\">\n\t\t\t\t<div class=\"image-with-caption-container-caption-center-fix\">\n\t\t\t\t\t\t\t\t\t\t<p class=\"image-with-caption-container-caption-text\">Bir\u00f3 D\u00e1vid: Do you accept cookies?<\/p>\n\t\t\t\t<\/div>\n\t\t\t<\/div>\n\t\t\n\t<\/div>\n\n<\/div><\/div><\/div><\/div><div id=\"pgc-10987-6-1\"  class=\"panel-grid-cell\" ><div id=\"panel-10987-6-1-0\" class=\"so-panel widget widget_interview panel-first-child panel-last-child\" data-index=\"12\" ><div class=\"panel-widget-style panel-widget-style-for-10987-6-1-0\" ><div class=\"so-widget-interview so-widget-interview-default-d75171398898-10987\"><div class=\"interview\">\n\t<div class=\"row\">\n\t\t\t\t<div class=\"col-12\">\n\t\t\t<div class=\"interview-item\">\n\t\t\t\t<strong class=\"interview-item-monogram\">\n\t\t\t\t\tE.B.\t\t\t\t<\/strong>\n\t\t\t\t<div class=\"interview-item-text\">\n\t\t\t\t\t<p><strong>Some of the frames at the exhibition are painted green. What was your point?<\/strong><\/p>\n\t\t\t\t<\/div>\n\t\t\t<\/div>\n\t\t<\/div>\n\t\t\t\t<div class=\"col-12\">\n\t\t\t<div class=\"interview-item\">\n\t\t\t\t<strong class=\"interview-item-monogram\">\n\t\t\t\t\tD.B.\t\t\t\t<\/strong>\n\t\t\t\t<div class=\"interview-item-text\">\n\t\t\t\t\t<p>Only some of the photos are in green frames, which is to indicate the system detected a face when the picture was taken. The rest of the works have plain wooden frames, which distinguishes human perception from the digital one. In turn, some of the images focus on the work process and the parts that make a face. Strangely enough, when I reveal this during a guided tour, most people test their phones as if to get some reassurance the human capacity is still at an advantage.<\/p>\n\t\t\t\t<\/div>\n\t\t\t<\/div>\n\t\t<\/div>\n\t\t\t\t<div class=\"col-12\">\n\t\t\t<div class=\"interview-item\">\n\t\t\t\t<strong class=\"interview-item-monogram\">\n\t\t\t\t\tE.B.\t\t\t\t<\/strong>\n\t\t\t\t<div class=\"interview-item-text\">\n\t\t\t\t\t<p><strong>Front End, your previous exhibition, touched on similar subjects. As a visual artist, why do you consider it important to explore these subjects or issues?<\/strong><\/p>\n\t\t\t\t<\/div>\n\t\t\t<\/div>\n\t\t<\/div>\n\t\t\t\t<div class=\"col-12\">\n\t\t\t<div class=\"interview-item\">\n\t\t\t\t<strong class=\"interview-item-monogram\">\n\t\t\t\t\tD.B.\t\t\t\t<\/strong>\n\t\t\t\t<div class=\"interview-item-text\">\n\t\t\t\t\t<p><em>Front End <\/em>concerned itself with a far more general subject, including how digitization effects our visual perception, whereas this material concentrates on a more particular issue. Specifically and openly, this exhibition looks into political and ethical issues, and presents a critique of the tech firms.<\/p>\n<p>It is important that we consider what needs, interests and conditions instigate the rise of the different technologies. Our devices are artifacts of our time, and reveal how far we have gone in terms of economy, society and thinking. For the same reason they will be an interesting starting point for any study of trends out there.<\/p>\n\t\t\t\t<\/div>\n\t\t\t<\/div>\n\t\t<\/div>\n\t\t\t\t<div class=\"col-12\">\n\t\t\t<div class=\"interview-item\">\n\t\t\t\t<strong class=\"interview-item-monogram\">\n\t\t\t\t\tE.B.\t\t\t\t<\/strong>\n\t\t\t\t<div class=\"interview-item-text\">\n\t\t\t\t\t<p><strong>What are your plans for the future? Where can we see your works after September?<\/strong><\/p>\n\t\t\t\t<\/div>\n\t\t\t<\/div>\n\t\t<\/div>\n\t\t\t\t<div class=\"col-12\">\n\t\t\t<div class=\"interview-item\">\n\t\t\t\t<strong class=\"interview-item-monogram\">\n\t\t\t\t\tD.B.\t\t\t\t<\/strong>\n\t\t\t\t<div class=\"interview-item-text\">\n\t\t\t\t\t<p>Unfortunately the pandemic makes planning difficult in most cases. But I do want to go on with this series, enter it into a competition and see what it\u2019s worth, because it has a great many aspects that are worth digging into.<\/p>\n\t\t\t\t<\/div>\n\t\t\t<\/div>\n\t\t<\/div>\n\t\t\t<\/div>\n<\/div>\n<\/div><\/div><\/div><\/div><\/div><\/div>","protected":false},"excerpt":{"rendered":"<p>\u201cI had a face recognition system as a creative partner\u201d \u2013 An interview with D\u00e1vid Bir\u00f3, who has a solo exhibition at Trap\u00e9z Gallery, opened in early June. The exhibition explores the technological environment in which the tech giants, among others, openly collect the personal data of their users.<\/p>\n","protected":false},"author":6,"featured_media":9672,"comment_status":"closed","ping_status":"closed","sticky":false,"template":"","format":"standard","meta":{"_monsterinsights_skip_tracking":false,"_monsterinsights_sitenote_active":false,"_monsterinsights_sitenote_note":"","_monsterinsights_sitenote_category":0,"spay_email":""},"categories":[12],"tags":[549,550],"acf":[],"yoast_head":"<!-- This site is optimized with the Yoast SEO plugin v17.6 - https:\/\/yoast.com\/wordpress\/plugins\/seo\/ -->\n<title>\u201cI had a face recognition system as a creative partner\u201d \u2013 An interview with D\u00e1vid Bir\u00f3 - PUNKT<\/title>\n<meta name=\"description\" content=\"\u201cI had a face recognition system as a creative partner\u201d \u2013 An interview with D\u00e1vid Bir\u00f3, who has a solo exhibition at Trap\u00e9z Gallery, opened in early June. The exhibition explores the technological environment in which the tech giants, among others, openly collect the personal data of their users.\" \/>\n<meta name=\"robots\" content=\"index, follow, max-snippet:-1, max-image-preview:large, max-video-preview:-1\" \/>\n<link rel=\"canonical\" href=\"https:\/\/punkt.hu\/en\/2020\/07\/31\/i-had-a-face-recognition-system-as-a-creative-partner-an-interview-with-david-biro\/\" \/>\n<meta property=\"og:locale\" content=\"en_US\" \/>\n<meta property=\"og:type\" content=\"article\" \/>\n<meta property=\"og:title\" content=\"\u201cI had a face recognition system as a creative partner\u201d \u2013 An interview with D\u00e1vid Bir\u00f3 - PUNKT\" \/>\n<meta property=\"og:description\" content=\"\u201cI had a face recognition system as a creative partner\u201d \u2013 An interview with D\u00e1vid Bir\u00f3, who has a solo exhibition at Trap\u00e9z Gallery, opened in early June. The exhibition explores the technological environment in which the tech giants, among others, openly collect the personal data of their users.\" \/>\n<meta property=\"og:url\" content=\"https:\/\/punkt.hu\/en\/2020\/07\/31\/i-had-a-face-recognition-system-as-a-creative-partner-an-interview-with-david-biro\/\" \/>\n<meta property=\"og:site_name\" content=\"PUNKT\" \/>\n<meta property=\"article:published_time\" content=\"2020-07-31T00:49:32+00:00\" \/>\n<meta property=\"article:modified_time\" content=\"2020-07-31T19:09:55+00:00\" \/>\n<meta property=\"og:image\" content=\"https:\/\/punkt.hu\/wp-content\/uploads\/2020\/06\/punkt-ujra-pulzal-a-kortars-foto-sorban-nyilnak-a-galeriak-04-683x1024.jpg\" \/>\n\t<meta property=\"og:image:width\" content=\"683\" \/>\n\t<meta property=\"og:image:height\" content=\"1024\" \/>\n<meta name=\"twitter:card\" content=\"summary_large_image\" \/>\n<meta name=\"twitter:label1\" content=\"Written by\" \/>\n\t<meta name=\"twitter:data1\" content=\"Kassai L\u00e1szl\u00f3\" \/>\n\t<meta name=\"twitter:label2\" content=\"Est. reading time\" \/>\n\t<meta name=\"twitter:data2\" content=\"1 minute\" \/>\n<script type=\"application\/ld+json\" class=\"yoast-schema-graph\">{\"@context\":\"https:\/\/schema.org\",\"@graph\":[{\"@type\":\"Organization\",\"@id\":\"https:\/\/punkt.hu\/#organization\",\"name\":\"PUNKT\",\"url\":\"https:\/\/punkt.hu\/\",\"sameAs\":[\"https:\/\/www.instagram.com\/punkt.hu\/\"],\"logo\":{\"@type\":\"ImageObject\",\"@id\":\"https:\/\/punkt.hu\/#logo\",\"inLanguage\":\"en-US\",\"url\":\"https:\/\/i2.wp.com\/punkt.hu\/wp-content\/uploads\/2019\/05\/punkt-rolunk-01.png?fit=729%2C529&ssl=1\",\"contentUrl\":\"https:\/\/i2.wp.com\/punkt.hu\/wp-content\/uploads\/2019\/05\/punkt-rolunk-01.png?fit=729%2C529&ssl=1\",\"width\":729,\"height\":529,\"caption\":\"PUNKT\"},\"image\":{\"@id\":\"https:\/\/punkt.hu\/#logo\"}},{\"@type\":\"WebSite\",\"@id\":\"https:\/\/punkt.hu\/#website\",\"url\":\"https:\/\/punkt.hu\/\",\"name\":\"PUNKT\",\"description\":\"PUNKT\",\"publisher\":{\"@id\":\"https:\/\/punkt.hu\/#organization\"},\"potentialAction\":[{\"@type\":\"SearchAction\",\"target\":{\"@type\":\"EntryPoint\",\"urlTemplate\":\"https:\/\/punkt.hu\/?s={search_term_string}\"},\"query-input\":\"required name=search_term_string\"}],\"inLanguage\":\"en-US\"},{\"@type\":\"ImageObject\",\"@id\":\"https:\/\/punkt.hu\/en\/2020\/07\/31\/i-had-a-face-recognition-system-as-a-creative-partner-an-interview-with-david-biro\/#primaryimage\",\"inLanguage\":\"en-US\",\"url\":\"https:\/\/i1.wp.com\/punkt.hu\/wp-content\/uploads\/2020\/06\/punkt-ujra-pulzal-a-kortars-foto-sorban-nyilnak-a-galeriak-04.jpg?fit=1707%2C2560&ssl=1\",\"contentUrl\":\"https:\/\/i1.wp.com\/punkt.hu\/wp-content\/uploads\/2020\/06\/punkt-ujra-pulzal-a-kortars-foto-sorban-nyilnak-a-galeriak-04.jpg?fit=1707%2C2560&ssl=1\",\"width\":1707,\"height\":2560,\"caption\":\"Bir\\u00f3 D\\u00e1vid: Do you accept cookies?\"},{\"@type\":\"WebPage\",\"@id\":\"https:\/\/punkt.hu\/en\/2020\/07\/31\/i-had-a-face-recognition-system-as-a-creative-partner-an-interview-with-david-biro\/#webpage\",\"url\":\"https:\/\/punkt.hu\/en\/2020\/07\/31\/i-had-a-face-recognition-system-as-a-creative-partner-an-interview-with-david-biro\/\",\"name\":\"\\u201cI had a face recognition system as a creative partner\\u201d \\u2013 An interview with D\\u00e1vid Bir\\u00f3 - PUNKT\",\"isPartOf\":{\"@id\":\"https:\/\/punkt.hu\/#website\"},\"primaryImageOfPage\":{\"@id\":\"https:\/\/punkt.hu\/en\/2020\/07\/31\/i-had-a-face-recognition-system-as-a-creative-partner-an-interview-with-david-biro\/#primaryimage\"},\"datePublished\":\"2020-07-31T00:49:32+00:00\",\"dateModified\":\"2020-07-31T19:09:55+00:00\",\"description\":\"\\u201cI had a face recognition system as a creative partner\\u201d \\u2013 An interview with D\\u00e1vid Bir\\u00f3, who has a solo exhibition at Trap\\u00e9z Gallery, opened in early June. The exhibition explores the technological environment in which the tech giants, among others, openly collect the personal data of their users.\",\"breadcrumb\":{\"@id\":\"https:\/\/punkt.hu\/en\/2020\/07\/31\/i-had-a-face-recognition-system-as-a-creative-partner-an-interview-with-david-biro\/#breadcrumb\"},\"inLanguage\":\"en-US\",\"potentialAction\":[{\"@type\":\"ReadAction\",\"target\":[\"https:\/\/punkt.hu\/en\/2020\/07\/31\/i-had-a-face-recognition-system-as-a-creative-partner-an-interview-with-david-biro\/\"]}]},{\"@type\":\"BreadcrumbList\",\"@id\":\"https:\/\/punkt.hu\/en\/2020\/07\/31\/i-had-a-face-recognition-system-as-a-creative-partner-an-interview-with-david-biro\/#breadcrumb\",\"itemListElement\":[{\"@type\":\"ListItem\",\"position\":1,\"name\":\"Home\",\"item\":\"https:\/\/punkt.hu\/en\/\"},{\"@type\":\"ListItem\",\"position\":2,\"name\":\"\\u201cI had a face recognition system as a creative partner\\u201d \\u2013 An interview with D\\u00e1vid Bir\\u00f3\"}]},{\"@type\":\"Article\",\"@id\":\"https:\/\/punkt.hu\/en\/2020\/07\/31\/i-had-a-face-recognition-system-as-a-creative-partner-an-interview-with-david-biro\/#article\",\"isPartOf\":{\"@id\":\"https:\/\/punkt.hu\/en\/2020\/07\/31\/i-had-a-face-recognition-system-as-a-creative-partner-an-interview-with-david-biro\/#webpage\"},\"author\":{\"@id\":\"https:\/\/punkt.hu\/#\/schema\/person\/b8c32ebc042ed27b9e4f07dce594ba20\"},\"headline\":\"\\u201cI had a face recognition system as a creative partner\\u201d \\u2013 An interview with D\\u00e1vid Bir\\u00f3\",\"datePublished\":\"2020-07-31T00:49:32+00:00\",\"dateModified\":\"2020-07-31T19:09:55+00:00\",\"mainEntityOfPage\":{\"@id\":\"https:\/\/punkt.hu\/en\/2020\/07\/31\/i-had-a-face-recognition-system-as-a-creative-partner-an-interview-with-david-biro\/#webpage\"},\"wordCount\":124,\"publisher\":{\"@id\":\"https:\/\/punkt.hu\/#organization\"},\"image\":{\"@id\":\"https:\/\/punkt.hu\/en\/2020\/07\/31\/i-had-a-face-recognition-system-as-a-creative-partner-an-interview-with-david-biro\/#primaryimage\"},\"thumbnailUrl\":\"https:\/\/i1.wp.com\/punkt.hu\/wp-content\/uploads\/2020\/06\/punkt-ujra-pulzal-a-kortars-foto-sorban-nyilnak-a-galeriak-04.jpg?fit=1707%2C2560&ssl=1\",\"keywords\":[\"D\\u00e1vid Bir\\u00f3\",\"trap\\u00e9z gallery\"],\"articleSection\":[\"Interview\"],\"inLanguage\":\"en-US\"},{\"@type\":\"Person\",\"@id\":\"https:\/\/punkt.hu\/#\/schema\/person\/b8c32ebc042ed27b9e4f07dce594ba20\",\"name\":\"Kassai L\\u00e1szl\\u00f3\",\"image\":{\"@type\":\"ImageObject\",\"@id\":\"https:\/\/punkt.hu\/#personlogo\",\"inLanguage\":\"en-US\",\"url\":\"https:\/\/secure.gravatar.com\/avatar\/81ad2cb278a704ddfeb4b295e3e7029d?s=96&d=mm&r=g\",\"contentUrl\":\"https:\/\/secure.gravatar.com\/avatar\/81ad2cb278a704ddfeb4b295e3e7029d?s=96&d=mm&r=g\",\"caption\":\"Kassai L\\u00e1szl\\u00f3\"}}]}<\/script>\n<!-- \/ Yoast SEO plugin. -->","yoast_head_json":{"title":"\u201cI had a face recognition system as a creative partner\u201d \u2013 An interview with D\u00e1vid Bir\u00f3 - PUNKT","description":"\u201cI had a face recognition system as a creative partner\u201d \u2013 An interview with D\u00e1vid Bir\u00f3, who has a solo exhibition at Trap\u00e9z Gallery, opened in early June. The exhibition explores the technological environment in which the tech giants, among others, openly collect the personal data of their users.","robots":{"index":"index","follow":"follow","max-snippet":"max-snippet:-1","max-image-preview":"max-image-preview:large","max-video-preview":"max-video-preview:-1"},"canonical":"https:\/\/punkt.hu\/en\/2020\/07\/31\/i-had-a-face-recognition-system-as-a-creative-partner-an-interview-with-david-biro\/","og_locale":"en_US","og_type":"article","og_title":"\u201cI had a face recognition system as a creative partner\u201d \u2013 An interview with D\u00e1vid Bir\u00f3 - PUNKT","og_description":"\u201cI had a face recognition system as a creative partner\u201d \u2013 An interview with D\u00e1vid Bir\u00f3, who has a solo exhibition at Trap\u00e9z Gallery, opened in early June. The exhibition explores the technological environment in which the tech giants, among others, openly collect the personal data of their users.","og_url":"https:\/\/punkt.hu\/en\/2020\/07\/31\/i-had-a-face-recognition-system-as-a-creative-partner-an-interview-with-david-biro\/","og_site_name":"PUNKT","article_published_time":"2020-07-31T00:49:32+00:00","article_modified_time":"2020-07-31T19:09:55+00:00","og_image":[{"width":683,"height":1024,"url":"https:\/\/punkt.hu\/wp-content\/uploads\/2020\/06\/punkt-ujra-pulzal-a-kortars-foto-sorban-nyilnak-a-galeriak-04-683x1024.jpg","type":"image\/jpeg"}],"twitter_card":"summary_large_image","twitter_misc":{"Written by":"Kassai L\u00e1szl\u00f3","Est. reading time":"1 minute"},"schema":{"@context":"https:\/\/schema.org","@graph":[{"@type":"Organization","@id":"https:\/\/punkt.hu\/#organization","name":"PUNKT","url":"https:\/\/punkt.hu\/","sameAs":["https:\/\/www.instagram.com\/punkt.hu\/"],"logo":{"@type":"ImageObject","@id":"https:\/\/punkt.hu\/#logo","inLanguage":"en-US","url":"https:\/\/i2.wp.com\/punkt.hu\/wp-content\/uploads\/2019\/05\/punkt-rolunk-01.png?fit=729%2C529&ssl=1","contentUrl":"https:\/\/i2.wp.com\/punkt.hu\/wp-content\/uploads\/2019\/05\/punkt-rolunk-01.png?fit=729%2C529&ssl=1","width":729,"height":529,"caption":"PUNKT"},"image":{"@id":"https:\/\/punkt.hu\/#logo"}},{"@type":"WebSite","@id":"https:\/\/punkt.hu\/#website","url":"https:\/\/punkt.hu\/","name":"PUNKT","description":"PUNKT","publisher":{"@id":"https:\/\/punkt.hu\/#organization"},"potentialAction":[{"@type":"SearchAction","target":{"@type":"EntryPoint","urlTemplate":"https:\/\/punkt.hu\/?s={search_term_string}"},"query-input":"required name=search_term_string"}],"inLanguage":"en-US"},{"@type":"ImageObject","@id":"https:\/\/punkt.hu\/en\/2020\/07\/31\/i-had-a-face-recognition-system-as-a-creative-partner-an-interview-with-david-biro\/#primaryimage","inLanguage":"en-US","url":"https:\/\/i1.wp.com\/punkt.hu\/wp-content\/uploads\/2020\/06\/punkt-ujra-pulzal-a-kortars-foto-sorban-nyilnak-a-galeriak-04.jpg?fit=1707%2C2560&ssl=1","contentUrl":"https:\/\/i1.wp.com\/punkt.hu\/wp-content\/uploads\/2020\/06\/punkt-ujra-pulzal-a-kortars-foto-sorban-nyilnak-a-galeriak-04.jpg?fit=1707%2C2560&ssl=1","width":1707,"height":2560,"caption":"Bir\u00f3 D\u00e1vid: Do you accept cookies?"},{"@type":"WebPage","@id":"https:\/\/punkt.hu\/en\/2020\/07\/31\/i-had-a-face-recognition-system-as-a-creative-partner-an-interview-with-david-biro\/#webpage","url":"https:\/\/punkt.hu\/en\/2020\/07\/31\/i-had-a-face-recognition-system-as-a-creative-partner-an-interview-with-david-biro\/","name":"\u201cI had a face recognition system as a creative partner\u201d \u2013 An interview with D\u00e1vid Bir\u00f3 - PUNKT","isPartOf":{"@id":"https:\/\/punkt.hu\/#website"},"primaryImageOfPage":{"@id":"https:\/\/punkt.hu\/en\/2020\/07\/31\/i-had-a-face-recognition-system-as-a-creative-partner-an-interview-with-david-biro\/#primaryimage"},"datePublished":"2020-07-31T00:49:32+00:00","dateModified":"2020-07-31T19:09:55+00:00","description":"\u201cI had a face recognition system as a creative partner\u201d \u2013 An interview with D\u00e1vid Bir\u00f3, who has a solo exhibition at Trap\u00e9z Gallery, opened in early June. The exhibition explores the technological environment in which the tech giants, among others, openly collect the personal data of their users.","breadcrumb":{"@id":"https:\/\/punkt.hu\/en\/2020\/07\/31\/i-had-a-face-recognition-system-as-a-creative-partner-an-interview-with-david-biro\/#breadcrumb"},"inLanguage":"en-US","potentialAction":[{"@type":"ReadAction","target":["https:\/\/punkt.hu\/en\/2020\/07\/31\/i-had-a-face-recognition-system-as-a-creative-partner-an-interview-with-david-biro\/"]}]},{"@type":"BreadcrumbList","@id":"https:\/\/punkt.hu\/en\/2020\/07\/31\/i-had-a-face-recognition-system-as-a-creative-partner-an-interview-with-david-biro\/#breadcrumb","itemListElement":[{"@type":"ListItem","position":1,"name":"Home","item":"https:\/\/punkt.hu\/en\/"},{"@type":"ListItem","position":2,"name":"\u201cI had a face recognition system as a creative partner\u201d \u2013 An interview with D\u00e1vid Bir\u00f3"}]},{"@type":"Article","@id":"https:\/\/punkt.hu\/en\/2020\/07\/31\/i-had-a-face-recognition-system-as-a-creative-partner-an-interview-with-david-biro\/#article","isPartOf":{"@id":"https:\/\/punkt.hu\/en\/2020\/07\/31\/i-had-a-face-recognition-system-as-a-creative-partner-an-interview-with-david-biro\/#webpage"},"author":{"@id":"https:\/\/punkt.hu\/#\/schema\/person\/b8c32ebc042ed27b9e4f07dce594ba20"},"headline":"\u201cI had a face recognition system as a creative partner\u201d \u2013 An interview with D\u00e1vid Bir\u00f3","datePublished":"2020-07-31T00:49:32+00:00","dateModified":"2020-07-31T19:09:55+00:00","mainEntityOfPage":{"@id":"https:\/\/punkt.hu\/en\/2020\/07\/31\/i-had-a-face-recognition-system-as-a-creative-partner-an-interview-with-david-biro\/#webpage"},"wordCount":124,"publisher":{"@id":"https:\/\/punkt.hu\/#organization"},"image":{"@id":"https:\/\/punkt.hu\/en\/2020\/07\/31\/i-had-a-face-recognition-system-as-a-creative-partner-an-interview-with-david-biro\/#primaryimage"},"thumbnailUrl":"https:\/\/i1.wp.com\/punkt.hu\/wp-content\/uploads\/2020\/06\/punkt-ujra-pulzal-a-kortars-foto-sorban-nyilnak-a-galeriak-04.jpg?fit=1707%2C2560&ssl=1","keywords":["D\u00e1vid Bir\u00f3","trap\u00e9z gallery"],"articleSection":["Interview"],"inLanguage":"en-US"},{"@type":"Person","@id":"https:\/\/punkt.hu\/#\/schema\/person\/b8c32ebc042ed27b9e4f07dce594ba20","name":"Kassai L\u00e1szl\u00f3","image":{"@type":"ImageObject","@id":"https:\/\/punkt.hu\/#personlogo","inLanguage":"en-US","url":"https:\/\/secure.gravatar.com\/avatar\/81ad2cb278a704ddfeb4b295e3e7029d?s=96&d=mm&r=g","contentUrl":"https:\/\/secure.gravatar.com\/avatar\/81ad2cb278a704ddfeb4b295e3e7029d?s=96&d=mm&r=g","caption":"Kassai L\u00e1szl\u00f3"}}]}},"jetpack_featured_media_url":"https:\/\/i1.wp.com\/punkt.hu\/wp-content\/uploads\/2020\/06\/punkt-ujra-pulzal-a-kortars-foto-sorban-nyilnak-a-galeriak-04.jpg?fit=1707%2C2560&ssl=1","_links":{"self":[{"href":"https:\/\/punkt.hu\/en\/wp-json\/wp\/v2\/posts\/10987"}],"collection":[{"href":"https:\/\/punkt.hu\/en\/wp-json\/wp\/v2\/posts"}],"about":[{"href":"https:\/\/punkt.hu\/en\/wp-json\/wp\/v2\/types\/post"}],"author":[{"embeddable":true,"href":"https:\/\/punkt.hu\/en\/wp-json\/wp\/v2\/users\/6"}],"replies":[{"embeddable":true,"href":"https:\/\/punkt.hu\/en\/wp-json\/wp\/v2\/comments?post=10987"}],"version-history":[{"count":5,"href":"https:\/\/punkt.hu\/en\/wp-json\/wp\/v2\/posts\/10987\/revisions"}],"predecessor-version":[{"id":10992,"href":"https:\/\/punkt.hu\/en\/wp-json\/wp\/v2\/posts\/10987\/revisions\/10992"}],"wp:featuredmedia":[{"embeddable":true,"href":"https:\/\/punkt.hu\/en\/wp-json\/wp\/v2\/media\/9672"}],"wp:attachment":[{"href":"https:\/\/punkt.hu\/en\/wp-json\/wp\/v2\/media?parent=10987"}],"wp:term":[{"taxonomy":"category","embeddable":true,"href":"https:\/\/punkt.hu\/en\/wp-json\/wp\/v2\/categories?post=10987"},{"taxonomy":"post_tag","embeddable":true,"href":"https:\/\/punkt.hu\/en\/wp-json\/wp\/v2\/tags?post=10987"}],"curies":[{"name":"wp","href":"https:\/\/api.w.org\/{rel}","templated":true}]}}