{"id":13200,"date":"2020-11-13T12:01:32","date_gmt":"2020-11-13T12:01:32","guid":{"rendered":"https:\/\/punkt.hu\/2020\/11\/13\/in-perlaki-marton-kiallitasarol\/"},"modified":"2020-11-27T13:21:17","modified_gmt":"2020-11-27T13:21:17","slug":"in-perlaki-marton-kiallitasarol","status":"publish","type":"post","link":"https:\/\/punkt.hu\/en\/2020\/11\/13\/in-perlaki-marton-kiallitasarol\/","title":{"rendered":"The Heel \u2013 On M\u00e1rton Perlaki\u2019s exhibition"},"content":{"rendered":"<div id=\"pl-13200\"  class=\"panel-layout\" ><div id=\"pg-13200-0\"  class=\"panel-grid panel-no-style\" ><div id=\"pgc-13200-0-0\"  class=\"panel-grid-cell\" ><div id=\"panel-13200-0-0-0\" class=\"so-panel widget widget_single-title panel-first-child panel-last-child\" data-index=\"0\" ><div class=\"so-widget-single-title so-widget-single-title-default-d75171398898-13200\">\n<\/div><\/div><\/div><\/div><div id=\"pg-13200-1\"  class=\"panel-grid panel-no-style\" ><div id=\"pgc-13200-1-0\"  class=\"panel-grid-cell\" ><div id=\"panel-13200-1-0-0\" class=\"so-panel widget widget_aligned-text panel-first-child panel-last-child\" data-index=\"1\" ><div class=\"so-widget-aligned-text so-widget-aligned-text-default-d75171398898-13200\">\n\t<div class=\"aligned-text-right\">\n\t\t<div class=\"text-content\">\n\t\t\t<p>There are few oeuvres in Hungary that would be so carefully crafted, so reliable in quality, as M\u00e1rton Perlaki\u2019s. Its most recent chapter is his return to home turf with an exhibition at Traf\u00f3 Gallery, a selection of works created since his last display in Hungary\u2014new developments in the artist\u2019s unwavering work.<\/p>\n<p>If <em>Bird, Bald, Book, Bubble, Bucket, Brick, Potato, <\/em>on view at Capa Centre four years ago, was mystical like the current material (once you\u2019ve seen Elem\u00e9r, you won\u2019t forget him), and directed, already with its title, the attention towards an irresolvable, association-based network of connections, complex like a crime story, it still offered more eye candy\u2014appealed more to our aesthetic sensibilities and primary \u201csense of beauty\u201d\u2014than the images of <em>Soft Corners.<\/em> Perlaki\u2019s visual world evidently draws on the practice of his <em>alter ego<\/em> of a fashion photographer; it is the <em>winning, cunning <\/em>character of his works that seduces the eye like a gateway drug. The same character also implies the possibility that the viewers of artistic series like this one may never go deeper than the outermost layer of the images: pleased with what they see, they go home with sated eyes and do not feel inclined to dig deeper for meaning.<\/p>\n\t\t<\/div>\n\t<\/div>\n<\/div><\/div><\/div><\/div><div id=\"pg-13200-2\"  class=\"panel-grid panel-no-style\" ><div id=\"pgc-13200-2-0\"  class=\"panel-grid-cell\" ><div id=\"panel-13200-2-0-0\" class=\"so-panel widget widget_image-with-caption panel-first-child panel-last-child\" data-index=\"2\" ><div class=\"so-widget-image-with-caption so-widget-image-with-caption-default-d75171398898-13200\">\n\n\t\n\t<div class=\"image-with-caption caption-alignment-right\">\n\n\t\t\n\t\t<div class=\"image-with-caption-container-image\">\n\n\t\t\t\n\t\t\t<a href=\"https:\/\/i0.wp.com\/punkt.hu\/wp-content\/uploads\/2020\/11\/punkt-in-perlaki-marton-kiallitasarol-01.jpg?fit=2560%2C1707&ssl=1\" class=\"chocolat-image\" title=\"M\u00e1rton Perlaki: Soft Corners, exhibition view. Photo: D\u00e1vid Bir\u00f3\">\n\t\t\t\t<img width=\"890\" height=\"594\" src=\"https:\/\/i0.wp.com\/punkt.hu\/wp-content\/uploads\/2020\/11\/punkt-in-perlaki-marton-kiallitasarol-01.jpg?fit=890%2C594&amp;ssl=1\" class=\"lazyload\" alt=\"M\u00e1rton Perlaki: Soft Corners, exhibition view. Photo: D\u00e1vid Bir\u00f3\" \/>\t\t\t<\/a>\n\n\t\t<\/div>\n\n\t\t\t\t\t<div class=\"image-with-caption-container-caption\">\n\t\t\t\t<div class=\"image-with-caption-container-caption-center-fix\">\n\t\t\t\t\t\t\t\t\t\t\t<p class=\"image-with-caption-container-caption-numbers\">01<span class=\"number-separator\"><\/span>03<\/p>\n\t\t\t\t\t\t\t\t\t\t<p class=\"image-with-caption-container-caption-text\">M\u00e1rton Perlaki: Soft Corners, exhibition view. Photo: D\u00e1vid Bir\u00f3<\/p>\n\t\t\t\t<\/div>\n\t\t\t<\/div>\n\t\t\n\t<\/div>\n\n<\/div><\/div><\/div><\/div><div id=\"pg-13200-3\"  class=\"panel-grid panel-no-style\" ><div id=\"pgc-13200-3-0\"  class=\"panel-grid-cell\" ><div id=\"panel-13200-3-0-0\" class=\"so-panel widget widget_image-with-caption panel-first-child panel-last-child\" data-index=\"3\" ><div class=\"so-widget-image-with-caption so-widget-image-with-caption-default-d75171398898-13200\">\n\n\t\n\t<div class=\"image-with-caption caption-alignment-right\">\n\n\t\t\n\t\t<div class=\"image-with-caption-container-image\">\n\n\t\t\t\n\t\t\t<a href=\"https:\/\/i0.wp.com\/punkt.hu\/wp-content\/uploads\/2020\/11\/punkt-in-perlaki-marton-kiallitasarol-09.jpg?fit=1921%2C2560&ssl=1\" class=\"chocolat-image\" title=\"M\u00e1rton Perlaki: The Order of Appearance II, 2019. C-type print, 130 x 172.2 cm\">\n\t\t\t\t<img width=\"890\" height=\"1186\" src=\"https:\/\/i0.wp.com\/punkt.hu\/wp-content\/uploads\/2020\/11\/punkt-in-perlaki-marton-kiallitasarol-09.jpg?fit=890%2C1186&amp;ssl=1\" class=\"lazyload\" alt=\"M\u00e1rton Perlaki: The Order of Appearance II, 2019. C-type print, 130 x 172.2 cm\" \/>\t\t\t<\/a>\n\n\t\t<\/div>\n\n\t\t\t\t\t<div class=\"image-with-caption-container-caption\">\n\t\t\t\t<div class=\"image-with-caption-container-caption-center-fix\">\n\t\t\t\t\t\t\t\t\t\t\t<p class=\"image-with-caption-container-caption-numbers\">01<span class=\"number-separator\"><\/span>03<\/p>\n\t\t\t\t\t\t\t\t\t\t<p class=\"image-with-caption-container-caption-text\">M\u00e1rton Perlaki: The Order of Appearance II, 2019. C-type print, 130 x 172.2 cm<\/p>\n\t\t\t\t<\/div>\n\t\t\t<\/div>\n\t\t\n\t<\/div>\n\n<\/div><\/div><\/div><\/div><div id=\"pg-13200-4\"  class=\"panel-grid panel-no-style\" ><div id=\"pgc-13200-4-0\"  class=\"panel-grid-cell\" ><div id=\"panel-13200-4-0-0\" class=\"so-panel widget widget_aligned-text panel-first-child panel-last-child\" data-index=\"4\" ><div class=\"so-widget-aligned-text so-widget-aligned-text-default-d75171398898-13200\">\n\t<div class=\"aligned-text-right\">\n\t\t<div class=\"text-content\">\n\t\t\t<p>The arrangement itself and the more intimate space make this exhibition at Traf\u00f3 Gallery suggest a more understated, more sensitive (softer) concept. Although we are given, again, few clues, the images, whose techniques and subjects are diverse, are made to cohere in a series by a sensuousness that does not immediately prompt us to venture into the labyrinth of associations. We have a sense that it is all right to leave our experience unexpressed, unexamined, because our thoughts and the meanings will in any case congeal in a few days.<\/p>\n\t\t<\/div>\n\t<\/div>\n<\/div><\/div><\/div><\/div><div id=\"pg-13200-5\"  class=\"panel-grid panel-no-style\" ><div id=\"pgc-13200-5-0\"  class=\"panel-grid-cell\" ><div id=\"panel-13200-5-0-0\" class=\"so-panel widget widget_image-with-caption panel-first-child panel-last-child\" data-index=\"5\" ><div class=\"so-widget-image-with-caption so-widget-image-with-caption-default-d75171398898-13200\">\n\n\t\n\t<div class=\"image-with-caption caption-alignment-right\">\n\n\t\t\n\t\t<div class=\"image-with-caption-container-image\">\n\n\t\t\t\n\t\t\t<a href=\"https:\/\/i1.wp.com\/punkt.hu\/wp-content\/uploads\/2020\/11\/punkt-in-perlaki-marton-kiallitasarol-02.jpg?fit=2560%2C1706&ssl=1\" class=\"chocolat-image\" title=\"M\u00e1rton Perlaki: Soft Corners, exhibition view. Photo: D\u00e1vid Bir\u00f3\">\n\t\t\t\t<img width=\"890\" height=\"593\" src=\"https:\/\/i1.wp.com\/punkt.hu\/wp-content\/uploads\/2020\/11\/punkt-in-perlaki-marton-kiallitasarol-02.jpg?fit=890%2C593&amp;ssl=1\" class=\"lazyload\" alt=\"M\u00e1rton Perlaki: Soft Corners, exhibition view. Photo: D\u00e1vid Bir\u00f3\" \/>\t\t\t<\/a>\n\n\t\t<\/div>\n\n\t\t\t\t\t<div class=\"image-with-caption-container-caption\">\n\t\t\t\t<div class=\"image-with-caption-container-caption-center-fix\">\n\t\t\t\t\t\t\t\t\t\t\t<p class=\"image-with-caption-container-caption-numbers\">01<span class=\"number-separator\"><\/span>03<\/p>\n\t\t\t\t\t\t\t\t\t\t<p class=\"image-with-caption-container-caption-text\">M\u00e1rton Perlaki: Soft Corners, exhibition view. Photo: D\u00e1vid Bir\u00f3<\/p>\n\t\t\t\t<\/div>\n\t\t\t<\/div>\n\t\t\n\t<\/div>\n\n<\/div><\/div><\/div><\/div><div id=\"pg-13200-6\"  class=\"panel-grid panel-no-style\" ><div id=\"pgc-13200-6-0\"  class=\"panel-grid-cell\" ><div id=\"panel-13200-6-0-0\" class=\"so-panel widget widget_image-with-caption panel-first-child panel-last-child\" data-index=\"6\" ><div class=\"so-widget-image-with-caption so-widget-image-with-caption-default-d75171398898-13200\">\n\n\t\n\t<div class=\"image-with-caption caption-alignment-right\">\n\n\t\t\n\t\t<div class=\"image-with-caption-container-image\">\n\n\t\t\t\n\t\t\t<a href=\"https:\/\/i0.wp.com\/punkt.hu\/wp-content\/uploads\/2020\/11\/punkt-in-perlaki-marton-kiallitasarol-07.jpg?fit=2135%2C2560&ssl=1\" class=\"chocolat-image\" title=\"M\u00e1rton Perlaki: Parents (blue), 2018, acrylic and charcoal pencil on paper, 131x163 cm. Photo: D\u00e1vid Bir\u00f3\">\n\t\t\t\t<img width=\"890\" height=\"1067\" src=\"https:\/\/i0.wp.com\/punkt.hu\/wp-content\/uploads\/2020\/11\/punkt-in-perlaki-marton-kiallitasarol-07.jpg?fit=890%2C1067&amp;ssl=1\" class=\"lazyload\" alt=\"M\u00e1rton Perlaki: Parents (blue), 2018, acrylic and charcoal pencil on paper, 131x163 cm. Photo: D\u00e1vid Bir\u00f3\" \/>\t\t\t<\/a>\n\n\t\t<\/div>\n\n\t\t\t\t\t<div class=\"image-with-caption-container-caption\">\n\t\t\t\t<div class=\"image-with-caption-container-caption-center-fix\">\n\t\t\t\t\t\t\t\t\t\t\t<p class=\"image-with-caption-container-caption-numbers\">01<span class=\"number-separator\"><\/span>03<\/p>\n\t\t\t\t\t\t\t\t\t\t<p class=\"image-with-caption-container-caption-text\">M\u00e1rton Perlaki: Parents (blue), 2018, acrylic and charcoal pencil on paper, 131x163 cm. Photo: D\u00e1vid Bir\u00f3<\/p>\n\t\t\t\t<\/div>\n\t\t\t<\/div>\n\t\t\n\t<\/div>\n\n<\/div><\/div><\/div><\/div><div id=\"pg-13200-7\"  class=\"panel-grid panel-no-style\" ><div id=\"pgc-13200-7-0\"  class=\"panel-grid-cell\" ><div id=\"panel-13200-7-0-0\" class=\"so-panel widget widget_image-with-caption panel-first-child panel-last-child\" data-index=\"7\" ><div class=\"so-widget-image-with-caption so-widget-image-with-caption-default-d75171398898-13200\">\n\n\t\n\t<div class=\"image-with-caption caption-alignment-right\">\n\n\t\t\n\t\t<div class=\"image-with-caption-container-image\">\n\n\t\t\t\n\t\t\t<a href=\"https:\/\/i0.wp.com\/punkt.hu\/wp-content\/uploads\/2020\/11\/punkt-in-perlaki-marton-kiallitasarol-08.jpg?fit=2135%2C2560&ssl=1\" class=\"chocolat-image\" title=\"M\u00e1rton Perlaki: Parents (black), 2020, acrylic and charcoal pencil on paper, 132x162.3 cm. Photo: D\u00e1vid Bir\u00f3\">\n\t\t\t\t<img width=\"890\" height=\"1067\" src=\"https:\/\/i0.wp.com\/punkt.hu\/wp-content\/uploads\/2020\/11\/punkt-in-perlaki-marton-kiallitasarol-08.jpg?fit=890%2C1067&amp;ssl=1\" class=\"lazyload\" alt=\"M\u00e1rton Perlaki: Parents (black), 2020, acrylic and charcoal pencil on paper, 132x162.3 cm. Photo: D\u00e1vid Bir\u00f3\" \/>\t\t\t<\/a>\n\n\t\t<\/div>\n\n\t\t\t\t\t<div class=\"image-with-caption-container-caption\">\n\t\t\t\t<div class=\"image-with-caption-container-caption-center-fix\">\n\t\t\t\t\t\t\t\t\t\t\t<p class=\"image-with-caption-container-caption-numbers\">01<span class=\"number-separator\"><\/span>03<\/p>\n\t\t\t\t\t\t\t\t\t\t<p class=\"image-with-caption-container-caption-text\">M\u00e1rton Perlaki: Parents (black), 2020, acrylic and charcoal pencil on paper, 132x162.3 cm. Photo: D\u00e1vid Bir\u00f3<\/p>\n\t\t\t\t<\/div>\n\t\t\t<\/div>\n\t\t\n\t<\/div>\n\n<\/div><\/div><\/div><\/div><div id=\"pg-13200-8\"  class=\"panel-grid panel-no-style\" ><div id=\"pgc-13200-8-0\"  class=\"panel-grid-cell\" ><div id=\"panel-13200-8-0-0\" class=\"so-panel widget widget_aligned-text panel-first-child panel-last-child\" data-index=\"8\" ><div class=\"so-widget-aligned-text so-widget-aligned-text-default-d75171398898-13200\">\n\t<div class=\"aligned-text-right\">\n\t\t<div class=\"text-content\">\n\t\t\t<p>But as I was standing in the exhibition space, I began to wonder where to position the art of Perlaki, who works abroad, in the Hungarian scene? The question occurred to me because it is safe to say, without any derogatory intention, that the artist\u2019s works are so of the day that they can work as concept art in the white cube as much as they could function on a blog, as an editorial. The dissolution of categories, or mid-cult, is a little-known (or much derided) phenomenon in Hungarian art. This passage, or transferability, between contexts provokes suspicion, not so much in me as in Hungary\u2014because of the very position of photography, which is in itself dubious, undiscussed. That is the case especially when it is obvious that the creative methods behind the works can be traced back to applied genres. What makes fine art? Where does it start, and where does it end, being art? How is it art? And how does it relate to\u2014how is it positioned vis-\u00e0-vis\u2014<em>contemporary photography,<\/em> which often admits non-art into its own space? As a creator, Perlaki inhabits several worlds, and deftly balances these alter egos, yet they implicate one other in colloquial language.<\/p>\n<p>Fortunately, the exhibition, whose curator was Borb\u00e1la Szalai, is a good example of how a material whose formal idiom is fashionable can still be profound. The visuality continues to be trendy and professional, while new themes seem to have appeared in Perlaki\u2019s art. He employs what are for him new techniques and gestures from the outer limits of photography, and beyond: he experiments with charcoal drawing and photogram, while, unexpectedly, the <em>private<\/em> is also accommodated. He illuminates, in their natural state, the <em>corners<\/em> that allow us, when we are held by them, to remain soft.<\/p>\n\t\t<\/div>\n\t<\/div>\n<\/div><\/div><\/div><\/div><div id=\"pg-13200-9\"  class=\"panel-grid panel-no-style\" ><div id=\"pgc-13200-9-0\"  class=\"panel-grid-cell\" ><div id=\"panel-13200-9-0-0\" class=\"so-panel widget widget_image-with-caption panel-first-child panel-last-child\" data-index=\"9\" ><div class=\"so-widget-image-with-caption so-widget-image-with-caption-default-d75171398898-13200\">\n\n\t\n\t<div class=\"image-with-caption caption-alignment-right\">\n\n\t\t\n\t\t<div class=\"image-with-caption-container-image\">\n\n\t\t\t\n\t\t\t<a href=\"https:\/\/i0.wp.com\/punkt.hu\/wp-content\/uploads\/2020\/11\/punkt-in-perlaki-marton-kiallitasarol-04.jpg?fit=2135%2C2560&ssl=1\" class=\"chocolat-image\" title=\"M\u00e1rton Perlaki: Left Hand (Mother), 2018, gicl\u00e9e print on fibre-based paper, 73x64.2 cm. Photo: D\u00e1vid Bir\u00f3\">\n\t\t\t\t<img width=\"890\" height=\"1067\" src=\"https:\/\/i0.wp.com\/punkt.hu\/wp-content\/uploads\/2020\/11\/punkt-in-perlaki-marton-kiallitasarol-04.jpg?fit=890%2C1067&amp;ssl=1\" class=\"lazyload\" alt=\"M\u00e1rton Perlaki: Left Hand (Mother), 2018, gicl\u00e9e print on fibre-based paper, 73x64.2 cm. Photo: D\u00e1vid Bir\u00f3\" \/>\t\t\t<\/a>\n\n\t\t<\/div>\n\n\t\t\t\t\t<div class=\"image-with-caption-container-caption\">\n\t\t\t\t<div class=\"image-with-caption-container-caption-center-fix\">\n\t\t\t\t\t\t\t\t\t\t\t<p class=\"image-with-caption-container-caption-numbers\">01<span class=\"number-separator\"><\/span>03<\/p>\n\t\t\t\t\t\t\t\t\t\t<p class=\"image-with-caption-container-caption-text\">M\u00e1rton Perlaki: Left Hand (Mother), 2018, gicl\u00e9e print on fibre-based paper, 73x64.2 cm. Photo: D\u00e1vid Bir\u00f3<\/p>\n\t\t\t\t<\/div>\n\t\t\t<\/div>\n\t\t\n\t<\/div>\n\n<\/div><\/div><\/div><\/div><div id=\"pg-13200-10\"  class=\"panel-grid panel-no-style\" ><div id=\"pgc-13200-10-0\"  class=\"panel-grid-cell\" ><div id=\"panel-13200-10-0-0\" class=\"so-panel widget widget_image-with-caption panel-first-child panel-last-child\" data-index=\"10\" ><div class=\"so-widget-image-with-caption so-widget-image-with-caption-default-d75171398898-13200\">\n\n\t\n\t<div class=\"image-with-caption caption-alignment-right\">\n\n\t\t\n\t\t<div class=\"image-with-caption-container-image\">\n\n\t\t\t\n\t\t\t<a href=\"https:\/\/i0.wp.com\/punkt.hu\/wp-content\/uploads\/2020\/11\/punkt-in-perlaki-marton-kiallitasarol-03.jpg?fit=2135%2C2560&ssl=1\" class=\"chocolat-image\" title=\"M\u00e1rton Perlaki: The Accident, 2018, gicl\u00e9e print fibre-based paper, 84.65x73 cm. Photo: D\u00e1vid Bir\u00f3\">\n\t\t\t\t<img width=\"890\" height=\"1067\" src=\"https:\/\/i0.wp.com\/punkt.hu\/wp-content\/uploads\/2020\/11\/punkt-in-perlaki-marton-kiallitasarol-03.jpg?fit=890%2C1067&amp;ssl=1\" class=\"lazyload\" alt=\"M\u00e1rton Perlaki: The Accident, 2018, gicl\u00e9e print fibre-based paper, 84.65x73 cm. Photo: D\u00e1vid Bir\u00f3\" \/>\t\t\t<\/a>\n\n\t\t<\/div>\n\n\t\t\t\t\t<div class=\"image-with-caption-container-caption\">\n\t\t\t\t<div class=\"image-with-caption-container-caption-center-fix\">\n\t\t\t\t\t\t\t\t\t\t\t<p class=\"image-with-caption-container-caption-numbers\">01<span class=\"number-separator\"><\/span>03<\/p>\n\t\t\t\t\t\t\t\t\t\t<p class=\"image-with-caption-container-caption-text\">M\u00e1rton Perlaki: The Accident, 2018, gicl\u00e9e print fibre-based paper, 84.65x73 cm. Photo: D\u00e1vid Bir\u00f3<\/p>\n\t\t\t\t<\/div>\n\t\t\t<\/div>\n\t\t\n\t<\/div>\n\n<\/div><\/div><\/div><\/div><div id=\"pg-13200-11\"  class=\"panel-grid panel-no-style\" ><div id=\"pgc-13200-11-0\"  class=\"panel-grid-cell\" ><div id=\"panel-13200-11-0-0\" class=\"so-panel widget widget_aligned-text panel-first-child panel-last-child\" data-index=\"11\" ><div class=\"so-widget-aligned-text so-widget-aligned-text-default-d75171398898-13200\">\n\t<div class=\"aligned-text-right\">\n\t\t<div class=\"text-content\">\n\t\t\t<p>Introducing a personal character; the family portraits; the rank growth; the healed wounds; the last minutes before the melting; turning into contours; the sensations of softness: these all point towards vulnerability, defencelessness\u2014and above all, towards mortality. These are, however, no memento moris to warn or scare the viewer\u2014no kitschy reminders of the end.\u00a0The artist\u2019s distinctive, unexpected situations and connections are now subdued in the individual works, and the material operates with cleaner, more concentrated symbols; the crafty dissolution of contexts takes place in the series as a whole.<\/p>\n<p>In this regard, I realized that what I was picking up was not merely the atmosphere of the gallery as I was loitering around after the opening I eventually missed\u2014it was that all the forms in the pictures \u2013 round, peaceful and floaty \u2013 stood on the verge of bursting. I had a sense of how the photos, the compositions, and the gaps of the installation, were bizarre, when aesthetically speaking everything was so attractive, peaceful and far from surprising. Because what is new in a luminogram \u00e0 la Wolfgang Tillmans, or a self-portrait with a mirror, or a bubble? What is surprising is using these and still being able to show one\u2019s own, and everyone else\u2019s, Achilles heel, the soft corner.<\/p>\n\t\t<\/div>\n\t<\/div>\n<\/div><\/div><\/div><\/div><div id=\"pg-13200-12\"  class=\"panel-grid panel-no-style\" ><div id=\"pgc-13200-12-0\"  class=\"panel-grid-cell\" ><div id=\"panel-13200-12-0-0\" class=\"so-panel widget widget_image-with-caption panel-first-child panel-last-child\" data-index=\"12\" ><div class=\"so-widget-image-with-caption so-widget-image-with-caption-default-d75171398898-13200\">\n\n\t\n\t<div class=\"image-with-caption caption-alignment-right\">\n\n\t\t\n\t\t<div class=\"image-with-caption-container-image\">\n\n\t\t\t\n\t\t\t<a href=\"https:\/\/i2.wp.com\/punkt.hu\/wp-content\/uploads\/2020\/11\/punkt-in-perlaki-marton-kiallitasarol-05.jpg?fit=2135%2C2560&ssl=1\" class=\"chocolat-image\" title=\"M\u00e1rton Perlaki: Ice Cube (blue), 2018, gicl\u00e9e print fibre-based paper, 59x64.2 cm. Photo: D\u00e1vid Bir\u00f3\">\n\t\t\t\t<img width=\"890\" height=\"1067\" src=\"https:\/\/i2.wp.com\/punkt.hu\/wp-content\/uploads\/2020\/11\/punkt-in-perlaki-marton-kiallitasarol-05.jpg?fit=890%2C1067&amp;ssl=1\" class=\"lazyload\" alt=\"M\u00e1rton Perlaki: Ice Cube (blue), 2018, gicl\u00e9e print fibre-based paper, 59x64.2 cm. Photo: D\u00e1vid Bir\u00f3\" \/>\t\t\t<\/a>\n\n\t\t<\/div>\n\n\t\t\t\t\t<div class=\"image-with-caption-container-caption\">\n\t\t\t\t<div class=\"image-with-caption-container-caption-center-fix\">\n\t\t\t\t\t\t\t\t\t\t\t<p class=\"image-with-caption-container-caption-numbers\">01<span class=\"number-separator\"><\/span>03<\/p>\n\t\t\t\t\t\t\t\t\t\t<p class=\"image-with-caption-container-caption-text\">M\u00e1rton Perlaki: Ice Cube (blue), 2018, gicl\u00e9e print fibre-based paper, 59x64.2 cm. Photo: D\u00e1vid Bir\u00f3<\/p>\n\t\t\t\t<\/div>\n\t\t\t<\/div>\n\t\t\n\t<\/div>\n\n<\/div><\/div><\/div><\/div><div id=\"pg-13200-13\"  class=\"panel-grid panel-no-style\" ><div id=\"pgc-13200-13-0\"  class=\"panel-grid-cell\" ><div id=\"panel-13200-13-0-0\" class=\"so-panel widget widget_image-with-caption panel-first-child panel-last-child\" data-index=\"13\" ><div class=\"so-widget-image-with-caption so-widget-image-with-caption-default-d75171398898-13200\">\n\n\t\n\t<div class=\"image-with-caption caption-alignment-right\">\n\n\t\t\n\t\t<div class=\"image-with-caption-container-image\">\n\n\t\t\t\n\t\t\t<a href=\"https:\/\/i0.wp.com\/punkt.hu\/wp-content\/uploads\/2020\/11\/punkt-in-perlaki-marton-kiallitasarol-06.jpg?fit=2066%2C2560&ssl=1\" class=\"chocolat-image\" title=\"M\u00e1rton Perlaki: Self-portrait (blue), 2020, chromogenic print, 58x63.2 cm. Photo: D\u00e1vid Bir\u00f3\">\n\t\t\t\t<img width=\"890\" height=\"1103\" src=\"https:\/\/i0.wp.com\/punkt.hu\/wp-content\/uploads\/2020\/11\/punkt-in-perlaki-marton-kiallitasarol-06.jpg?fit=890%2C1103&amp;ssl=1\" class=\"lazyload\" alt=\"M\u00e1rton Perlaki: Self-portrait (blue), 2020, chromogenic print, 58x63.2 cm. Photo: D\u00e1vid Bir\u00f3\" \/>\t\t\t<\/a>\n\n\t\t<\/div>\n\n\t\t\t\t\t<div class=\"image-with-caption-container-caption\">\n\t\t\t\t<div class=\"image-with-caption-container-caption-center-fix\">\n\t\t\t\t\t\t\t\t\t\t\t<p class=\"image-with-caption-container-caption-numbers\">01<span class=\"number-separator\"><\/span>03<\/p>\n\t\t\t\t\t\t\t\t\t\t<p class=\"image-with-caption-container-caption-text\">M\u00e1rton Perlaki: Self-portrait (blue), 2020, chromogenic print, 58x63.2 cm. Photo: D\u00e1vid Bir\u00f3<\/p>\n\t\t\t\t<\/div>\n\t\t\t<\/div>\n\t\t\n\t<\/div>\n\n<\/div><\/div><\/div><\/div><div id=\"pg-13200-14\"  class=\"panel-grid panel-no-style\" ><div id=\"pgc-13200-14-0\"  class=\"panel-grid-cell\" ><div id=\"panel-13200-14-0-0\" class=\"so-panel widget widget_notes panel-first-child panel-last-child\" data-index=\"14\" ><div class=\"so-widget-notes so-widget-notes-default-d75171398898-13200\">\n\t<div class=\"notes\">\n\t\t<div class=\"notes-container\">\n\t\t\t<div class=\"notes-title\">Notes<\/div>\n\t\t\t<div class=\"notes-content\">\n\t\t\t\t<p><em>According to the government decree related to the epidemic, Traf\u00f3 Gallery is closed for 30 days from 11 November 2020.<\/em><\/p>\n<p><em>Translator: \u00c1rp\u00e1d Mih\u00e1ly<\/em><\/p>\n<p>&nbsp;<\/p>\n\t\t\t<\/div>\n\t\t<\/div>\n\t<\/div>\n<\/div><\/div><\/div><\/div><\/div>","protected":false},"excerpt":{"rendered":"<p>There are few oeuvres in Hungary that would be so carefully crafted, so reliable in quality, as M\u00e1rton Perlaki\u2019s. Its most recent chapter is his return to home turf with an exhibition at Traf\u00f3 Gallery, a selection of works created since his last display in Hungary\u2014new developments in the artist\u2019s unwavering work.<\/p>\n","protected":false},"author":6,"featured_media":12876,"comment_status":"closed","ping_status":"closed","sticky":false,"template":"","format":"standard","meta":{"_monsterinsights_skip_tracking":false,"_monsterinsights_sitenote_active":false,"_monsterinsights_sitenote_note":"","_monsterinsights_sitenote_category":0,"spay_email":""},"categories":[9],"tags":[639,640],"acf":[],"yoast_head":"<!-- This site is optimized with the Yoast SEO plugin v17.6 - https:\/\/yoast.com\/wordpress\/plugins\/seo\/ -->\n<title>The Heel \u2013 On M\u00e1rton Perlaki\u2019s exhibition - PUNKT<\/title>\n<meta name=\"description\" content=\"There are few oeuvres in Hungary that would be so carefully crafted, so reliable in quality, as M\u00e1rton Perlaki\u2019s. Its most recent chapter is his return to home turf with an exhibition at Traf\u00f3 Gallery, a selection of works created since his last display in Hungary\u2014new developments in the artist\u2019s unwavering work.\" \/>\n<meta name=\"robots\" content=\"index, follow, max-snippet:-1, max-image-preview:large, max-video-preview:-1\" \/>\n<link rel=\"canonical\" href=\"https:\/\/punkt.hu\/en\/2020\/11\/13\/in-perlaki-marton-kiallitasarol\/\" \/>\n<meta property=\"og:locale\" content=\"en_US\" \/>\n<meta property=\"og:type\" content=\"article\" \/>\n<meta property=\"og:title\" content=\"The Heel \u2013 On M\u00e1rton Perlaki\u2019s exhibition - PUNKT\" \/>\n<meta property=\"og:description\" content=\"There are few oeuvres in Hungary that would be so carefully crafted, so reliable in quality, as M\u00e1rton Perlaki\u2019s. Its most recent chapter is his return to home turf with an exhibition at Traf\u00f3 Gallery, a selection of works created since his last display in Hungary\u2014new developments in the artist\u2019s unwavering work.\" \/>\n<meta property=\"og:url\" content=\"https:\/\/punkt.hu\/en\/2020\/11\/13\/in-perlaki-marton-kiallitasarol\/\" \/>\n<meta property=\"og:site_name\" content=\"PUNKT\" \/>\n<meta property=\"article:published_time\" content=\"2020-11-13T12:01:32+00:00\" \/>\n<meta property=\"article:modified_time\" content=\"2020-11-27T13:21:17+00:00\" \/>\n<meta property=\"og:image\" content=\"https:\/\/punkt.hu\/wp-content\/uploads\/2020\/11\/punkt-in-perlaki-marton-kiallitasarol-01-1024x683.jpg\" \/>\n\t<meta property=\"og:image:width\" content=\"1024\" \/>\n\t<meta property=\"og:image:height\" content=\"683\" \/>\n<meta name=\"twitter:card\" content=\"summary_large_image\" \/>\n<meta name=\"twitter:label1\" content=\"Written by\" \/>\n\t<meta name=\"twitter:data1\" content=\"Kassai L\u00e1szl\u00f3\" \/>\n\t<meta name=\"twitter:label2\" content=\"Est. reading time\" \/>\n\t<meta name=\"twitter:data2\" content=\"1 minute\" \/>\n<script type=\"application\/ld+json\" class=\"yoast-schema-graph\">{\"@context\":\"https:\/\/schema.org\",\"@graph\":[{\"@type\":\"Organization\",\"@id\":\"https:\/\/punkt.hu\/#organization\",\"name\":\"PUNKT\",\"url\":\"https:\/\/punkt.hu\/\",\"sameAs\":[\"https:\/\/www.instagram.com\/punkt.hu\/\"],\"logo\":{\"@type\":\"ImageObject\",\"@id\":\"https:\/\/punkt.hu\/#logo\",\"inLanguage\":\"en-US\",\"url\":\"https:\/\/i2.wp.com\/punkt.hu\/wp-content\/uploads\/2019\/05\/punkt-rolunk-01.png?fit=729%2C529&ssl=1\",\"contentUrl\":\"https:\/\/i2.wp.com\/punkt.hu\/wp-content\/uploads\/2019\/05\/punkt-rolunk-01.png?fit=729%2C529&ssl=1\",\"width\":729,\"height\":529,\"caption\":\"PUNKT\"},\"image\":{\"@id\":\"https:\/\/punkt.hu\/#logo\"}},{\"@type\":\"WebSite\",\"@id\":\"https:\/\/punkt.hu\/#website\",\"url\":\"https:\/\/punkt.hu\/\",\"name\":\"PUNKT\",\"description\":\"PUNKT\",\"publisher\":{\"@id\":\"https:\/\/punkt.hu\/#organization\"},\"potentialAction\":[{\"@type\":\"SearchAction\",\"target\":{\"@type\":\"EntryPoint\",\"urlTemplate\":\"https:\/\/punkt.hu\/?s={search_term_string}\"},\"query-input\":\"required name=search_term_string\"}],\"inLanguage\":\"en-US\"},{\"@type\":\"ImageObject\",\"@id\":\"https:\/\/punkt.hu\/en\/2020\/11\/13\/in-perlaki-marton-kiallitasarol\/#primaryimage\",\"inLanguage\":\"en-US\",\"url\":\"https:\/\/i0.wp.com\/punkt.hu\/wp-content\/uploads\/2020\/11\/punkt-in-perlaki-marton-kiallitasarol-01.jpg?fit=2560%2C1707&ssl=1\",\"contentUrl\":\"https:\/\/i0.wp.com\/punkt.hu\/wp-content\/uploads\/2020\/11\/punkt-in-perlaki-marton-kiallitasarol-01.jpg?fit=2560%2C1707&ssl=1\",\"width\":2560,\"height\":1707,\"caption\":\"M\\u00e1rton Perlaki: Soft Corners, exhibition view. Photo: D\\u00e1vid Bir\\u00f3\"},{\"@type\":\"WebPage\",\"@id\":\"https:\/\/punkt.hu\/en\/2020\/11\/13\/in-perlaki-marton-kiallitasarol\/#webpage\",\"url\":\"https:\/\/punkt.hu\/en\/2020\/11\/13\/in-perlaki-marton-kiallitasarol\/\",\"name\":\"The Heel \\u2013 On M\\u00e1rton Perlaki\\u2019s exhibition - PUNKT\",\"isPartOf\":{\"@id\":\"https:\/\/punkt.hu\/#website\"},\"primaryImageOfPage\":{\"@id\":\"https:\/\/punkt.hu\/en\/2020\/11\/13\/in-perlaki-marton-kiallitasarol\/#primaryimage\"},\"datePublished\":\"2020-11-13T12:01:32+00:00\",\"dateModified\":\"2020-11-27T13:21:17+00:00\",\"description\":\"There are few oeuvres in Hungary that would be so carefully crafted, so reliable in quality, as M\\u00e1rton Perlaki\\u2019s. Its most recent chapter is his return to home turf with an exhibition at Traf\\u00f3 Gallery, a selection of works created since his last display in Hungary\\u2014new developments in the artist\\u2019s unwavering work.\",\"breadcrumb\":{\"@id\":\"https:\/\/punkt.hu\/en\/2020\/11\/13\/in-perlaki-marton-kiallitasarol\/#breadcrumb\"},\"inLanguage\":\"en-US\",\"potentialAction\":[{\"@type\":\"ReadAction\",\"target\":[\"https:\/\/punkt.hu\/en\/2020\/11\/13\/in-perlaki-marton-kiallitasarol\/\"]}]},{\"@type\":\"BreadcrumbList\",\"@id\":\"https:\/\/punkt.hu\/en\/2020\/11\/13\/in-perlaki-marton-kiallitasarol\/#breadcrumb\",\"itemListElement\":[{\"@type\":\"ListItem\",\"position\":1,\"name\":\"Home\",\"item\":\"https:\/\/punkt.hu\/en\/\"},{\"@type\":\"ListItem\",\"position\":2,\"name\":\"The Heel \\u2013 On M\\u00e1rton Perlaki\\u2019s exhibition\"}]},{\"@type\":\"Article\",\"@id\":\"https:\/\/punkt.hu\/en\/2020\/11\/13\/in-perlaki-marton-kiallitasarol\/#article\",\"isPartOf\":{\"@id\":\"https:\/\/punkt.hu\/en\/2020\/11\/13\/in-perlaki-marton-kiallitasarol\/#webpage\"},\"author\":{\"@id\":\"https:\/\/punkt.hu\/#\/schema\/person\/b8c32ebc042ed27b9e4f07dce594ba20\"},\"headline\":\"The Heel \\u2013 On M\\u00e1rton Perlaki\\u2019s exhibition\",\"datePublished\":\"2020-11-13T12:01:32+00:00\",\"dateModified\":\"2020-11-27T13:21:17+00:00\",\"mainEntityOfPage\":{\"@id\":\"https:\/\/punkt.hu\/en\/2020\/11\/13\/in-perlaki-marton-kiallitasarol\/#webpage\"},\"wordCount\":136,\"publisher\":{\"@id\":\"https:\/\/punkt.hu\/#organization\"},\"image\":{\"@id\":\"https:\/\/punkt.hu\/en\/2020\/11\/13\/in-perlaki-marton-kiallitasarol\/#primaryimage\"},\"thumbnailUrl\":\"https:\/\/i0.wp.com\/punkt.hu\/wp-content\/uploads\/2020\/11\/punkt-in-perlaki-marton-kiallitasarol-01.jpg?fit=2560%2C1707&ssl=1\",\"keywords\":[\"M\\u00e1rton Perlaki\",\"Traf\\u00f3 Gallery\"],\"articleSection\":[\"Review\"],\"inLanguage\":\"en-US\"},{\"@type\":\"Person\",\"@id\":\"https:\/\/punkt.hu\/#\/schema\/person\/b8c32ebc042ed27b9e4f07dce594ba20\",\"name\":\"Kassai L\\u00e1szl\\u00f3\",\"image\":{\"@type\":\"ImageObject\",\"@id\":\"https:\/\/punkt.hu\/#personlogo\",\"inLanguage\":\"en-US\",\"url\":\"https:\/\/secure.gravatar.com\/avatar\/81ad2cb278a704ddfeb4b295e3e7029d?s=96&d=mm&r=g\",\"contentUrl\":\"https:\/\/secure.gravatar.com\/avatar\/81ad2cb278a704ddfeb4b295e3e7029d?s=96&d=mm&r=g\",\"caption\":\"Kassai L\\u00e1szl\\u00f3\"}}]}<\/script>\n<!-- \/ Yoast SEO plugin. -->","yoast_head_json":{"title":"The Heel \u2013 On M\u00e1rton Perlaki\u2019s exhibition - PUNKT","description":"There are few oeuvres in Hungary that would be so carefully crafted, so reliable in quality, as M\u00e1rton Perlaki\u2019s. Its most recent chapter is his return to home turf with an exhibition at Traf\u00f3 Gallery, a selection of works created since his last display in Hungary\u2014new developments in the artist\u2019s unwavering work.","robots":{"index":"index","follow":"follow","max-snippet":"max-snippet:-1","max-image-preview":"max-image-preview:large","max-video-preview":"max-video-preview:-1"},"canonical":"https:\/\/punkt.hu\/en\/2020\/11\/13\/in-perlaki-marton-kiallitasarol\/","og_locale":"en_US","og_type":"article","og_title":"The Heel \u2013 On M\u00e1rton Perlaki\u2019s exhibition - PUNKT","og_description":"There are few oeuvres in Hungary that would be so carefully crafted, so reliable in quality, as M\u00e1rton Perlaki\u2019s. Its most recent chapter is his return to home turf with an exhibition at Traf\u00f3 Gallery, a selection of works created since his last display in Hungary\u2014new developments in the artist\u2019s unwavering work.","og_url":"https:\/\/punkt.hu\/en\/2020\/11\/13\/in-perlaki-marton-kiallitasarol\/","og_site_name":"PUNKT","article_published_time":"2020-11-13T12:01:32+00:00","article_modified_time":"2020-11-27T13:21:17+00:00","og_image":[{"width":1024,"height":683,"url":"https:\/\/punkt.hu\/wp-content\/uploads\/2020\/11\/punkt-in-perlaki-marton-kiallitasarol-01-1024x683.jpg","type":"image\/jpeg"}],"twitter_card":"summary_large_image","twitter_misc":{"Written by":"Kassai L\u00e1szl\u00f3","Est. reading time":"1 minute"},"schema":{"@context":"https:\/\/schema.org","@graph":[{"@type":"Organization","@id":"https:\/\/punkt.hu\/#organization","name":"PUNKT","url":"https:\/\/punkt.hu\/","sameAs":["https:\/\/www.instagram.com\/punkt.hu\/"],"logo":{"@type":"ImageObject","@id":"https:\/\/punkt.hu\/#logo","inLanguage":"en-US","url":"https:\/\/i2.wp.com\/punkt.hu\/wp-content\/uploads\/2019\/05\/punkt-rolunk-01.png?fit=729%2C529&ssl=1","contentUrl":"https:\/\/i2.wp.com\/punkt.hu\/wp-content\/uploads\/2019\/05\/punkt-rolunk-01.png?fit=729%2C529&ssl=1","width":729,"height":529,"caption":"PUNKT"},"image":{"@id":"https:\/\/punkt.hu\/#logo"}},{"@type":"WebSite","@id":"https:\/\/punkt.hu\/#website","url":"https:\/\/punkt.hu\/","name":"PUNKT","description":"PUNKT","publisher":{"@id":"https:\/\/punkt.hu\/#organization"},"potentialAction":[{"@type":"SearchAction","target":{"@type":"EntryPoint","urlTemplate":"https:\/\/punkt.hu\/?s={search_term_string}"},"query-input":"required name=search_term_string"}],"inLanguage":"en-US"},{"@type":"ImageObject","@id":"https:\/\/punkt.hu\/en\/2020\/11\/13\/in-perlaki-marton-kiallitasarol\/#primaryimage","inLanguage":"en-US","url":"https:\/\/i0.wp.com\/punkt.hu\/wp-content\/uploads\/2020\/11\/punkt-in-perlaki-marton-kiallitasarol-01.jpg?fit=2560%2C1707&ssl=1","contentUrl":"https:\/\/i0.wp.com\/punkt.hu\/wp-content\/uploads\/2020\/11\/punkt-in-perlaki-marton-kiallitasarol-01.jpg?fit=2560%2C1707&ssl=1","width":2560,"height":1707,"caption":"M\u00e1rton Perlaki: Soft Corners, exhibition view. Photo: D\u00e1vid Bir\u00f3"},{"@type":"WebPage","@id":"https:\/\/punkt.hu\/en\/2020\/11\/13\/in-perlaki-marton-kiallitasarol\/#webpage","url":"https:\/\/punkt.hu\/en\/2020\/11\/13\/in-perlaki-marton-kiallitasarol\/","name":"The Heel \u2013 On M\u00e1rton Perlaki\u2019s exhibition - PUNKT","isPartOf":{"@id":"https:\/\/punkt.hu\/#website"},"primaryImageOfPage":{"@id":"https:\/\/punkt.hu\/en\/2020\/11\/13\/in-perlaki-marton-kiallitasarol\/#primaryimage"},"datePublished":"2020-11-13T12:01:32+00:00","dateModified":"2020-11-27T13:21:17+00:00","description":"There are few oeuvres in Hungary that would be so carefully crafted, so reliable in quality, as M\u00e1rton Perlaki\u2019s. Its most recent chapter is his return to home turf with an exhibition at Traf\u00f3 Gallery, a selection of works created since his last display in Hungary\u2014new developments in the artist\u2019s unwavering work.","breadcrumb":{"@id":"https:\/\/punkt.hu\/en\/2020\/11\/13\/in-perlaki-marton-kiallitasarol\/#breadcrumb"},"inLanguage":"en-US","potentialAction":[{"@type":"ReadAction","target":["https:\/\/punkt.hu\/en\/2020\/11\/13\/in-perlaki-marton-kiallitasarol\/"]}]},{"@type":"BreadcrumbList","@id":"https:\/\/punkt.hu\/en\/2020\/11\/13\/in-perlaki-marton-kiallitasarol\/#breadcrumb","itemListElement":[{"@type":"ListItem","position":1,"name":"Home","item":"https:\/\/punkt.hu\/en\/"},{"@type":"ListItem","position":2,"name":"The Heel \u2013 On M\u00e1rton Perlaki\u2019s exhibition"}]},{"@type":"Article","@id":"https:\/\/punkt.hu\/en\/2020\/11\/13\/in-perlaki-marton-kiallitasarol\/#article","isPartOf":{"@id":"https:\/\/punkt.hu\/en\/2020\/11\/13\/in-perlaki-marton-kiallitasarol\/#webpage"},"author":{"@id":"https:\/\/punkt.hu\/#\/schema\/person\/b8c32ebc042ed27b9e4f07dce594ba20"},"headline":"The Heel \u2013 On M\u00e1rton Perlaki\u2019s exhibition","datePublished":"2020-11-13T12:01:32+00:00","dateModified":"2020-11-27T13:21:17+00:00","mainEntityOfPage":{"@id":"https:\/\/punkt.hu\/en\/2020\/11\/13\/in-perlaki-marton-kiallitasarol\/#webpage"},"wordCount":136,"publisher":{"@id":"https:\/\/punkt.hu\/#organization"},"image":{"@id":"https:\/\/punkt.hu\/en\/2020\/11\/13\/in-perlaki-marton-kiallitasarol\/#primaryimage"},"thumbnailUrl":"https:\/\/i0.wp.com\/punkt.hu\/wp-content\/uploads\/2020\/11\/punkt-in-perlaki-marton-kiallitasarol-01.jpg?fit=2560%2C1707&ssl=1","keywords":["M\u00e1rton Perlaki","Traf\u00f3 Gallery"],"articleSection":["Review"],"inLanguage":"en-US"},{"@type":"Person","@id":"https:\/\/punkt.hu\/#\/schema\/person\/b8c32ebc042ed27b9e4f07dce594ba20","name":"Kassai L\u00e1szl\u00f3","image":{"@type":"ImageObject","@id":"https:\/\/punkt.hu\/#personlogo","inLanguage":"en-US","url":"https:\/\/secure.gravatar.com\/avatar\/81ad2cb278a704ddfeb4b295e3e7029d?s=96&d=mm&r=g","contentUrl":"https:\/\/secure.gravatar.com\/avatar\/81ad2cb278a704ddfeb4b295e3e7029d?s=96&d=mm&r=g","caption":"Kassai L\u00e1szl\u00f3"}}]}},"jetpack_featured_media_url":"https:\/\/i0.wp.com\/punkt.hu\/wp-content\/uploads\/2020\/11\/punkt-in-perlaki-marton-kiallitasarol-01.jpg?fit=2560%2C1707&ssl=1","_links":{"self":[{"href":"https:\/\/punkt.hu\/en\/wp-json\/wp\/v2\/posts\/13200"}],"collection":[{"href":"https:\/\/punkt.hu\/en\/wp-json\/wp\/v2\/posts"}],"about":[{"href":"https:\/\/punkt.hu\/en\/wp-json\/wp\/v2\/types\/post"}],"author":[{"embeddable":true,"href":"https:\/\/punkt.hu\/en\/wp-json\/wp\/v2\/users\/6"}],"replies":[{"embeddable":true,"href":"https:\/\/punkt.hu\/en\/wp-json\/wp\/v2\/comments?post=13200"}],"version-history":[{"count":5,"href":"https:\/\/punkt.hu\/en\/wp-json\/wp\/v2\/posts\/13200\/revisions"}],"predecessor-version":[{"id":13201,"href":"https:\/\/punkt.hu\/en\/wp-json\/wp\/v2\/posts\/13200\/revisions\/13201"}],"wp:featuredmedia":[{"embeddable":true,"href":"https:\/\/punkt.hu\/en\/wp-json\/wp\/v2\/media\/12876"}],"wp:attachment":[{"href":"https:\/\/punkt.hu\/en\/wp-json\/wp\/v2\/media?parent=13200"}],"wp:term":[{"taxonomy":"category","embeddable":true,"href":"https:\/\/punkt.hu\/en\/wp-json\/wp\/v2\/categories?post=13200"},{"taxonomy":"post_tag","embeddable":true,"href":"https:\/\/punkt.hu\/en\/wp-json\/wp\/v2\/tags?post=13200"}],"curies":[{"name":"wp","href":"https:\/\/api.w.org\/{rel}","templated":true}]}}