{"id":1441,"date":"2019-05-20T09:17:23","date_gmt":"2019-05-20T09:17:23","guid":{"rendered":"https:\/\/punkt.hu\/2019\/05\/20\/itt-a-punkt\/"},"modified":"2020-05-19T10:14:25","modified_gmt":"2020-05-19T10:14:25","slug":"the-coming-of-punkt","status":"publish","type":"post","link":"https:\/\/punkt.hu\/en\/2019\/05\/20\/the-coming-of-punkt\/","title":{"rendered":"The coming of Punkt!"},"content":{"rendered":"<div id=\"pl-1441\"  class=\"panel-layout\" ><div id=\"pg-1441-0\"  class=\"panel-grid panel-no-style\" ><div id=\"pgc-1441-0-0\"  class=\"panel-grid-cell\" ><div id=\"panel-1441-0-0-0\" class=\"so-panel widget widget_single-title panel-first-child panel-last-child\" data-index=\"0\" ><div class=\"so-widget-single-title so-widget-single-title-default-d75171398898-1441\">\n<\/div><\/div><\/div><\/div><div id=\"pg-1441-1\"  class=\"panel-grid panel-no-style\" ><div id=\"pgc-1441-1-0\"  class=\"panel-grid-cell\" ><div id=\"panel-1441-1-0-0\" class=\"so-panel widget widget_aligned-text panel-first-child panel-last-child\" data-index=\"1\" ><div class=\"so-widget-aligned-text so-widget-aligned-text-default-d75171398898-1441\">\n\t<div class=\"aligned-text-right\">\n\t\t<div class=\"text-content\">\n\t\t\t<p>A longstanding problem in the Hungarian photography field has been the lack of an online publication capable of reacting swiftly and critically to events in the domestic and international scene and to new photographic works, exhibitions, books and conferences. \u00a0A magazine that could also inform the international community about events and accomplishments in Hungary, doing so by means of articles and essays in English and through contacts with international journals and organisations.<\/p>\n<p>&nbsp;<\/p>\n<p>We have tried to find a solution.<\/p>\n<p>To start from a point.<\/p>\n<p>To fill the vacuum.<\/p>\n<p>To formulate a view.<\/p>\n<p>This is <strong><em>Punkt<\/em><\/strong>!<\/p>\n<p>&nbsp;<\/p>\n<p>We want <strong><em>Punkt<\/em><\/strong> to be a publication that monitors developments in photography without becoming trapped in its own medium. Instead, the magazine should seek out the broader context, since in this era of (digital) photography we are witnesses to the radical mixing of the various branches and media of art.<\/p>\n<p>While being driven by professional aspects and having a strong vision of photography, the magazine should nevertheless convey all this with clarity and up-to-date accuracy. We want the magazine to be diverse and exciting, with a focus on meaningful and enjoyable articles\/reports on important artworks and events.<\/p>\n<p>We want to be the point (<strong><em>Punkt<\/em><\/strong>!) to which all people \u2013 or at least many of them \u2013 come in order to find out more about photography, pictures, and happenings in Hungary and around the world.<\/p>\n<p>(Translation: D\u00e1niel Sipos)<\/p>\n\t\t<\/div>\n\t<\/div>\n<\/div><\/div><\/div><\/div><\/div>","protected":false},"excerpt":{"rendered":"<p>We want the magazine to be diverse and exciting, with a focus on meaningful and enjoyable articles\/reports on important artworks and events.<\/p>\n","protected":false},"author":6,"featured_media":0,"comment_status":"open","ping_status":"open","sticky":false,"template":"","format":"standard","meta":{"_monsterinsights_skip_tracking":false,"_monsterinsights_sitenote_active":false,"_monsterinsights_sitenote_note":"","_monsterinsights_sitenote_category":0,"spay_email":""},"categories":[8],"tags":[36,37,38,39],"acf":[],"yoast_head":"<!-- This site is optimized with the Yoast SEO plugin v17.6 - https:\/\/yoast.com\/wordpress\/plugins\/seo\/ -->\n<title>The coming of Punkt! - PUNKT<\/title>\n<meta name=\"description\" content=\"We want the magazine to be diverse and exciting, with a focus on meaningful and enjoyable articles\/reports on important artworks and events.\" \/>\n<meta name=\"robots\" content=\"index, follow, max-snippet:-1, max-image-preview:large, max-video-preview:-1\" \/>\n<link rel=\"canonical\" href=\"https:\/\/punkt.hu\/en\/2019\/05\/20\/the-coming-of-punkt\/\" \/>\n<meta property=\"og:locale\" content=\"en_US\" \/>\n<meta property=\"og:type\" content=\"article\" \/>\n<meta property=\"og:title\" content=\"The coming of Punkt! - PUNKT\" \/>\n<meta property=\"og:description\" content=\"We want the magazine to be diverse and exciting, with a focus on meaningful and enjoyable articles\/reports on important artworks and events.\" \/>\n<meta property=\"og:url\" content=\"https:\/\/punkt.hu\/en\/2019\/05\/20\/the-coming-of-punkt\/\" \/>\n<meta property=\"og:site_name\" content=\"PUNKT\" \/>\n<meta property=\"article:published_time\" content=\"2019-05-20T09:17:23+00:00\" \/>\n<meta property=\"article:modified_time\" content=\"2020-05-19T10:14:25+00:00\" \/>\n<meta name=\"twitter:card\" content=\"summary_large_image\" \/>\n<meta name=\"twitter:label1\" content=\"Written by\" \/>\n\t<meta name=\"twitter:data1\" content=\"Kassai L\u00e1szl\u00f3\" \/>\n<script type=\"application\/ld+json\" class=\"yoast-schema-graph\">{\"@context\":\"https:\/\/schema.org\",\"@graph\":[{\"@type\":\"Organization\",\"@id\":\"https:\/\/punkt.hu\/#organization\",\"name\":\"PUNKT\",\"url\":\"https:\/\/punkt.hu\/\",\"sameAs\":[\"https:\/\/www.instagram.com\/punkt.hu\/\"],\"logo\":{\"@type\":\"ImageObject\",\"@id\":\"https:\/\/punkt.hu\/#logo\",\"inLanguage\":\"en-US\",\"url\":\"https:\/\/i2.wp.com\/punkt.hu\/wp-content\/uploads\/2019\/05\/punkt-rolunk-01.png?fit=729%2C529&ssl=1\",\"contentUrl\":\"https:\/\/i2.wp.com\/punkt.hu\/wp-content\/uploads\/2019\/05\/punkt-rolunk-01.png?fit=729%2C529&ssl=1\",\"width\":729,\"height\":529,\"caption\":\"PUNKT\"},\"image\":{\"@id\":\"https:\/\/punkt.hu\/#logo\"}},{\"@type\":\"WebSite\",\"@id\":\"https:\/\/punkt.hu\/#website\",\"url\":\"https:\/\/punkt.hu\/\",\"name\":\"PUNKT\",\"description\":\"PUNKT\",\"publisher\":{\"@id\":\"https:\/\/punkt.hu\/#organization\"},\"potentialAction\":[{\"@type\":\"SearchAction\",\"target\":{\"@type\":\"EntryPoint\",\"urlTemplate\":\"https:\/\/punkt.hu\/?s={search_term_string}\"},\"query-input\":\"required name=search_term_string\"}],\"inLanguage\":\"en-US\"},{\"@type\":\"WebPage\",\"@id\":\"https:\/\/punkt.hu\/en\/2019\/05\/20\/the-coming-of-punkt\/#webpage\",\"url\":\"https:\/\/punkt.hu\/en\/2019\/05\/20\/the-coming-of-punkt\/\",\"name\":\"The coming of Punkt! - PUNKT\",\"isPartOf\":{\"@id\":\"https:\/\/punkt.hu\/#website\"},\"datePublished\":\"2019-05-20T09:17:23+00:00\",\"dateModified\":\"2020-05-19T10:14:25+00:00\",\"description\":\"We want the magazine to be diverse and exciting, with a focus on meaningful and enjoyable articles\/reports on important artworks and events.\",\"breadcrumb\":{\"@id\":\"https:\/\/punkt.hu\/en\/2019\/05\/20\/the-coming-of-punkt\/#breadcrumb\"},\"inLanguage\":\"en-US\",\"potentialAction\":[{\"@type\":\"ReadAction\",\"target\":[\"https:\/\/punkt.hu\/en\/2019\/05\/20\/the-coming-of-punkt\/\"]}]},{\"@type\":\"BreadcrumbList\",\"@id\":\"https:\/\/punkt.hu\/en\/2019\/05\/20\/the-coming-of-punkt\/#breadcrumb\",\"itemListElement\":[{\"@type\":\"ListItem\",\"position\":1,\"name\":\"Home\",\"item\":\"https:\/\/punkt.hu\/en\/\"},{\"@type\":\"ListItem\",\"position\":2,\"name\":\"The coming of Punkt!\"}]},{\"@type\":\"Article\",\"@id\":\"https:\/\/punkt.hu\/en\/2019\/05\/20\/the-coming-of-punkt\/#article\",\"isPartOf\":{\"@id\":\"https:\/\/punkt.hu\/en\/2019\/05\/20\/the-coming-of-punkt\/#webpage\"},\"author\":{\"@id\":\"https:\/\/punkt.hu\/#\/schema\/person\/b8c32ebc042ed27b9e4f07dce594ba20\"},\"headline\":\"The coming of Punkt!\",\"datePublished\":\"2019-05-20T09:17:23+00:00\",\"dateModified\":\"2020-05-19T10:14:25+00:00\",\"mainEntityOfPage\":{\"@id\":\"https:\/\/punkt.hu\/en\/2019\/05\/20\/the-coming-of-punkt\/#webpage\"},\"wordCount\":20,\"commentCount\":0,\"publisher\":{\"@id\":\"https:\/\/punkt.hu\/#organization\"},\"keywords\":[\"fotogr\\u00e1fiai sz\\u00ednt\\u00e9r\",\"online magazin\",\"online magazine\",\"photography field\"],\"articleSection\":[\"News\"],\"inLanguage\":\"en-US\",\"potentialAction\":[{\"@type\":\"CommentAction\",\"name\":\"Comment\",\"target\":[\"https:\/\/punkt.hu\/en\/2019\/05\/20\/the-coming-of-punkt\/#respond\"]}]},{\"@type\":\"Person\",\"@id\":\"https:\/\/punkt.hu\/#\/schema\/person\/b8c32ebc042ed27b9e4f07dce594ba20\",\"name\":\"Kassai L\\u00e1szl\\u00f3\",\"image\":{\"@type\":\"ImageObject\",\"@id\":\"https:\/\/punkt.hu\/#personlogo\",\"inLanguage\":\"en-US\",\"url\":\"https:\/\/secure.gravatar.com\/avatar\/81ad2cb278a704ddfeb4b295e3e7029d?s=96&d=mm&r=g\",\"contentUrl\":\"https:\/\/secure.gravatar.com\/avatar\/81ad2cb278a704ddfeb4b295e3e7029d?s=96&d=mm&r=g\",\"caption\":\"Kassai L\\u00e1szl\\u00f3\"}}]}<\/script>\n<!-- \/ Yoast SEO plugin. -->","yoast_head_json":{"title":"The coming of Punkt! - PUNKT","description":"We want the magazine to be diverse and exciting, with a focus on meaningful and enjoyable articles\/reports on important artworks and events.","robots":{"index":"index","follow":"follow","max-snippet":"max-snippet:-1","max-image-preview":"max-image-preview:large","max-video-preview":"max-video-preview:-1"},"canonical":"https:\/\/punkt.hu\/en\/2019\/05\/20\/the-coming-of-punkt\/","og_locale":"en_US","og_type":"article","og_title":"The coming of Punkt! - PUNKT","og_description":"We want the magazine to be diverse and exciting, with a focus on meaningful and enjoyable articles\/reports on important artworks and events.","og_url":"https:\/\/punkt.hu\/en\/2019\/05\/20\/the-coming-of-punkt\/","og_site_name":"PUNKT","article_published_time":"2019-05-20T09:17:23+00:00","article_modified_time":"2020-05-19T10:14:25+00:00","twitter_card":"summary_large_image","twitter_misc":{"Written by":"Kassai L\u00e1szl\u00f3"},"schema":{"@context":"https:\/\/schema.org","@graph":[{"@type":"Organization","@id":"https:\/\/punkt.hu\/#organization","name":"PUNKT","url":"https:\/\/punkt.hu\/","sameAs":["https:\/\/www.instagram.com\/punkt.hu\/"],"logo":{"@type":"ImageObject","@id":"https:\/\/punkt.hu\/#logo","inLanguage":"en-US","url":"https:\/\/i2.wp.com\/punkt.hu\/wp-content\/uploads\/2019\/05\/punkt-rolunk-01.png?fit=729%2C529&ssl=1","contentUrl":"https:\/\/i2.wp.com\/punkt.hu\/wp-content\/uploads\/2019\/05\/punkt-rolunk-01.png?fit=729%2C529&ssl=1","width":729,"height":529,"caption":"PUNKT"},"image":{"@id":"https:\/\/punkt.hu\/#logo"}},{"@type":"WebSite","@id":"https:\/\/punkt.hu\/#website","url":"https:\/\/punkt.hu\/","name":"PUNKT","description":"PUNKT","publisher":{"@id":"https:\/\/punkt.hu\/#organization"},"potentialAction":[{"@type":"SearchAction","target":{"@type":"EntryPoint","urlTemplate":"https:\/\/punkt.hu\/?s={search_term_string}"},"query-input":"required name=search_term_string"}],"inLanguage":"en-US"},{"@type":"WebPage","@id":"https:\/\/punkt.hu\/en\/2019\/05\/20\/the-coming-of-punkt\/#webpage","url":"https:\/\/punkt.hu\/en\/2019\/05\/20\/the-coming-of-punkt\/","name":"The coming of Punkt! - PUNKT","isPartOf":{"@id":"https:\/\/punkt.hu\/#website"},"datePublished":"2019-05-20T09:17:23+00:00","dateModified":"2020-05-19T10:14:25+00:00","description":"We want the magazine to be diverse and exciting, with a focus on meaningful and enjoyable articles\/reports on important artworks and events.","breadcrumb":{"@id":"https:\/\/punkt.hu\/en\/2019\/05\/20\/the-coming-of-punkt\/#breadcrumb"},"inLanguage":"en-US","potentialAction":[{"@type":"ReadAction","target":["https:\/\/punkt.hu\/en\/2019\/05\/20\/the-coming-of-punkt\/"]}]},{"@type":"BreadcrumbList","@id":"https:\/\/punkt.hu\/en\/2019\/05\/20\/the-coming-of-punkt\/#breadcrumb","itemListElement":[{"@type":"ListItem","position":1,"name":"Home","item":"https:\/\/punkt.hu\/en\/"},{"@type":"ListItem","position":2,"name":"The coming of Punkt!"}]},{"@type":"Article","@id":"https:\/\/punkt.hu\/en\/2019\/05\/20\/the-coming-of-punkt\/#article","isPartOf":{"@id":"https:\/\/punkt.hu\/en\/2019\/05\/20\/the-coming-of-punkt\/#webpage"},"author":{"@id":"https:\/\/punkt.hu\/#\/schema\/person\/b8c32ebc042ed27b9e4f07dce594ba20"},"headline":"The coming of Punkt!","datePublished":"2019-05-20T09:17:23+00:00","dateModified":"2020-05-19T10:14:25+00:00","mainEntityOfPage":{"@id":"https:\/\/punkt.hu\/en\/2019\/05\/20\/the-coming-of-punkt\/#webpage"},"wordCount":20,"commentCount":0,"publisher":{"@id":"https:\/\/punkt.hu\/#organization"},"keywords":["fotogr\u00e1fiai sz\u00ednt\u00e9r","online magazin","online magazine","photography field"],"articleSection":["News"],"inLanguage":"en-US","potentialAction":[{"@type":"CommentAction","name":"Comment","target":["https:\/\/punkt.hu\/en\/2019\/05\/20\/the-coming-of-punkt\/#respond"]}]},{"@type":"Person","@id":"https:\/\/punkt.hu\/#\/schema\/person\/b8c32ebc042ed27b9e4f07dce594ba20","name":"Kassai L\u00e1szl\u00f3","image":{"@type":"ImageObject","@id":"https:\/\/punkt.hu\/#personlogo","inLanguage":"en-US","url":"https:\/\/secure.gravatar.com\/avatar\/81ad2cb278a704ddfeb4b295e3e7029d?s=96&d=mm&r=g","contentUrl":"https:\/\/secure.gravatar.com\/avatar\/81ad2cb278a704ddfeb4b295e3e7029d?s=96&d=mm&r=g","caption":"Kassai L\u00e1szl\u00f3"}}]}},"jetpack_featured_media_url":"","_links":{"self":[{"href":"https:\/\/punkt.hu\/en\/wp-json\/wp\/v2\/posts\/1441"}],"collection":[{"href":"https:\/\/punkt.hu\/en\/wp-json\/wp\/v2\/posts"}],"about":[{"href":"https:\/\/punkt.hu\/en\/wp-json\/wp\/v2\/types\/post"}],"author":[{"embeddable":true,"href":"https:\/\/punkt.hu\/en\/wp-json\/wp\/v2\/users\/6"}],"replies":[{"embeddable":true,"href":"https:\/\/punkt.hu\/en\/wp-json\/wp\/v2\/comments?post=1441"}],"version-history":[{"count":17,"href":"https:\/\/punkt.hu\/en\/wp-json\/wp\/v2\/posts\/1441\/revisions"}],"predecessor-version":[{"id":8744,"href":"https:\/\/punkt.hu\/en\/wp-json\/wp\/v2\/posts\/1441\/revisions\/8744"}],"wp:attachment":[{"href":"https:\/\/punkt.hu\/en\/wp-json\/wp\/v2\/media?parent=1441"}],"wp:term":[{"taxonomy":"category","embeddable":true,"href":"https:\/\/punkt.hu\/en\/wp-json\/wp\/v2\/categories?post=1441"},{"taxonomy":"post_tag","embeddable":true,"href":"https:\/\/punkt.hu\/en\/wp-json\/wp\/v2\/tags?post=1441"}],"curies":[{"name":"wp","href":"https:\/\/api.w.org\/{rel}","templated":true}]}}