{"id":15055,"date":"2021-02-12T15:14:57","date_gmt":"2021-02-12T14:14:57","guid":{"rendered":"https:\/\/punkt.hu\/?p=15055"},"modified":"2021-02-12T15:14:58","modified_gmt":"2021-02-12T14:14:58","slug":"top-10-the-most-important-hungarian-exhibitions-of-photography-in-2020","status":"publish","type":"post","link":"https:\/\/punkt.hu\/en\/2021\/02\/12\/top-10-the-most-important-hungarian-exhibitions-of-photography-in-2020\/","title":{"rendered":"TOP 10 \u2013 The most important Hungarian exhibitions of photography in 2020"},"content":{"rendered":"<div id=\"pl-15055\"  class=\"panel-layout\" ><div id=\"pg-15055-0\"  class=\"panel-grid panel-no-style\" ><div id=\"pgc-15055-0-0\"  class=\"panel-grid-cell\" ><div id=\"panel-15055-0-0-0\" class=\"so-panel widget widget_single-title panel-first-child panel-last-child\" data-index=\"0\" ><div class=\"so-widget-single-title so-widget-single-title-default-d75171398898-15055\">\n<\/div><\/div><\/div><\/div><div id=\"pg-15055-1\"  class=\"panel-grid panel-no-style\" ><div id=\"pgc-15055-1-0\"  class=\"panel-grid-cell\" ><div id=\"panel-15055-1-0-0\" class=\"so-panel widget widget_aligned-text panel-first-child panel-last-child\" data-index=\"1\" ><div class=\"so-widget-aligned-text so-widget-aligned-text-default-d75171398898-15055\">\n\t<div class=\"aligned-text-right\">\n\t\t<div class=\"text-content\">\n\t\t\t<p>We at Punkt.hu asked photography professionals to help us draw up a list of the best Hungarian exhibitions of photography in 2020\u2014something we hope to turn into a tradition. We wanted to draw on sources as diverse as possible, to make the list truly authoritative.<\/p>\n<p>It is probably fair to say last year was very unlike anything we have come to expect in recent times, because the measures with which the government responded to the pandemic forced great exhibitions to be closed prematurely (or not to be opened at all), and countless cultural events were cancelled.<\/p>\n<p>In December, we asked the participants of the Photo Month event series, the members of the Association of Hungarian Photographers, the Studio of Young Photographers, and the Hungarian Society for the History of Photography, as well as the contributors of the sites, <a href=\"https:\/\/punkt.hu\" target=\"_blank\" rel=\"noopener\">Punkt.hu<\/a> and <a href=\"https:\/\/maimanohaz.blog.hu\" target=\"_blank\" rel=\"noopener\">maimanohaz.blog.hu<\/a>, to send us a ranked list of their favourite photo exhibitions in Hungary. 51 curators, gallery directors, photographers, specialists and educators responded, providing us with a combined list of 99 exhibitions. Here is the top 25.<\/p>\n\t\t<\/div>\n\t<\/div>\n<\/div><\/div><\/div><\/div><div id=\"pg-15055-2\"  class=\"panel-grid panel-no-style\" ><div id=\"pgc-15055-2-0\"  class=\"panel-grid-cell\" ><div id=\"panel-15055-2-0-0\" class=\"so-panel widget widget_aligned-text panel-first-child\" data-index=\"2\" ><div class=\"so-widget-aligned-text so-widget-aligned-text-default-d75171398898-15055\">\n\t<div class=\"aligned-text-right\">\n\t\t<div class=\"text-content\">\n\t\t\t<h3>No. 1<br \/>\n<a href=\"https:\/\/www.maimano.hu\/programs\/nobuyoshi-araki-sentimental-journey\" target=\"_blank\" rel=\"noopener\">Nobuyoshi Araki: Sentimental Journey<\/a> (57 points)<br \/>\nMai Man\u00f3 House<br \/>\n15 October, 2019 \u2013 19 January, 2020<br \/>\nCurator: Motoo Hisako<\/h3>\n<p>Punkt\u2019s interview with Nobuyoshi Araki: \u201c<a href=\"https:\/\/punkt.hu\/en\/2019\/12\/16\/one-who-reaches-the-peak-falls-and-dies-an-interview-with-nobuyoshi-araki\/\" target=\"_blank\" rel=\"noopener\">One who reaches the peak falls and dies.\u201d<\/a><\/p>\n\t\t<\/div>\n\t<\/div>\n<\/div><\/div><div id=\"panel-15055-2-0-1\" class=\"so-panel widget widget_image-with-caption\" data-index=\"3\" ><div class=\"so-widget-image-with-caption so-widget-image-with-caption-default-d75171398898-15055\">\n\n\t\n\t<div class=\"image-with-caption caption-alignment-left\">\n\n\t\t\n\t\t<div class=\"image-with-caption-container-image\">\n\n\t\t\t\n\t\t\t<a href=\"https:\/\/i0.wp.com\/punkt.hu\/wp-content\/uploads\/2021\/01\/punkt-top10-ezek-voltak-2020-legfontosabb-hazai-fotokiallitasai-01.jpg?fit=1996%2C1332&ssl=1\" class=\"chocolat-image\" title=\"Nobuyoshi Araki \u2013 Sentimental Journey, exhibition opening, photo: Imre Kiss\">\n\t\t\t\t<img width=\"890\" height=\"594\" src=\"https:\/\/i0.wp.com\/punkt.hu\/wp-content\/uploads\/2021\/01\/punkt-top10-ezek-voltak-2020-legfontosabb-hazai-fotokiallitasai-01.jpg?fit=890%2C594&amp;ssl=1\" class=\"lazyload\" alt=\"Nobuyoshi Araki \u2013 Sentimental Journey, exhibition opening, photo: Imre Kiss\" srcset=\"https:\/\/i0.wp.com\/punkt.hu\/wp-content\/uploads\/2021\/01\/punkt-top10-ezek-voltak-2020-legfontosabb-hazai-fotokiallitasai-01.jpg?w=1996&amp;ssl=1 1996w, https:\/\/i0.wp.com\/punkt.hu\/wp-content\/uploads\/2021\/01\/punkt-top10-ezek-voltak-2020-legfontosabb-hazai-fotokiallitasai-01.jpg?resize=300%2C200&amp;ssl=1 300w, https:\/\/i0.wp.com\/punkt.hu\/wp-content\/uploads\/2021\/01\/punkt-top10-ezek-voltak-2020-legfontosabb-hazai-fotokiallitasai-01.jpg?resize=1024%2C683&amp;ssl=1 1024w, https:\/\/i0.wp.com\/punkt.hu\/wp-content\/uploads\/2021\/01\/punkt-top10-ezek-voltak-2020-legfontosabb-hazai-fotokiallitasai-01.jpg?resize=768%2C513&amp;ssl=1 768w, https:\/\/i0.wp.com\/punkt.hu\/wp-content\/uploads\/2021\/01\/punkt-top10-ezek-voltak-2020-legfontosabb-hazai-fotokiallitasai-01.jpg?resize=1536%2C1025&amp;ssl=1 1536w, https:\/\/i0.wp.com\/punkt.hu\/wp-content\/uploads\/2021\/01\/punkt-top10-ezek-voltak-2020-legfontosabb-hazai-fotokiallitasai-01.jpg?resize=1920%2C1281&amp;ssl=1 1920w, https:\/\/i0.wp.com\/punkt.hu\/wp-content\/uploads\/2021\/01\/punkt-top10-ezek-voltak-2020-legfontosabb-hazai-fotokiallitasai-01.jpg?resize=890%2C594&amp;ssl=1 890w, https:\/\/i0.wp.com\/punkt.hu\/wp-content\/uploads\/2021\/01\/punkt-top10-ezek-voltak-2020-legfontosabb-hazai-fotokiallitasai-01.jpg?resize=690%2C460&amp;ssl=1 690w, https:\/\/i0.wp.com\/punkt.hu\/wp-content\/uploads\/2021\/01\/punkt-top10-ezek-voltak-2020-legfontosabb-hazai-fotokiallitasai-01.jpg?resize=445%2C297&amp;ssl=1 445w, https:\/\/i0.wp.com\/punkt.hu\/wp-content\/uploads\/2021\/01\/punkt-top10-ezek-voltak-2020-legfontosabb-hazai-fotokiallitasai-01.jpg?resize=930%2C621&amp;ssl=1 930w, https:\/\/i0.wp.com\/punkt.hu\/wp-content\/uploads\/2021\/01\/punkt-top10-ezek-voltak-2020-legfontosabb-hazai-fotokiallitasai-01.jpg?resize=524%2C350&amp;ssl=1 524w, https:\/\/i0.wp.com\/punkt.hu\/wp-content\/uploads\/2021\/01\/punkt-top10-ezek-voltak-2020-legfontosabb-hazai-fotokiallitasai-01.jpg?resize=272%2C182&amp;ssl=1 272w, https:\/\/i0.wp.com\/punkt.hu\/wp-content\/uploads\/2021\/01\/punkt-top10-ezek-voltak-2020-legfontosabb-hazai-fotokiallitasai-01.jpg?w=1800&amp;ssl=1 1800w\" sizes=\"(max-width: 890px) 100vw, 890px\" \/>\t\t\t<\/a>\n\n\t\t<\/div>\n\n\t\t\t\t\t<div class=\"image-with-caption-container-caption\">\n\t\t\t\t<div class=\"image-with-caption-container-caption-center-fix\">\n\t\t\t\t\t\t\t\t\t\t\t<p class=\"image-with-caption-container-caption-numbers\">01<span class=\"number-separator\"><\/span>03<\/p>\n\t\t\t\t\t\t\t\t\t\t<p class=\"image-with-caption-container-caption-text\">Nobuyoshi Araki \u2013 Sentimental Journey, exhibition opening, photo: Imre Kiss<\/p>\n\t\t\t\t<\/div>\n\t\t\t<\/div>\n\t\t\n\t<\/div>\n\n<\/div><\/div><div id=\"panel-15055-2-0-2\" class=\"so-panel widget widget_aligned-text\" data-index=\"4\" ><div class=\"so-widget-aligned-text so-widget-aligned-text-default-d75171398898-15055\">\n\t<div class=\"aligned-text-right\">\n\t\t<div class=\"text-content\">\n\t\t\t<h3>No. 2<br \/>\n<a href=\"http:\/\/kassakmuzeum.hu\/en\/index.php?p=onlinemuzeum&amp;id=666\" target=\"_blank\" rel=\"noopener\">Personal Distance \u2013 The Photography of \u00c9va Besny\u0151<\/a> (54 points)<br \/>\nKass\u00e1k Museum<br \/>\n12 September \u2013 13 December, 2020<br \/>\nCurators: Judit Csatl\u00f3s, Anna M\u00e1ria Juh\u00e1sz<\/h3>\n<p><a href=\"https:\/\/www.thinglink.com\/card\/1397902992518152194\" target=\"_blank\" rel=\"noopener\">Virtual exhibition<\/a> (on view until 31 August, 2021)<\/p>\n\t\t<\/div>\n\t<\/div>\n<\/div><\/div><div id=\"panel-15055-2-0-3\" class=\"so-panel widget widget_image-with-caption\" data-index=\"5\" ><div class=\"so-widget-image-with-caption so-widget-image-with-caption-default-d75171398898-15055\">\n\n\t\n\t<div class=\"image-with-caption caption-alignment-left\">\n\n\t\t\n\t\t<div class=\"image-with-caption-container-image\">\n\n\t\t\t\n\t\t\t<a href=\"https:\/\/i1.wp.com\/punkt.hu\/wp-content\/uploads\/2021\/01\/punkt-top10-ezek-voltak-2020-legfontosabb-hazai-fotokiallitasai-02.jpg?fit=1772%2C1182&ssl=1\" class=\"chocolat-image\" title=\"Personal Distance \u2013 The Photography of \u00c9va Besny\u0151\">\n\t\t\t\t<img width=\"890\" height=\"594\" src=\"https:\/\/i1.wp.com\/punkt.hu\/wp-content\/uploads\/2021\/01\/punkt-top10-ezek-voltak-2020-legfontosabb-hazai-fotokiallitasai-02.jpg?fit=890%2C594&amp;ssl=1\" class=\"lazyload\" alt=\"Personal Distance \u2013 The Photography of \u00c9va Besny\u0151\" srcset=\"https:\/\/i1.wp.com\/punkt.hu\/wp-content\/uploads\/2021\/01\/punkt-top10-ezek-voltak-2020-legfontosabb-hazai-fotokiallitasai-02.jpg?w=1772&amp;ssl=1 1772w, https:\/\/i1.wp.com\/punkt.hu\/wp-content\/uploads\/2021\/01\/punkt-top10-ezek-voltak-2020-legfontosabb-hazai-fotokiallitasai-02.jpg?resize=300%2C200&amp;ssl=1 300w, https:\/\/i1.wp.com\/punkt.hu\/wp-content\/uploads\/2021\/01\/punkt-top10-ezek-voltak-2020-legfontosabb-hazai-fotokiallitasai-02.jpg?resize=1024%2C683&amp;ssl=1 1024w, https:\/\/i1.wp.com\/punkt.hu\/wp-content\/uploads\/2021\/01\/punkt-top10-ezek-voltak-2020-legfontosabb-hazai-fotokiallitasai-02.jpg?resize=768%2C512&amp;ssl=1 768w, https:\/\/i1.wp.com\/punkt.hu\/wp-content\/uploads\/2021\/01\/punkt-top10-ezek-voltak-2020-legfontosabb-hazai-fotokiallitasai-02.jpg?resize=1536%2C1025&amp;ssl=1 1536w, https:\/\/i1.wp.com\/punkt.hu\/wp-content\/uploads\/2021\/01\/punkt-top10-ezek-voltak-2020-legfontosabb-hazai-fotokiallitasai-02.jpg?resize=890%2C594&amp;ssl=1 890w, https:\/\/i1.wp.com\/punkt.hu\/wp-content\/uploads\/2021\/01\/punkt-top10-ezek-voltak-2020-legfontosabb-hazai-fotokiallitasai-02.jpg?resize=690%2C460&amp;ssl=1 690w, https:\/\/i1.wp.com\/punkt.hu\/wp-content\/uploads\/2021\/01\/punkt-top10-ezek-voltak-2020-legfontosabb-hazai-fotokiallitasai-02.jpg?resize=445%2C297&amp;ssl=1 445w, https:\/\/i1.wp.com\/punkt.hu\/wp-content\/uploads\/2021\/01\/punkt-top10-ezek-voltak-2020-legfontosabb-hazai-fotokiallitasai-02.jpg?resize=930%2C620&amp;ssl=1 930w, https:\/\/i1.wp.com\/punkt.hu\/wp-content\/uploads\/2021\/01\/punkt-top10-ezek-voltak-2020-legfontosabb-hazai-fotokiallitasai-02.jpg?resize=525%2C350&amp;ssl=1 525w, https:\/\/i1.wp.com\/punkt.hu\/wp-content\/uploads\/2021\/01\/punkt-top10-ezek-voltak-2020-legfontosabb-hazai-fotokiallitasai-02.jpg?resize=272%2C182&amp;ssl=1 272w\" sizes=\"(max-width: 890px) 100vw, 890px\" \/>\t\t\t<\/a>\n\n\t\t<\/div>\n\n\t\t\t\t\t<div class=\"image-with-caption-container-caption\">\n\t\t\t\t<div class=\"image-with-caption-container-caption-center-fix\">\n\t\t\t\t\t\t\t\t\t\t\t<p class=\"image-with-caption-container-caption-numbers\">01<span class=\"number-separator\"><\/span>03<\/p>\n\t\t\t\t\t\t\t\t\t\t<p class=\"image-with-caption-container-caption-text\">Personal Distance \u2013 The Photography of \u00c9va Besny\u0151<\/p>\n\t\t\t\t<\/div>\n\t\t\t<\/div>\n\t\t\n\t<\/div>\n\n<\/div><\/div><div id=\"panel-15055-2-0-4\" class=\"so-panel widget widget_aligned-text\" data-index=\"6\" ><div class=\"so-widget-aligned-text so-widget-aligned-text-default-d75171398898-15055\">\n\t<div class=\"aligned-text-right\">\n\t\t<div class=\"text-content\">\n\t\t\t<h3>No. 3<br \/>\n<a href=\"https:\/\/www.maimano.hu\/programs\/exhibition-robert-doisneau-from-paris-to-palm-springs\" target=\"_blank\" rel=\"noopener\">Robert Doisneau: From Paris to Palm Springs<\/a> (46 points)<br \/>\nMai Man\u00f3 House<br \/>\n13 October, 2020 \u2013 7 March, 2021<\/h3>\n<p>Curator: P\u00e9ter Baki<\/p>\n\t\t<\/div>\n\t<\/div>\n<\/div><\/div><div id=\"panel-15055-2-0-5\" class=\"so-panel widget widget_image-with-caption\" data-index=\"7\" ><div class=\"so-widget-image-with-caption so-widget-image-with-caption-default-d75171398898-15055\">\n\n\t\n\t<div class=\"image-with-caption caption-alignment-left\">\n\n\t\t\n\t\t<div class=\"image-with-caption-container-image\">\n\n\t\t\t\n\t\t\t<a href=\"https:\/\/i2.wp.com\/punkt.hu\/wp-content\/uploads\/2021\/01\/punkt-top10-ezek-voltak-2020-legfontosabb-hazai-fotokiallitasai-03.jpg?fit=2560%2C1708&ssl=1\" class=\"chocolat-image\" title=\"Robert Doisneau: From Paris to Palm Springs, interior photo: Imre Kiss\">\n\t\t\t\t<img width=\"890\" height=\"594\" src=\"https:\/\/i2.wp.com\/punkt.hu\/wp-content\/uploads\/2021\/01\/punkt-top10-ezek-voltak-2020-legfontosabb-hazai-fotokiallitasai-03.jpg?fit=890%2C594&amp;ssl=1\" class=\"lazyload\" alt=\"Robert Doisneau: From Paris to Palm Springs, interior photo: Imre Kiss\" \/>\t\t\t<\/a>\n\n\t\t<\/div>\n\n\t\t\t\t\t<div class=\"image-with-caption-container-caption\">\n\t\t\t\t<div class=\"image-with-caption-container-caption-center-fix\">\n\t\t\t\t\t\t\t\t\t\t\t<p class=\"image-with-caption-container-caption-numbers\">01<span class=\"number-separator\"><\/span>03<\/p>\n\t\t\t\t\t\t\t\t\t\t<p class=\"image-with-caption-container-caption-text\">Robert Doisneau: From Paris to Palm Springs, interior photo: Imre Kiss<\/p>\n\t\t\t\t<\/div>\n\t\t\t<\/div>\n\t\t\n\t<\/div>\n\n<\/div><\/div><div id=\"panel-15055-2-0-6\" class=\"so-panel widget widget_aligned-text\" data-index=\"8\" ><div class=\"so-widget-aligned-text so-widget-aligned-text-default-d75171398898-15055\">\n\t<div class=\"aligned-text-right\">\n\t\t<div class=\"text-content\">\n\t\t\t<h3>No. 4<br \/>\n<a href=\"https:\/\/capacenter.hu\/en\/kiallitasok\/tamas-urban-unwanted-butterfly\/\" target=\"_blank\" rel=\"noopener\">Tam\u00e1s Urb\u00e1n: Unwanted Butterfly<\/a> (37 points)<br \/>\nCapa Centre<br \/>\n5 March \u2013 23 August, 2020<br \/>\nCurator: Istv\u00e1n Vir\u00e1gv\u00f6lgyi<\/h3>\n<p><a href=\"https:\/\/blog.capacenter.hu\/2020\/04\/07\/virtualis-tarlat-urban-tamas-felesleges-pillango\/\" target=\"_blank\" rel=\"noopener\">Virtual tour<\/a><\/p>\n\t\t<\/div>\n\t<\/div>\n<\/div><\/div><div id=\"panel-15055-2-0-7\" class=\"so-panel widget widget_image-with-caption\" data-index=\"9\" ><div class=\"so-widget-image-with-caption so-widget-image-with-caption-default-d75171398898-15055\">\n\n\t\n\t<div class=\"image-with-caption caption-alignment-left\">\n\n\t\t\n\t\t<div class=\"image-with-caption-container-image\">\n\n\t\t\t\n\t\t\t<a href=\"https:\/\/i1.wp.com\/punkt.hu\/wp-content\/uploads\/2021\/01\/punkt-top10-ezek-voltak-2020-legfontosabb-hazai-fotokiallitasai-04.jpg?fit=2048%2C1365&ssl=1\" class=\"chocolat-image\" title=\"Tam\u00e1s Urb\u00e1n: Unwanted Butterfly, photo: Capa Centre\n\">\n\t\t\t\t<img width=\"890\" height=\"593\" src=\"https:\/\/i1.wp.com\/punkt.hu\/wp-content\/uploads\/2021\/01\/punkt-top10-ezek-voltak-2020-legfontosabb-hazai-fotokiallitasai-04.jpg?fit=890%2C593&amp;ssl=1\" class=\"lazyload\" alt=\"Tam\u00e1s Urb\u00e1n: Unwanted Butterfly, photo: Capa Centre\n\" srcset=\"https:\/\/i1.wp.com\/punkt.hu\/wp-content\/uploads\/2021\/01\/punkt-top10-ezek-voltak-2020-legfontosabb-hazai-fotokiallitasai-04.jpg?w=2048&amp;ssl=1 2048w, https:\/\/i1.wp.com\/punkt.hu\/wp-content\/uploads\/2021\/01\/punkt-top10-ezek-voltak-2020-legfontosabb-hazai-fotokiallitasai-04.jpg?resize=300%2C200&amp;ssl=1 300w, https:\/\/i1.wp.com\/punkt.hu\/wp-content\/uploads\/2021\/01\/punkt-top10-ezek-voltak-2020-legfontosabb-hazai-fotokiallitasai-04.jpg?resize=1024%2C683&amp;ssl=1 1024w, https:\/\/i1.wp.com\/punkt.hu\/wp-content\/uploads\/2021\/01\/punkt-top10-ezek-voltak-2020-legfontosabb-hazai-fotokiallitasai-04.jpg?resize=768%2C512&amp;ssl=1 768w, https:\/\/i1.wp.com\/punkt.hu\/wp-content\/uploads\/2021\/01\/punkt-top10-ezek-voltak-2020-legfontosabb-hazai-fotokiallitasai-04.jpg?resize=1536%2C1024&amp;ssl=1 1536w, https:\/\/i1.wp.com\/punkt.hu\/wp-content\/uploads\/2021\/01\/punkt-top10-ezek-voltak-2020-legfontosabb-hazai-fotokiallitasai-04.jpg?resize=1920%2C1280&amp;ssl=1 1920w, https:\/\/i1.wp.com\/punkt.hu\/wp-content\/uploads\/2021\/01\/punkt-top10-ezek-voltak-2020-legfontosabb-hazai-fotokiallitasai-04.jpg?resize=890%2C593&amp;ssl=1 890w, https:\/\/i1.wp.com\/punkt.hu\/wp-content\/uploads\/2021\/01\/punkt-top10-ezek-voltak-2020-legfontosabb-hazai-fotokiallitasai-04.jpg?resize=690%2C460&amp;ssl=1 690w, https:\/\/i1.wp.com\/punkt.hu\/wp-content\/uploads\/2021\/01\/punkt-top10-ezek-voltak-2020-legfontosabb-hazai-fotokiallitasai-04.jpg?resize=445%2C297&amp;ssl=1 445w, https:\/\/i1.wp.com\/punkt.hu\/wp-content\/uploads\/2021\/01\/punkt-top10-ezek-voltak-2020-legfontosabb-hazai-fotokiallitasai-04.jpg?resize=930%2C620&amp;ssl=1 930w, https:\/\/i1.wp.com\/punkt.hu\/wp-content\/uploads\/2021\/01\/punkt-top10-ezek-voltak-2020-legfontosabb-hazai-fotokiallitasai-04.jpg?resize=525%2C350&amp;ssl=1 525w, https:\/\/i1.wp.com\/punkt.hu\/wp-content\/uploads\/2021\/01\/punkt-top10-ezek-voltak-2020-legfontosabb-hazai-fotokiallitasai-04.jpg?resize=272%2C182&amp;ssl=1 272w, https:\/\/i1.wp.com\/punkt.hu\/wp-content\/uploads\/2021\/01\/punkt-top10-ezek-voltak-2020-legfontosabb-hazai-fotokiallitasai-04.jpg?w=1800&amp;ssl=1 1800w\" sizes=\"(max-width: 890px) 100vw, 890px\" \/>\t\t\t<\/a>\n\n\t\t<\/div>\n\n\t\t\t\t\t<div class=\"image-with-caption-container-caption\">\n\t\t\t\t<div class=\"image-with-caption-container-caption-center-fix\">\n\t\t\t\t\t\t\t\t\t\t\t<p class=\"image-with-caption-container-caption-numbers\">01<span class=\"number-separator\"><\/span>03<\/p>\n\t\t\t\t\t\t\t\t\t\t<p class=\"image-with-caption-container-caption-text\">Tam\u00e1s Urb\u00e1n: Unwanted Butterfly, photo: Capa Centre\n<\/p>\n\t\t\t\t<\/div>\n\t\t\t<\/div>\n\t\t\n\t<\/div>\n\n<\/div><\/div><div id=\"panel-15055-2-0-8\" class=\"so-panel widget widget_aligned-text\" data-index=\"10\" ><div class=\"so-widget-aligned-text so-widget-aligned-text-default-d75171398898-15055\">\n\t<div class=\"aligned-text-right\">\n\t\t<div class=\"text-content\">\n\t\t\t<h3>No. 5<br \/>\n<a href=\"https:\/\/trafo.hu\/en\/trafo_gallery\/perlaki\" target=\"_blank\" rel=\"noopener\">M\u00e1rton Perlaki: Soft Corners<\/a> (25 points)<br \/>\nTraf\u00f3 Gallery<br \/>\n31 October, 2020 \u2013 17 January, 2021<br \/>\nCurator: Borb\u00e1la Szalai<\/h3>\n<p>Punkt\u2019s article: <a href=\"https:\/\/punkt.hu\/en\/2020\/11\/13\/in-perlaki-marton-kiallitasarol\/\" target=\"_blank\" rel=\"noopener\">The Heel \u2013 On M\u00e1rton Perlaki\u2019s exhibition<\/a><\/p>\n\t\t<\/div>\n\t<\/div>\n<\/div><\/div><div id=\"panel-15055-2-0-9\" class=\"so-panel widget widget_image-with-caption\" data-index=\"11\" ><div class=\"so-widget-image-with-caption so-widget-image-with-caption-default-d75171398898-15055\">\n\n\t\n\t<div class=\"image-with-caption caption-alignment-left\">\n\n\t\t\n\t\t<div class=\"image-with-caption-container-image\">\n\n\t\t\t\n\t\t\t<a href=\"https:\/\/i1.wp.com\/punkt.hu\/wp-content\/uploads\/2021\/01\/punkt-top10-ezek-voltak-2020-legfontosabb-hazai-fotokiallitasai-05.jpg?fit=1750%2C1167&ssl=1\" class=\"chocolat-image\" title=\"M\u00e1rton Perlaki: Soft Corners, interior photo: D\u00e1vid Bir\u00f3\">\n\t\t\t\t<img width=\"890\" height=\"594\" src=\"https:\/\/i1.wp.com\/punkt.hu\/wp-content\/uploads\/2021\/01\/punkt-top10-ezek-voltak-2020-legfontosabb-hazai-fotokiallitasai-05.jpg?fit=890%2C594&amp;ssl=1\" class=\"lazyload\" alt=\"M\u00e1rton Perlaki: Soft Corners, interior photo: D\u00e1vid Bir\u00f3\" srcset=\"https:\/\/i1.wp.com\/punkt.hu\/wp-content\/uploads\/2021\/01\/punkt-top10-ezek-voltak-2020-legfontosabb-hazai-fotokiallitasai-05.jpg?w=1750&amp;ssl=1 1750w, https:\/\/i1.wp.com\/punkt.hu\/wp-content\/uploads\/2021\/01\/punkt-top10-ezek-voltak-2020-legfontosabb-hazai-fotokiallitasai-05.jpg?resize=300%2C200&amp;ssl=1 300w, https:\/\/i1.wp.com\/punkt.hu\/wp-content\/uploads\/2021\/01\/punkt-top10-ezek-voltak-2020-legfontosabb-hazai-fotokiallitasai-05.jpg?resize=1024%2C683&amp;ssl=1 1024w, https:\/\/i1.wp.com\/punkt.hu\/wp-content\/uploads\/2021\/01\/punkt-top10-ezek-voltak-2020-legfontosabb-hazai-fotokiallitasai-05.jpg?resize=768%2C512&amp;ssl=1 768w, https:\/\/i1.wp.com\/punkt.hu\/wp-content\/uploads\/2021\/01\/punkt-top10-ezek-voltak-2020-legfontosabb-hazai-fotokiallitasai-05.jpg?resize=1536%2C1024&amp;ssl=1 1536w, https:\/\/i1.wp.com\/punkt.hu\/wp-content\/uploads\/2021\/01\/punkt-top10-ezek-voltak-2020-legfontosabb-hazai-fotokiallitasai-05.jpg?resize=890%2C594&amp;ssl=1 890w, https:\/\/i1.wp.com\/punkt.hu\/wp-content\/uploads\/2021\/01\/punkt-top10-ezek-voltak-2020-legfontosabb-hazai-fotokiallitasai-05.jpg?resize=690%2C460&amp;ssl=1 690w, https:\/\/i1.wp.com\/punkt.hu\/wp-content\/uploads\/2021\/01\/punkt-top10-ezek-voltak-2020-legfontosabb-hazai-fotokiallitasai-05.jpg?resize=445%2C297&amp;ssl=1 445w, https:\/\/i1.wp.com\/punkt.hu\/wp-content\/uploads\/2021\/01\/punkt-top10-ezek-voltak-2020-legfontosabb-hazai-fotokiallitasai-05.jpg?resize=930%2C620&amp;ssl=1 930w, https:\/\/i1.wp.com\/punkt.hu\/wp-content\/uploads\/2021\/01\/punkt-top10-ezek-voltak-2020-legfontosabb-hazai-fotokiallitasai-05.jpg?resize=525%2C350&amp;ssl=1 525w, https:\/\/i1.wp.com\/punkt.hu\/wp-content\/uploads\/2021\/01\/punkt-top10-ezek-voltak-2020-legfontosabb-hazai-fotokiallitasai-05.jpg?resize=272%2C182&amp;ssl=1 272w\" sizes=\"(max-width: 890px) 100vw, 890px\" \/>\t\t\t<\/a>\n\n\t\t<\/div>\n\n\t\t\t\t\t<div class=\"image-with-caption-container-caption\">\n\t\t\t\t<div class=\"image-with-caption-container-caption-center-fix\">\n\t\t\t\t\t\t\t\t\t\t\t<p class=\"image-with-caption-container-caption-numbers\">01<span class=\"number-separator\"><\/span>03<\/p>\n\t\t\t\t\t\t\t\t\t\t<p class=\"image-with-caption-container-caption-text\">M\u00e1rton Perlaki: Soft Corners, interior photo: D\u00e1vid Bir\u00f3<\/p>\n\t\t\t\t<\/div>\n\t\t\t<\/div>\n\t\t\n\t<\/div>\n\n<\/div><\/div><div id=\"panel-15055-2-0-10\" class=\"so-panel widget widget_aligned-text\" data-index=\"12\" ><div class=\"so-widget-aligned-text so-widget-aligned-text-default-d75171398898-15055\">\n\t<div class=\"aligned-text-right\">\n\t\t<div class=\"text-content\">\n\t\t\t<h3>No. 6<br \/>\n<a href=\"https:\/\/budapestgaleria.hu\/_\/en\/2020-exhibitions\/so-far-so-good\/\" target=\"_blank\" rel=\"noopener\">So Far So Good<\/a> (23 points)<br \/>\nBudapest Gallery<br \/>\n10 July \u2013 6 September, 2020<br \/>\nCurator: Fl\u00f3ra Gad\u00f3<\/h3>\n<p>Exhibiting artists: Adelina Cimochowicz, S\u00e1ri Ember, Barbora Kleinhamplov\u00e1 and Tereza Stejskalov\u00e1, Katerina Konvalinov\u00e1, Kriszti\u00e1n Krist\u00f3f, Virginia Lupu, Zs\u00f3fia Szemz\u0151, Bal\u00e1zs Varju T\u00f3th, Madalina Zaharia<\/p>\n\t\t<\/div>\n\t<\/div>\n<\/div><\/div><div id=\"panel-15055-2-0-11\" class=\"so-panel widget widget_image-with-caption\" data-index=\"13\" ><div class=\"so-widget-image-with-caption so-widget-image-with-caption-default-d75171398898-15055\">\n\n\t\n\t<div class=\"image-with-caption caption-alignment-left\">\n\n\t\t\n\t\t<div class=\"image-with-caption-container-image\">\n\n\t\t\t\n\t\t\t<a href=\"https:\/\/i1.wp.com\/punkt.hu\/wp-content\/uploads\/2021\/01\/punkt-top10-ezek-voltak-2020-legfontosabb-hazai-fotokiallitasai-06.jpg?fit=1800%2C1200&ssl=1\" class=\"chocolat-image\" title=\"So Far So Good, photo: Budapest Gallery\n\">\n\t\t\t\t<img width=\"890\" height=\"593\" src=\"https:\/\/i1.wp.com\/punkt.hu\/wp-content\/uploads\/2021\/01\/punkt-top10-ezek-voltak-2020-legfontosabb-hazai-fotokiallitasai-06.jpg?fit=890%2C593&amp;ssl=1\" class=\"lazyload\" alt=\"So Far So Good, photo: Budapest Gallery\n\" srcset=\"https:\/\/i1.wp.com\/punkt.hu\/wp-content\/uploads\/2021\/01\/punkt-top10-ezek-voltak-2020-legfontosabb-hazai-fotokiallitasai-06.jpg?w=1800&amp;ssl=1 1800w, https:\/\/i1.wp.com\/punkt.hu\/wp-content\/uploads\/2021\/01\/punkt-top10-ezek-voltak-2020-legfontosabb-hazai-fotokiallitasai-06.jpg?resize=300%2C200&amp;ssl=1 300w, https:\/\/i1.wp.com\/punkt.hu\/wp-content\/uploads\/2021\/01\/punkt-top10-ezek-voltak-2020-legfontosabb-hazai-fotokiallitasai-06.jpg?resize=1024%2C683&amp;ssl=1 1024w, https:\/\/i1.wp.com\/punkt.hu\/wp-content\/uploads\/2021\/01\/punkt-top10-ezek-voltak-2020-legfontosabb-hazai-fotokiallitasai-06.jpg?resize=768%2C512&amp;ssl=1 768w, https:\/\/i1.wp.com\/punkt.hu\/wp-content\/uploads\/2021\/01\/punkt-top10-ezek-voltak-2020-legfontosabb-hazai-fotokiallitasai-06.jpg?resize=1536%2C1024&amp;ssl=1 1536w, https:\/\/i1.wp.com\/punkt.hu\/wp-content\/uploads\/2021\/01\/punkt-top10-ezek-voltak-2020-legfontosabb-hazai-fotokiallitasai-06.jpg?resize=890%2C593&amp;ssl=1 890w, https:\/\/i1.wp.com\/punkt.hu\/wp-content\/uploads\/2021\/01\/punkt-top10-ezek-voltak-2020-legfontosabb-hazai-fotokiallitasai-06.jpg?resize=690%2C460&amp;ssl=1 690w, https:\/\/i1.wp.com\/punkt.hu\/wp-content\/uploads\/2021\/01\/punkt-top10-ezek-voltak-2020-legfontosabb-hazai-fotokiallitasai-06.jpg?resize=445%2C297&amp;ssl=1 445w, https:\/\/i1.wp.com\/punkt.hu\/wp-content\/uploads\/2021\/01\/punkt-top10-ezek-voltak-2020-legfontosabb-hazai-fotokiallitasai-06.jpg?resize=930%2C620&amp;ssl=1 930w, https:\/\/i1.wp.com\/punkt.hu\/wp-content\/uploads\/2021\/01\/punkt-top10-ezek-voltak-2020-legfontosabb-hazai-fotokiallitasai-06.jpg?resize=525%2C350&amp;ssl=1 525w, https:\/\/i1.wp.com\/punkt.hu\/wp-content\/uploads\/2021\/01\/punkt-top10-ezek-voltak-2020-legfontosabb-hazai-fotokiallitasai-06.jpg?resize=272%2C182&amp;ssl=1 272w\" sizes=\"(max-width: 890px) 100vw, 890px\" \/>\t\t\t<\/a>\n\n\t\t<\/div>\n\n\t\t\t\t\t<div class=\"image-with-caption-container-caption\">\n\t\t\t\t<div class=\"image-with-caption-container-caption-center-fix\">\n\t\t\t\t\t\t\t\t\t\t\t<p class=\"image-with-caption-container-caption-numbers\">01<span class=\"number-separator\"><\/span>03<\/p>\n\t\t\t\t\t\t\t\t\t\t<p class=\"image-with-caption-container-caption-text\">So Far So Good, photo: Budapest Gallery\n<\/p>\n\t\t\t\t<\/div>\n\t\t\t<\/div>\n\t\t\n\t<\/div>\n\n<\/div><\/div><div id=\"panel-15055-2-0-12\" class=\"so-panel widget widget_aligned-text\" data-index=\"14\" ><div class=\"so-widget-aligned-text so-widget-aligned-text-default-d75171398898-15055\">\n\t<div class=\"aligned-text-right\">\n\t\t<div class=\"text-content\">\n\t\t\t<h3>No. 7<br \/>\n<a href=\"https:\/\/www.maimano.hu\/programs\/exhibition-pal-rosti-travel-notes-from-america\" target=\"_blank\" rel=\"noopener\">P\u00e1l Rosti: Travel Notes from America<\/a><br \/>\nMai Man\u00f3 House<br \/>\n25 August \u2013 4 October, 2020<br \/>\nCurator: Zsuzsa Farkas<\/h3>\n\t\t<\/div>\n\t<\/div>\n<\/div><\/div><div id=\"panel-15055-2-0-13\" class=\"so-panel widget widget_image-with-caption\" data-index=\"15\" ><div class=\"so-widget-image-with-caption so-widget-image-with-caption-default-d75171398898-15055\">\n\n\t\n\t<div class=\"image-with-caption caption-alignment-left\">\n\n\t\t\n\t\t<div class=\"image-with-caption-container-image\">\n\n\t\t\t\n\t\t\t<a href=\"https:\/\/i2.wp.com\/punkt.hu\/wp-content\/uploads\/2021\/01\/punkt-top10-ezek-voltak-2020-legfontosabb-hazai-fotokiallitasai-07.jpg?fit=2000%2C1334&ssl=1\" class=\"chocolat-image\" title=\"Documents of early travel photography, interior photo: Imre Kiss\">\n\t\t\t\t<img width=\"890\" height=\"594\" src=\"https:\/\/i2.wp.com\/punkt.hu\/wp-content\/uploads\/2021\/01\/punkt-top10-ezek-voltak-2020-legfontosabb-hazai-fotokiallitasai-07.jpg?fit=890%2C594&amp;ssl=1\" class=\"lazyload\" alt=\"Documents of early travel photography, interior photo: Imre Kiss\" srcset=\"https:\/\/i2.wp.com\/punkt.hu\/wp-content\/uploads\/2021\/01\/punkt-top10-ezek-voltak-2020-legfontosabb-hazai-fotokiallitasai-07.jpg?w=2000&amp;ssl=1 2000w, https:\/\/i2.wp.com\/punkt.hu\/wp-content\/uploads\/2021\/01\/punkt-top10-ezek-voltak-2020-legfontosabb-hazai-fotokiallitasai-07.jpg?resize=300%2C200&amp;ssl=1 300w, https:\/\/i2.wp.com\/punkt.hu\/wp-content\/uploads\/2021\/01\/punkt-top10-ezek-voltak-2020-legfontosabb-hazai-fotokiallitasai-07.jpg?resize=1024%2C683&amp;ssl=1 1024w, https:\/\/i2.wp.com\/punkt.hu\/wp-content\/uploads\/2021\/01\/punkt-top10-ezek-voltak-2020-legfontosabb-hazai-fotokiallitasai-07.jpg?resize=768%2C512&amp;ssl=1 768w, https:\/\/i2.wp.com\/punkt.hu\/wp-content\/uploads\/2021\/01\/punkt-top10-ezek-voltak-2020-legfontosabb-hazai-fotokiallitasai-07.jpg?resize=1536%2C1025&amp;ssl=1 1536w, https:\/\/i2.wp.com\/punkt.hu\/wp-content\/uploads\/2021\/01\/punkt-top10-ezek-voltak-2020-legfontosabb-hazai-fotokiallitasai-07.jpg?resize=1920%2C1281&amp;ssl=1 1920w, https:\/\/i2.wp.com\/punkt.hu\/wp-content\/uploads\/2021\/01\/punkt-top10-ezek-voltak-2020-legfontosabb-hazai-fotokiallitasai-07.jpg?resize=890%2C594&amp;ssl=1 890w, https:\/\/i2.wp.com\/punkt.hu\/wp-content\/uploads\/2021\/01\/punkt-top10-ezek-voltak-2020-legfontosabb-hazai-fotokiallitasai-07.jpg?resize=690%2C460&amp;ssl=1 690w, https:\/\/i2.wp.com\/punkt.hu\/wp-content\/uploads\/2021\/01\/punkt-top10-ezek-voltak-2020-legfontosabb-hazai-fotokiallitasai-07.jpg?resize=445%2C297&amp;ssl=1 445w, https:\/\/i2.wp.com\/punkt.hu\/wp-content\/uploads\/2021\/01\/punkt-top10-ezek-voltak-2020-legfontosabb-hazai-fotokiallitasai-07.jpg?resize=930%2C620&amp;ssl=1 930w, https:\/\/i2.wp.com\/punkt.hu\/wp-content\/uploads\/2021\/01\/punkt-top10-ezek-voltak-2020-legfontosabb-hazai-fotokiallitasai-07.jpg?resize=525%2C350&amp;ssl=1 525w, https:\/\/i2.wp.com\/punkt.hu\/wp-content\/uploads\/2021\/01\/punkt-top10-ezek-voltak-2020-legfontosabb-hazai-fotokiallitasai-07.jpg?resize=272%2C182&amp;ssl=1 272w, https:\/\/i2.wp.com\/punkt.hu\/wp-content\/uploads\/2021\/01\/punkt-top10-ezek-voltak-2020-legfontosabb-hazai-fotokiallitasai-07.jpg?w=1800&amp;ssl=1 1800w\" sizes=\"(max-width: 890px) 100vw, 890px\" \/>\t\t\t<\/a>\n\n\t\t<\/div>\n\n\t\t\t\t\t<div class=\"image-with-caption-container-caption\">\n\t\t\t\t<div class=\"image-with-caption-container-caption-center-fix\">\n\t\t\t\t\t\t\t\t\t\t\t<p class=\"image-with-caption-container-caption-numbers\">01<span class=\"number-separator\"><\/span>03<\/p>\n\t\t\t\t\t\t\t\t\t\t<p class=\"image-with-caption-container-caption-text\">Documents of early travel photography, interior photo: Imre Kiss<\/p>\n\t\t\t\t<\/div>\n\t\t\t<\/div>\n\t\t\n\t<\/div>\n\n<\/div><\/div><div id=\"panel-15055-2-0-14\" class=\"so-panel widget widget_aligned-text\" data-index=\"16\" ><div class=\"so-widget-aligned-text so-widget-aligned-text-default-d75171398898-15055\">\n\t<div class=\"aligned-text-right\">\n\t\t<div class=\"text-content\">\n\t\t\t<h3>No. 8<br \/>\n<a href=\"https:\/\/www.osaarchivum.org\/galeria-centralis\/2020\/post-soviet\" target=\"_blank\" rel=\"noopener\">Post-Soviet. Lenke Szil\u00e1gyi\u2019s photographs 1990\u20132002<\/a> (18 points)<br \/>\nGaleria Centralis<br \/>\n16 July \u2013 20 September, 2020<br \/>\nCurator: Katalin Sz\u00e9kely<\/h3>\n<p><a href=\"https:\/\/post-soviet.osaarchivum.org\/\" target=\"_blank\" rel=\"noopener\">Virtual tour<\/a><\/p>\n\t\t<\/div>\n\t<\/div>\n<\/div><\/div><div id=\"panel-15055-2-0-15\" class=\"so-panel widget widget_image-with-caption\" data-index=\"17\" ><div class=\"so-widget-image-with-caption so-widget-image-with-caption-default-d75171398898-15055\">\n\n\t\n\t<div class=\"image-with-caption caption-alignment-left\">\n\n\t\t\n\t\t<div class=\"image-with-caption-container-image\">\n\n\t\t\t\n\t\t\t<a href=\"https:\/\/i1.wp.com\/punkt.hu\/wp-content\/uploads\/2021\/01\/punkt-top10-ezek-voltak-2020-legfontosabb-hazai-fotokiallitasai-16.jpg?fit=1920%2C1281&ssl=1\" class=\"chocolat-image\" title=\"Post-Soviet. Lenke Szil\u00e1gyi\u2019s photographs 1990\u20132002, Galeria Centralis\n\">\n\t\t\t\t<img width=\"890\" height=\"594\" src=\"https:\/\/i1.wp.com\/punkt.hu\/wp-content\/uploads\/2021\/01\/punkt-top10-ezek-voltak-2020-legfontosabb-hazai-fotokiallitasai-16.jpg?fit=890%2C594&amp;ssl=1\" class=\"lazyload\" alt=\"Post-Soviet. Lenke Szil\u00e1gyi\u2019s photographs 1990\u20132002, Galeria Centralis\n\" srcset=\"https:\/\/i1.wp.com\/punkt.hu\/wp-content\/uploads\/2021\/01\/punkt-top10-ezek-voltak-2020-legfontosabb-hazai-fotokiallitasai-16.jpg?w=1920&amp;ssl=1 1920w, https:\/\/i1.wp.com\/punkt.hu\/wp-content\/uploads\/2021\/01\/punkt-top10-ezek-voltak-2020-legfontosabb-hazai-fotokiallitasai-16.jpg?resize=300%2C200&amp;ssl=1 300w, https:\/\/i1.wp.com\/punkt.hu\/wp-content\/uploads\/2021\/01\/punkt-top10-ezek-voltak-2020-legfontosabb-hazai-fotokiallitasai-16.jpg?resize=1024%2C683&amp;ssl=1 1024w, https:\/\/i1.wp.com\/punkt.hu\/wp-content\/uploads\/2021\/01\/punkt-top10-ezek-voltak-2020-legfontosabb-hazai-fotokiallitasai-16.jpg?resize=768%2C512&amp;ssl=1 768w, https:\/\/i1.wp.com\/punkt.hu\/wp-content\/uploads\/2021\/01\/punkt-top10-ezek-voltak-2020-legfontosabb-hazai-fotokiallitasai-16.jpg?resize=1536%2C1025&amp;ssl=1 1536w, https:\/\/i1.wp.com\/punkt.hu\/wp-content\/uploads\/2021\/01\/punkt-top10-ezek-voltak-2020-legfontosabb-hazai-fotokiallitasai-16.jpg?resize=890%2C594&amp;ssl=1 890w, https:\/\/i1.wp.com\/punkt.hu\/wp-content\/uploads\/2021\/01\/punkt-top10-ezek-voltak-2020-legfontosabb-hazai-fotokiallitasai-16.jpg?resize=690%2C460&amp;ssl=1 690w, https:\/\/i1.wp.com\/punkt.hu\/wp-content\/uploads\/2021\/01\/punkt-top10-ezek-voltak-2020-legfontosabb-hazai-fotokiallitasai-16.jpg?resize=445%2C297&amp;ssl=1 445w, https:\/\/i1.wp.com\/punkt.hu\/wp-content\/uploads\/2021\/01\/punkt-top10-ezek-voltak-2020-legfontosabb-hazai-fotokiallitasai-16.jpg?resize=930%2C620&amp;ssl=1 930w, https:\/\/i1.wp.com\/punkt.hu\/wp-content\/uploads\/2021\/01\/punkt-top10-ezek-voltak-2020-legfontosabb-hazai-fotokiallitasai-16.jpg?resize=525%2C350&amp;ssl=1 525w, https:\/\/i1.wp.com\/punkt.hu\/wp-content\/uploads\/2021\/01\/punkt-top10-ezek-voltak-2020-legfontosabb-hazai-fotokiallitasai-16.jpg?resize=272%2C182&amp;ssl=1 272w, https:\/\/i1.wp.com\/punkt.hu\/wp-content\/uploads\/2021\/01\/punkt-top10-ezek-voltak-2020-legfontosabb-hazai-fotokiallitasai-16.jpg?w=1800&amp;ssl=1 1800w\" sizes=\"(max-width: 890px) 100vw, 890px\" \/>\t\t\t<\/a>\n\n\t\t<\/div>\n\n\t\t\t\t\t<div class=\"image-with-caption-container-caption\">\n\t\t\t\t<div class=\"image-with-caption-container-caption-center-fix\">\n\t\t\t\t\t\t\t\t\t\t\t<p class=\"image-with-caption-container-caption-numbers\">01<span class=\"number-separator\"><\/span>03<\/p>\n\t\t\t\t\t\t\t\t\t\t<p class=\"image-with-caption-container-caption-text\">Post-Soviet. Lenke Szil\u00e1gyi\u2019s photographs 1990\u20132002, Galeria Centralis\n<\/p>\n\t\t\t\t<\/div>\n\t\t\t<\/div>\n\t\t\n\t<\/div>\n\n<\/div><\/div><div id=\"panel-15055-2-0-16\" class=\"so-panel widget widget_aligned-text\" data-index=\"18\" ><div class=\"so-widget-aligned-text so-widget-aligned-text-default-d75171398898-15055\">\n\t<div class=\"aligned-text-right\">\n\t\t<div class=\"text-content\">\n\t\t\t<h3>No. 9<br \/>\n<a href=\"https:\/\/www.isbnbooks.hu\/en\/2020\/02\/25\/krystyna-bilak-komplement\/\" target=\"_blank\" rel=\"noopener\">Bilak Krystyna: Komplement I Overview #3<\/a> (16 points)<br \/>\nISBN books+gallery<br \/>\n2\u201327 March, 2020<br \/>\nCurator: Andi So\u00f3s<\/h3>\n\t\t<\/div>\n\t<\/div>\n<\/div><\/div><div id=\"panel-15055-2-0-17\" class=\"so-panel widget widget_image-with-caption\" data-index=\"19\" ><div class=\"so-widget-image-with-caption so-widget-image-with-caption-default-d75171398898-15055\">\n\n\t\n\t<div class=\"image-with-caption caption-alignment-left\">\n\n\t\t\n\t\t<div class=\"image-with-caption-container-image\">\n\n\t\t\t\n\t\t\t<a href=\"https:\/\/i2.wp.com\/punkt.hu\/wp-content\/uploads\/2021\/01\/punkt-top10-ezek-voltak-2020-legfontosabb-hazai-fotokiallitasai-08.jpg?fit=2048%2C1365&ssl=1\" class=\"chocolat-image\" title=\"Bilak Krystyna: Komplement I Overview #3 , photo: ISBN books+gallery\">\n\t\t\t\t<img width=\"890\" height=\"593\" src=\"https:\/\/i2.wp.com\/punkt.hu\/wp-content\/uploads\/2021\/01\/punkt-top10-ezek-voltak-2020-legfontosabb-hazai-fotokiallitasai-08.jpg?fit=890%2C593&amp;ssl=1\" class=\"lazyload\" alt=\"Bilak Krystyna: Komplement I Overview #3 , photo: ISBN books+gallery\" srcset=\"https:\/\/i2.wp.com\/punkt.hu\/wp-content\/uploads\/2021\/01\/punkt-top10-ezek-voltak-2020-legfontosabb-hazai-fotokiallitasai-08.jpg?w=2048&amp;ssl=1 2048w, https:\/\/i2.wp.com\/punkt.hu\/wp-content\/uploads\/2021\/01\/punkt-top10-ezek-voltak-2020-legfontosabb-hazai-fotokiallitasai-08.jpg?resize=300%2C200&amp;ssl=1 300w, https:\/\/i2.wp.com\/punkt.hu\/wp-content\/uploads\/2021\/01\/punkt-top10-ezek-voltak-2020-legfontosabb-hazai-fotokiallitasai-08.jpg?resize=1024%2C683&amp;ssl=1 1024w, https:\/\/i2.wp.com\/punkt.hu\/wp-content\/uploads\/2021\/01\/punkt-top10-ezek-voltak-2020-legfontosabb-hazai-fotokiallitasai-08.jpg?resize=768%2C512&amp;ssl=1 768w, https:\/\/i2.wp.com\/punkt.hu\/wp-content\/uploads\/2021\/01\/punkt-top10-ezek-voltak-2020-legfontosabb-hazai-fotokiallitasai-08.jpg?resize=1536%2C1024&amp;ssl=1 1536w, https:\/\/i2.wp.com\/punkt.hu\/wp-content\/uploads\/2021\/01\/punkt-top10-ezek-voltak-2020-legfontosabb-hazai-fotokiallitasai-08.jpg?resize=1920%2C1280&amp;ssl=1 1920w, https:\/\/i2.wp.com\/punkt.hu\/wp-content\/uploads\/2021\/01\/punkt-top10-ezek-voltak-2020-legfontosabb-hazai-fotokiallitasai-08.jpg?resize=890%2C593&amp;ssl=1 890w, https:\/\/i2.wp.com\/punkt.hu\/wp-content\/uploads\/2021\/01\/punkt-top10-ezek-voltak-2020-legfontosabb-hazai-fotokiallitasai-08.jpg?resize=690%2C460&amp;ssl=1 690w, https:\/\/i2.wp.com\/punkt.hu\/wp-content\/uploads\/2021\/01\/punkt-top10-ezek-voltak-2020-legfontosabb-hazai-fotokiallitasai-08.jpg?resize=445%2C297&amp;ssl=1 445w, https:\/\/i2.wp.com\/punkt.hu\/wp-content\/uploads\/2021\/01\/punkt-top10-ezek-voltak-2020-legfontosabb-hazai-fotokiallitasai-08.jpg?resize=930%2C620&amp;ssl=1 930w, https:\/\/i2.wp.com\/punkt.hu\/wp-content\/uploads\/2021\/01\/punkt-top10-ezek-voltak-2020-legfontosabb-hazai-fotokiallitasai-08.jpg?resize=525%2C350&amp;ssl=1 525w, https:\/\/i2.wp.com\/punkt.hu\/wp-content\/uploads\/2021\/01\/punkt-top10-ezek-voltak-2020-legfontosabb-hazai-fotokiallitasai-08.jpg?resize=272%2C182&amp;ssl=1 272w, https:\/\/i2.wp.com\/punkt.hu\/wp-content\/uploads\/2021\/01\/punkt-top10-ezek-voltak-2020-legfontosabb-hazai-fotokiallitasai-08.jpg?w=1800&amp;ssl=1 1800w\" sizes=\"(max-width: 890px) 100vw, 890px\" \/>\t\t\t<\/a>\n\n\t\t<\/div>\n\n\t\t\t\t\t<div class=\"image-with-caption-container-caption\">\n\t\t\t\t<div class=\"image-with-caption-container-caption-center-fix\">\n\t\t\t\t\t\t\t\t\t\t\t<p class=\"image-with-caption-container-caption-numbers\">01<span class=\"number-separator\"><\/span>03<\/p>\n\t\t\t\t\t\t\t\t\t\t<p class=\"image-with-caption-container-caption-text\">Bilak Krystyna: Komplement I Overview #3 , photo: ISBN books+gallery<\/p>\n\t\t\t\t<\/div>\n\t\t\t<\/div>\n\t\t\n\t<\/div>\n\n<\/div><\/div><div id=\"panel-15055-2-0-18\" class=\"so-panel widget widget_aligned-text\" data-index=\"20\" ><div class=\"so-widget-aligned-text so-widget-aligned-text-default-d75171398898-15055\">\n\t<div class=\"aligned-text-right\">\n\t\t<div class=\"text-content\">\n\t\t\t<h3>Nos. 10\u201312<br \/>\n<a href=\"http:\/\/mucsarnok.hu\/exhibitions\/exhibitions.php?mid=i2bPq9oEfHFmLrNB1AE3Gz\" target=\"_blank\" rel=\"noopener\">\u00c9va Keleti: LIFE\/PICS<\/a> (15 points)<br \/>\nM\u0171csarnok<br \/>\n11 December, 2019 \u2013 9 February, 2020<br \/>\nCurator: Kl\u00e1ra Szarka<\/h3>\n<p><a href=\"http:\/\/mucsarnok.hu\/panoramafoto\/keleti_eva\/\" target=\"_blank\" rel=\"noopener\">Virtual tour<\/a><\/p>\n\t\t<\/div>\n\t<\/div>\n<\/div><\/div><div id=\"panel-15055-2-0-19\" class=\"so-panel widget widget_image-with-caption\" data-index=\"21\" ><div class=\"so-widget-image-with-caption so-widget-image-with-caption-default-d75171398898-15055\">\n\n\t\n\t<div class=\"image-with-caption caption-alignment-left\">\n\n\t\t\n\t\t<div class=\"image-with-caption-container-image\">\n\n\t\t\t\n\t\t\t<a href=\"https:\/\/i1.wp.com\/punkt.hu\/wp-content\/uploads\/2021\/01\/punkt-top10-ezek-voltak-2020-legfontosabb-hazai-fotokiallitasai-10.jpg?fit=2048%2C1367&ssl=1\" class=\"chocolat-image\" title=\"\u00c9va Keleti: LIFE\/PICS, photo: M\u0171csarnok\">\n\t\t\t\t<img width=\"890\" height=\"594\" src=\"https:\/\/i1.wp.com\/punkt.hu\/wp-content\/uploads\/2021\/01\/punkt-top10-ezek-voltak-2020-legfontosabb-hazai-fotokiallitasai-10.jpg?fit=890%2C594&amp;ssl=1\" class=\"lazyload\" alt=\"\u00c9va Keleti: LIFE\/PICS, photo: M\u0171csarnok\" srcset=\"https:\/\/i1.wp.com\/punkt.hu\/wp-content\/uploads\/2021\/01\/punkt-top10-ezek-voltak-2020-legfontosabb-hazai-fotokiallitasai-10.jpg?w=2048&amp;ssl=1 2048w, https:\/\/i1.wp.com\/punkt.hu\/wp-content\/uploads\/2021\/01\/punkt-top10-ezek-voltak-2020-legfontosabb-hazai-fotokiallitasai-10.jpg?resize=300%2C200&amp;ssl=1 300w, https:\/\/i1.wp.com\/punkt.hu\/wp-content\/uploads\/2021\/01\/punkt-top10-ezek-voltak-2020-legfontosabb-hazai-fotokiallitasai-10.jpg?resize=1024%2C684&amp;ssl=1 1024w, https:\/\/i1.wp.com\/punkt.hu\/wp-content\/uploads\/2021\/01\/punkt-top10-ezek-voltak-2020-legfontosabb-hazai-fotokiallitasai-10.jpg?resize=768%2C513&amp;ssl=1 768w, https:\/\/i1.wp.com\/punkt.hu\/wp-content\/uploads\/2021\/01\/punkt-top10-ezek-voltak-2020-legfontosabb-hazai-fotokiallitasai-10.jpg?resize=1536%2C1025&amp;ssl=1 1536w, https:\/\/i1.wp.com\/punkt.hu\/wp-content\/uploads\/2021\/01\/punkt-top10-ezek-voltak-2020-legfontosabb-hazai-fotokiallitasai-10.jpg?resize=1920%2C1282&amp;ssl=1 1920w, https:\/\/i1.wp.com\/punkt.hu\/wp-content\/uploads\/2021\/01\/punkt-top10-ezek-voltak-2020-legfontosabb-hazai-fotokiallitasai-10.jpg?resize=890%2C594&amp;ssl=1 890w, https:\/\/i1.wp.com\/punkt.hu\/wp-content\/uploads\/2021\/01\/punkt-top10-ezek-voltak-2020-legfontosabb-hazai-fotokiallitasai-10.jpg?resize=690%2C461&amp;ssl=1 690w, https:\/\/i1.wp.com\/punkt.hu\/wp-content\/uploads\/2021\/01\/punkt-top10-ezek-voltak-2020-legfontosabb-hazai-fotokiallitasai-10.jpg?resize=445%2C297&amp;ssl=1 445w, https:\/\/i1.wp.com\/punkt.hu\/wp-content\/uploads\/2021\/01\/punkt-top10-ezek-voltak-2020-legfontosabb-hazai-fotokiallitasai-10.jpg?resize=930%2C621&amp;ssl=1 930w, https:\/\/i1.wp.com\/punkt.hu\/wp-content\/uploads\/2021\/01\/punkt-top10-ezek-voltak-2020-legfontosabb-hazai-fotokiallitasai-10.jpg?resize=524%2C350&amp;ssl=1 524w, https:\/\/i1.wp.com\/punkt.hu\/wp-content\/uploads\/2021\/01\/punkt-top10-ezek-voltak-2020-legfontosabb-hazai-fotokiallitasai-10.jpg?resize=272%2C182&amp;ssl=1 272w, https:\/\/i1.wp.com\/punkt.hu\/wp-content\/uploads\/2021\/01\/punkt-top10-ezek-voltak-2020-legfontosabb-hazai-fotokiallitasai-10.jpg?w=1800&amp;ssl=1 1800w\" sizes=\"(max-width: 890px) 100vw, 890px\" \/>\t\t\t<\/a>\n\n\t\t<\/div>\n\n\t\t\t\t\t<div class=\"image-with-caption-container-caption\">\n\t\t\t\t<div class=\"image-with-caption-container-caption-center-fix\">\n\t\t\t\t\t\t\t\t\t\t\t<p class=\"image-with-caption-container-caption-numbers\">01<span class=\"number-separator\"><\/span>03<\/p>\n\t\t\t\t\t\t\t\t\t\t<p class=\"image-with-caption-container-caption-text\">\u00c9va Keleti: LIFE\/PICS, photo: M\u0171csarnok<\/p>\n\t\t\t\t<\/div>\n\t\t\t<\/div>\n\t\t\n\t<\/div>\n\n<\/div><\/div><div id=\"panel-15055-2-0-20\" class=\"so-panel widget widget_aligned-text\" data-index=\"22\" ><div class=\"so-widget-aligned-text so-widget-aligned-text-default-d75171398898-15055\">\n\t<div class=\"aligned-text-right\">\n\t\t<div class=\"text-content\">\n\t\t\t<h3>Nos. 10\u201312<br \/>\n<a href=\"https:\/\/capacenter.hu\/en\/kiallitasok\/38th-hungarian-press-photo-exhibition\/\" target=\"_blank\" rel=\"noopener\">38th Hungarian Press Photo Exhibition<\/a> (15 points)<br \/>\nCapa Centre<br \/>\n9 September \u2013 15 November, 2020<br \/>\nCurator: Tam\u00e1s Szigeti<\/h3>\n<p>Exhibiting photographers: Orsolya Ajpek, M\u00e1t\u00e9 Bach, R\u00f3bert L\u00e1szl\u00f3 B\u00e1csi, Zolt\u00e1n Balogh, G\u00e1bor Bank\u00f3, Istv\u00e1n Bielik, Lajos Bir\u00f3, Orsolya Boncs\u00e9r, Andr\u00e1s \u00c1. Cs\u00e9falvay, Zsuzsanna Csillag, S\u00e1ndor Csudai, Bal\u00e1zs Czag\u00e1ny, Zsolt Czegl\u00e9di, Tam\u00e1s Domb\u00f3va\u0301ri, Zsolt E\u00f6ri Szab\u00f3, Istv\u00e1n Fazekas, M\u00e1rton Ficsor, \u00c1rp\u00e1d F\u00f6ldh\u00e1zi, Imre F\u00f6ldi, Laura G\u00f6tzinger, Andr\u00e1s Hajd\u00fa D., Tibor Illy\u00e9s, \u00c1kos Kaiser, Istv\u00e1n Kerekes M., L\u00f3r\u00e1nt Kiss, S\u00e1ra K\u00f6lcsey-Gyurk\u00f3, P\u00e9ter Komka, Szil\u00e1rd Kosztics\u00e1k, Bea Kov\u00e1cs, Tam\u00e1s Kov\u00e1cs, M\u00e1t\u00e9 Ladja\u0301nszki, Benedek Lakatos, Ferenc L\u0151rincz Jr, J\u00e1nos M. Schmidt, J\u00e1nos Marjai, D\u00e9nes M\u00e1rtonfai, Szilvia Micheller, Bal\u00e1zs Mohai, M\u00e1rton Mohos, M\u00e1rton M\u00f3nus, Simon M\u00f3ricz-Sabj\u00e1n, J\u00e1cint Nagy, Attila N\u00e9meth, Gabriella N\u00e9meth, B\u00e1lint N\u00e9meth-M\u00e9sz\u00e1ros, Attila Poly\u00e1k, P\u00e9ter R\u00e1cz, Mil\u00e1n Radisics, Zsolt Reviczky, D\u00e1niel R\u00f6hrig, Istv\u00e1n Csaba S\u00e1nta, Tam\u00e1s S\u00f3ki, Bertalan So\u00f3s, Zsolt Sz\u00e9kelyhidi, Mikl\u00f3s Tekn\u0151s, Csaba T\u00f6k\u00f6lyi, J\u00e1nos T\u00f6r\u00f6k, \u00c1da\u0301m Urba\u0301n, G\u00e1bor Valuska, Tibor V\u00e1ri, P\u00e9ter Zsolnai<\/p>\n\t\t<\/div>\n\t<\/div>\n<\/div><\/div><div id=\"panel-15055-2-0-21\" class=\"so-panel widget widget_image-with-caption\" data-index=\"23\" ><div class=\"so-widget-image-with-caption so-widget-image-with-caption-default-d75171398898-15055\">\n\n\t\n\t<div class=\"image-with-caption caption-alignment-left\">\n\n\t\t\n\t\t<div class=\"image-with-caption-container-image\">\n\n\t\t\t\n\t\t\t<a href=\"https:\/\/i1.wp.com\/punkt.hu\/wp-content\/uploads\/2021\/01\/punkt-top10-ezek-voltak-2020-legfontosabb-hazai-fotokiallitasai-09.jpg?fit=2048%2C1365&ssl=1\" class=\"chocolat-image\" title=\"38th Hungarian Press Photo Exhibition, photo: Capa Centre\">\n\t\t\t\t<img width=\"890\" height=\"593\" src=\"https:\/\/i1.wp.com\/punkt.hu\/wp-content\/uploads\/2021\/01\/punkt-top10-ezek-voltak-2020-legfontosabb-hazai-fotokiallitasai-09.jpg?fit=890%2C593&amp;ssl=1\" class=\"lazyload\" alt=\"38th Hungarian Press Photo Exhibition, photo: Capa Centre\" srcset=\"https:\/\/i1.wp.com\/punkt.hu\/wp-content\/uploads\/2021\/01\/punkt-top10-ezek-voltak-2020-legfontosabb-hazai-fotokiallitasai-09.jpg?w=2048&amp;ssl=1 2048w, https:\/\/i1.wp.com\/punkt.hu\/wp-content\/uploads\/2021\/01\/punkt-top10-ezek-voltak-2020-legfontosabb-hazai-fotokiallitasai-09.jpg?resize=300%2C200&amp;ssl=1 300w, https:\/\/i1.wp.com\/punkt.hu\/wp-content\/uploads\/2021\/01\/punkt-top10-ezek-voltak-2020-legfontosabb-hazai-fotokiallitasai-09.jpg?resize=1024%2C683&amp;ssl=1 1024w, https:\/\/i1.wp.com\/punkt.hu\/wp-content\/uploads\/2021\/01\/punkt-top10-ezek-voltak-2020-legfontosabb-hazai-fotokiallitasai-09.jpg?resize=768%2C512&amp;ssl=1 768w, https:\/\/i1.wp.com\/punkt.hu\/wp-content\/uploads\/2021\/01\/punkt-top10-ezek-voltak-2020-legfontosabb-hazai-fotokiallitasai-09.jpg?resize=1536%2C1024&amp;ssl=1 1536w, https:\/\/i1.wp.com\/punkt.hu\/wp-content\/uploads\/2021\/01\/punkt-top10-ezek-voltak-2020-legfontosabb-hazai-fotokiallitasai-09.jpg?resize=1920%2C1280&amp;ssl=1 1920w, https:\/\/i1.wp.com\/punkt.hu\/wp-content\/uploads\/2021\/01\/punkt-top10-ezek-voltak-2020-legfontosabb-hazai-fotokiallitasai-09.jpg?resize=890%2C593&amp;ssl=1 890w, https:\/\/i1.wp.com\/punkt.hu\/wp-content\/uploads\/2021\/01\/punkt-top10-ezek-voltak-2020-legfontosabb-hazai-fotokiallitasai-09.jpg?resize=690%2C460&amp;ssl=1 690w, https:\/\/i1.wp.com\/punkt.hu\/wp-content\/uploads\/2021\/01\/punkt-top10-ezek-voltak-2020-legfontosabb-hazai-fotokiallitasai-09.jpg?resize=445%2C297&amp;ssl=1 445w, https:\/\/i1.wp.com\/punkt.hu\/wp-content\/uploads\/2021\/01\/punkt-top10-ezek-voltak-2020-legfontosabb-hazai-fotokiallitasai-09.jpg?resize=930%2C620&amp;ssl=1 930w, https:\/\/i1.wp.com\/punkt.hu\/wp-content\/uploads\/2021\/01\/punkt-top10-ezek-voltak-2020-legfontosabb-hazai-fotokiallitasai-09.jpg?resize=525%2C350&amp;ssl=1 525w, https:\/\/i1.wp.com\/punkt.hu\/wp-content\/uploads\/2021\/01\/punkt-top10-ezek-voltak-2020-legfontosabb-hazai-fotokiallitasai-09.jpg?resize=272%2C182&amp;ssl=1 272w, https:\/\/i1.wp.com\/punkt.hu\/wp-content\/uploads\/2021\/01\/punkt-top10-ezek-voltak-2020-legfontosabb-hazai-fotokiallitasai-09.jpg?w=1800&amp;ssl=1 1800w\" sizes=\"(max-width: 890px) 100vw, 890px\" \/>\t\t\t<\/a>\n\n\t\t<\/div>\n\n\t\t\t\t\t<div class=\"image-with-caption-container-caption\">\n\t\t\t\t<div class=\"image-with-caption-container-caption-center-fix\">\n\t\t\t\t\t\t\t\t\t\t\t<p class=\"image-with-caption-container-caption-numbers\">01<span class=\"number-separator\"><\/span>03<\/p>\n\t\t\t\t\t\t\t\t\t\t<p class=\"image-with-caption-container-caption-text\">38th Hungarian Press Photo Exhibition, photo: Capa Centre<\/p>\n\t\t\t\t<\/div>\n\t\t\t<\/div>\n\t\t\n\t<\/div>\n\n<\/div><\/div><div id=\"panel-15055-2-0-22\" class=\"so-panel widget widget_aligned-text\" data-index=\"24\" ><div class=\"so-widget-aligned-text so-widget-aligned-text-default-d75171398898-15055\">\n\t<div class=\"aligned-text-right\">\n\t\t<div class=\"text-content\">\n\t\t\t<h3>Nos. 10\u201312<br \/>\n<a href=\"http:\/\/2b-org.hu\/aszerelemrol\/info_English.pdf\" target=\"_blank\" rel=\"noopener\">Lilla Sz\u00e1sz, Maria Do Mar R\u00eago: About Love<\/a> (15 points)<br \/>\n2B Gallery<br \/>\n4 November \u2013 10 December, 2020<br \/>\nCurator: Judit Gell\u00e9r<\/h3>\n\t\t<\/div>\n\t<\/div>\n<\/div><\/div><div id=\"panel-15055-2-0-23\" class=\"so-panel widget widget_image-with-caption panel-last-child\" data-index=\"25\" ><div class=\"so-widget-image-with-caption so-widget-image-with-caption-default-d75171398898-15055\">\n\n\t\n\t<div class=\"image-with-caption caption-alignment-left\">\n\n\t\t\n\t\t<div class=\"image-with-caption-container-image\">\n\n\t\t\t\n\t\t\t<a href=\"https:\/\/i2.wp.com\/punkt.hu\/wp-content\/uploads\/2021\/01\/punkt-top10-ezek-voltak-2020-legfontosabb-hazai-fotokiallitasai-12.jpg?fit=2560%2C2560&ssl=1\" class=\"chocolat-image\" title=\"Lilla Sz\u00e1sz, Maria Do Mar R\u00eago: About Love, photo: L\u00e1szl\u00f3 B\u00f6r\u00f6cz\">\n\t\t\t\t<img width=\"890\" height=\"890\" src=\"https:\/\/i2.wp.com\/punkt.hu\/wp-content\/uploads\/2021\/01\/punkt-top10-ezek-voltak-2020-legfontosabb-hazai-fotokiallitasai-12.jpg?fit=890%2C890&amp;ssl=1\" class=\"lazyload\" alt=\"Lilla Sz\u00e1sz, Maria Do Mar R\u00eago: About Love, photo: L\u00e1szl\u00f3 B\u00f6r\u00f6cz\" \/>\t\t\t<\/a>\n\n\t\t<\/div>\n\n\t\t\t\t\t<div class=\"image-with-caption-container-caption\">\n\t\t\t\t<div class=\"image-with-caption-container-caption-center-fix\">\n\t\t\t\t\t\t\t\t\t\t\t<p class=\"image-with-caption-container-caption-numbers\">01<span class=\"number-separator\"><\/span>03<\/p>\n\t\t\t\t\t\t\t\t\t\t<p class=\"image-with-caption-container-caption-text\">Lilla Sz\u00e1sz, Maria Do Mar R\u00eago: About Love, photo: L\u00e1szl\u00f3 B\u00f6r\u00f6cz<\/p>\n\t\t\t\t<\/div>\n\t\t\t<\/div>\n\t\t\n\t<\/div>\n\n<\/div><\/div><\/div><\/div><div id=\"pg-15055-3\"  class=\"panel-grid panel-no-style\" ><div id=\"pgc-15055-3-0\"  class=\"panel-grid-cell panel-grid-cell-mobile-last\" ><div id=\"panel-15055-3-0-0\" class=\"so-panel widget widget_aligned-text panel-first-child\" data-index=\"26\" ><div class=\"so-widget-aligned-text so-widget-aligned-text-default-d75171398898-15055\">\n\t<div class=\"aligned-text-right\">\n\t\t<div class=\"text-content\">\n\t\t\t<p>Nos. 13\u201314<br \/>\n<strong><a href=\"https:\/\/www.gica.hu\/post\/szab%C3%B3-dezs%C5%91-kamera-n%C3%A9lk%C3%BCl---cameraless\" target=\"_blank\" rel=\"noopener\">Dezs\u0151 Szab\u00f3: Cameraless<\/a><\/strong> (14 points)<br \/>\nGodot Institute of Contemporary Art<br \/>\n26 September \u2013 4 October, 2020<\/p>\n\t\t<\/div>\n\t<\/div>\n<\/div><\/div><div id=\"panel-15055-3-0-1\" class=\"so-panel widget widget_aligned-text\" data-index=\"27\" ><div class=\"so-widget-aligned-text so-widget-aligned-text-default-d75171398898-15055\">\n\t<div class=\"aligned-text-right\">\n\t\t<div class=\"text-content\">\n\t\t\t<p>Nos. 13\u201314<br \/>\n<strong><a href=\"http:\/\/www.modemart.hu\/en\/kiallitas\/melyaramok\/\" target=\"_blank\" rel=\"noopener\">Deep Flows \u2013 Contemporary Hungarian Photography vs Classics<\/a><\/strong> (14 points)<br \/>\nMODEM - Centre for Modern and Contemporary Art<br \/>\n14 December, 2019 \u2013 15 March, 2020<br \/>\nCurators: Kl\u00e1ra Szarka, Rita Somosi<\/p>\n<p>Exhibiting artists: Paul Alm\u00e1sy, Rogi Andr\u00e9, S\u00e1ndor Ap\u00e1ti-T\u00f3th, Zsolt Bal\u00e1zs, Demeter Balla, Andr\u00e1s Balla, Vikt\u00f3ria Balogh, Andr\u00e1s B\u00e1n, Attila Bartis, Andrea B\u00e1torfi, Imre Benk\u0151, Etienne Beothy, D\u00e1vid Bir\u00f3, R\u00e9ka Bohus, Gy\u00f6rgy Boros, Brassa\u00ef, K\u00e1roly Chochol, S\u00e1ndor Csortos Szab\u00f3, Zsuzsa Darab, Bal\u00e1zs Deim, M\u00e1t\u00e9 Di\u00f3si, R\u00f3bert \u00c9rdi, J\u00e1nos Fej\u00e9r, P\u00e9ter Flanek, Aliona Frankl, Gy\u00f6rgy G\u00e1ti, K\u00e1roly Gink, Gell\u00e9rt Gombai, Mikl\u00f3s Guly\u00e1s, Szilvia Gyulai, Attila Haid, Zsolt Hamarits, Eszter Herczeg, P\u00e9ter Herendi, Rodolf Herv\u00e9, Lucien Herv\u00e9, Iv\u00e1n Hevesy, Judit Horv\u00e1th M., L\u00e1szl\u00f3 Horv\u00e1th, P\u00e1l Kaczur, Joseph Kadar, M\u00e1rton K\u00e1llai, \u00c9va Keleti, G\u00e1bor Kerekes, \u00c1rp\u00e1d Kiss-Kuntler, Bogl\u00e1rka Kokavecz, Dora Kontha, Ergy Landau, Lilla Liszkay, L\u00e1szl\u00f3 Lugosi Lugo, Fanni Luzsicza, D\u00f3ra Maurer, L\u00e1szl\u00f3 M\u00e9sz\u00e1ros, R\u00e9ka Mikes-Devich, Emese Miskolczi, Nadar, Rozina P\u00e1tkai, Hanna R\u00e9dling, Benedek Reg\u0151s, G\u00e1sp\u00e1r Risk\u00f3, P\u00e9ter Rizmayer, Anna Rubi, Emese S\u00e1ndor, Ill\u00e9s Sarkanty\u00fa, Tam\u00e1s Schild, G\u00e1bor Si\u00f3r\u00e9ti, Zs\u00f3fia Siv\u00e1k, Lajos Soml\u00f3si, Kata Somogyv\u00e1ri, Kata Sug\u00e1r, Dr J\u00e1nos Sz\u00e1sz, Eszter Szalai, \u00c1gi Szal\u00f3ki, Lenke Szil\u00e1gyi, Gy\u00f6rgy T\u00f3th, Alexandre Trauner, \u00c1d\u00e1m Urb\u00e1n, Tam\u00e1s Varga, Katalin Vasali, Elem\u00e9r Vattay, \u00c1gi Vedres, Magdolna V\u00e9k\u00e1s, S\u00e1ri Zagyvai<\/p>\n\t\t<\/div>\n\t<\/div>\n<\/div><\/div><div id=\"panel-15055-3-0-2\" class=\"so-panel widget widget_aligned-text\" data-index=\"28\" ><div class=\"so-widget-aligned-text so-widget-aligned-text-default-d75171398898-15055\">\n\t<div class=\"aligned-text-right\">\n\t\t<div class=\"text-content\">\n\t\t\t<p>No. 15<br \/>\n<a href=\"http:\/\/kiscellimuzeum.hu\/eng\/\" target=\"_blank\" rel=\"noopener\"><strong>BODY IMAGE \u2013 The Nude in Contemporary Hungarian Photography<\/strong><\/a> (13 points)<br \/>\nKiscelli Museum<br \/>\n4 April \u2013 15 November, 2020<br \/>\nCurators: Kl\u00e1ra Szarka, Rita Somosi<\/p>\n<p>Exhibiting artists:<\/p>\n<p>Attila Bartis, Kincs\u0151 Bede, S\u00e1ndor Benk\u0151, G\u00e1bor Buda, M\u00e1t\u00e9 Di\u00f3si, J\u00e1nos Eifert, Ilka Fedor, P\u00e9ter Flanek, B\u00e1lint Hirling, Enik\u0151 Hodosy, Viola Kaulics, Martha Kicsiny, Anna Kis-K\u00e9ry, Emese Kiss, Bea Kolozsi, Dora Kontha, Eveline Kusny\u00e1r, Katalin London, L\u00e1szl\u00f3 M\u00e9sz\u00e1ros, G\u00e1bor P\u00e1l, Rozina P\u00e1tkai, S\u00e1ndor Pinczehelyi, Hanna R\u00e9dling, Tam\u00e1s R\u00e9they-Prikkel, Kata Somogyv\u00e1ri, Judit Spany\u00e1r, \u00c9va Szombat, T\u00edmea Telkes, P\u00e9ter T\u00edm\u00e1r, Zolt\u00e1n Tombor, P\u00e9ter Trembeczki, \u00c1d\u00e1m Urb\u00e1n, Zolt\u00e1n Vad\u00e1szi, Tam\u00e1s Varga, Kata Vasali, \u00c1gi Verebics<\/p>\n<p><a href=\"http:\/\/kiscellimuzeum.hu\/sites\/default\/files\/pictures\/bpf\/katalogus\/katalogus2020PRINT_crop.pdf\" target=\"_blank\" rel=\"noopener\">Exhibition catalogue (.pdf)<\/a><\/p>\n\t\t<\/div>\n\t<\/div>\n<\/div><\/div><div id=\"panel-15055-3-0-3\" class=\"so-panel widget widget_aligned-text\" data-index=\"29\" ><div class=\"so-widget-aligned-text so-widget-aligned-text-default-d75171398898-15055\">\n\t<div class=\"aligned-text-right\">\n\t\t<div class=\"text-content\">\n\t\t\t<p>Nos. 16\u201317\u201318<br \/>\n<a href=\"http:\/\/www.art9.hu\/\" target=\"_blank\" rel=\"noopener\"><strong>Enik\u0151 G\u00e1bor: Introversions<\/strong><\/a> (12 points)<br \/>\nArt9 Gallery<br \/>\n27 October \u2013 6 November, 2020<\/p>\n\t\t<\/div>\n\t<\/div>\n<\/div><\/div><div id=\"panel-15055-3-0-4\" class=\"so-panel widget widget_aligned-text\" data-index=\"30\" ><div class=\"so-widget-aligned-text so-widget-aligned-text-default-d75171398898-15055\">\n\t<div class=\"aligned-text-right\">\n\t\t<div class=\"text-content\">\n\t\t\t<p>Nos. 16\u201317\u201318<br \/>\n<a href=\"https:\/\/mnm.hu\/en\/exhibitions\/temporary\/world-press-photo-2020-stories-matter\" target=\"_blank\" rel=\"noopener\"><strong>World Press Photo 2020<\/strong><\/a> (12 points)<br \/>\nHungarian National Museum<br \/>\n24 September \u2013 25 October, 2020<\/p>\n<p>Brochure with the exhibited images and their description (.pdf)<\/p>\n\t\t<\/div>\n\t<\/div>\n<\/div><\/div><div id=\"panel-15055-3-0-5\" class=\"so-panel widget widget_aligned-text\" data-index=\"31\" ><div class=\"so-widget-aligned-text so-widget-aligned-text-default-d75171398898-15055\">\n\t<div class=\"aligned-text-right\">\n\t\t<div class=\"text-content\">\n\t\t\t<p>Nos. 16\u201317\u201318<br \/>\n<strong><a href=\"http:\/\/trpz.hu\/exhibition.php?id=59\" target=\"_blank\" rel=\"noopener\">D\u00e1vid Bir\u00f3: Do You Accept Cookies?<\/a><\/strong> (12 points)<br \/>\nTrap\u00e9z Gallery<br \/>\n9 June \u2013 18 September, 2020<\/p>\n<p>Punkt\u2019s interview with D\u00e1vid Bir\u00f3: \u201c<a href=\"https:\/\/punkt.hu\/en\/2020\/07\/31\/i-had-a-face-recognition-system-as-a-creative-partner-an-interview-with-david-biro\/\" target=\"_blank\" rel=\"noopener\">I had a face recognition system as a creative partner<\/a>\"<\/p>\n\t\t<\/div>\n\t<\/div>\n<\/div><\/div><div id=\"panel-15055-3-0-6\" class=\"so-panel widget widget_aligned-text\" data-index=\"32\" ><div class=\"so-widget-aligned-text so-widget-aligned-text-default-d75171398898-15055\">\n\t<div class=\"aligned-text-right\">\n\t\t<div class=\"text-content\">\n\t\t\t<p>Nos. 19\u201320\u201321<br \/>\n<a href=\"https:\/\/www.maimano.hu\/programs\/katharina-roters-anatomy-of-a-dream\" target=\"_blank\" rel=\"noopener\"><strong>Katharina Roters: Anatomy of a Dream. Architectural phantasms and urban utopias in Armenia<\/strong><\/a> (11 points)<br \/>\nMai Man\u00f3 House<br \/>\n29 January \u2013 8 March, 2020<br \/>\nCurator: R\u00f3na Kopeczky<\/p>\n\t\t<\/div>\n\t<\/div>\n<\/div><\/div><div id=\"panel-15055-3-0-7\" class=\"so-panel widget widget_aligned-text\" data-index=\"33\" ><div class=\"so-widget-aligned-text so-widget-aligned-text-default-d75171398898-15055\">\n\t<div class=\"aligned-text-right\">\n\t\t<div class=\"text-content\">\n\t\t\t<p>Nos. 19\u201320\u201321<br \/>\n<a href=\"https:\/\/www.maimano.hu\/programs\/exhibition-a-new-look\" target=\"_blank\" rel=\"noopener\"><strong>A NEW LOOK: A Selection from the Collection of the Hungarian Museum of Photography<\/strong><\/a><br \/>\n(11 points)<br \/>\nMai Man\u00f3 House<br \/>\n14 July \u2013 16 August, 2020<br \/>\nCurators: P\u00e9ter Baki \u2013 Alad\u00e1r Sz\u00e9kely, Vikt\u00f3ria Balogh \u2013 Ferenc Ha\u00e1r, Edit Barta \u2013 F. G. Haller, Imre Kiss \u2013 Zolt\u00e1n Berekm\u00e9ri, Judit Fl\u00f3ra Schuller \u2013 Olga M\u00e1t\u00e9<\/p>\n\t\t<\/div>\n\t<\/div>\n<\/div><\/div><div id=\"panel-15055-3-0-8\" class=\"so-panel widget widget_aligned-text\" data-index=\"34\" ><div class=\"so-widget-aligned-text so-widget-aligned-text-default-d75171398898-15055\">\n\t<div class=\"aligned-text-right\">\n\t\t<div class=\"text-content\">\n\t\t\t<p>Nos. 19\u201320\u201321<br \/>\n<a href=\"https:\/\/pim.hu\/en\/exhibition\/new-waters\" target=\"_blank\" rel=\"noopener\"><strong>On New Waters... Writers and Artists in Alad\u00e1r Sz\u00e9kely\u2019s Studio<\/strong><\/a> (11 points)<br \/>\nPet\u0151fi Literary Museum<br \/>\n22 October, 2020 \u2013 31 January, 2021<br \/>\nCurators: Csilla E. Csorba, Ida Kov\u00e1cs<\/p>\n\t\t<\/div>\n\t<\/div>\n<\/div><\/div><div id=\"panel-15055-3-0-9\" class=\"so-panel widget widget_aligned-text\" data-index=\"35\" ><div class=\"so-widget-aligned-text so-widget-aligned-text-default-d75171398898-15055\">\n\t<div class=\"aligned-text-right\">\n\t\t<div class=\"text-content\">\n\t\t\t<p>No. 22<br \/>\n<a href=\"https:\/\/capacenter.hu\/en\/kiallitasok\/euphoria\/\" target=\"_blank\" rel=\"noopener\"><strong>EUPHORIA? Stories of a System Change from Hungary<\/strong><\/a> (10 points)<br \/>\nCapa Centre<br \/>\n17 December, 2019 \u2013 23 February, 2020<br \/>\nCurator: Emese Mucsi<\/p>\n<p>Exhibiting artists:<\/p>\n<p>Csaba Alm\u00e1si J., G\u00e1bor Bachman &amp; L\u00e1szl\u00f3 Rajk, Andr\u00e1s B\u00e1nkuti, Imre Benk\u0151, Imre Dr\u00e9gely, \u00c1gnes Eperjesi, P\u00e9ter Forg\u00e1cs, Ferenc Fuszenecker, Guszt\u00e1v H\u00e1mos, Rodolf Herv\u00e9, Judit Horv\u00e1th M. &amp; Gy\u00f6rgy Stalter, Istv\u00e1n J\u00e1vor, \u00c9va Kapit\u00e1ny, Sebesty\u00e9n Kodol\u00e1nyi, P\u00e9ter Korniss, Antal Lakner, Piroska Nagy, Istv\u00e1n Orosz, J\u00e1nos Sug\u00e1r, Andr\u00e1s Szebeni, Tam\u00e1s Szigeti, Lenke Szil\u00e1gyi, Tam\u00e1s Szentj\u00f3by, Tam\u00e1s Urb\u00e1n<\/p>\n\t\t<\/div>\n\t<\/div>\n<\/div><\/div><div id=\"panel-15055-3-0-10\" class=\"so-panel widget widget_aligned-text\" data-index=\"36\" ><div class=\"so-widget-aligned-text so-widget-aligned-text-default-d75171398898-15055\">\n\t<div class=\"aligned-text-right\">\n\t\t<div class=\"text-content\">\n\t\t\t<p>No. 23<br \/>\n<strong>Jen\u0151 Dulovits (1903\u20131972) retrospective<\/strong> (9 points)<br \/>\nHungarian Museum of Photography<br \/>\n30 October, 2020 \u2013 17 January, 2021<br \/>\nCurator: Zolt\u00e1n Fej\u00e9r<\/p>\n\t\t<\/div>\n\t<\/div>\n<\/div><\/div><div id=\"panel-15055-3-0-11\" class=\"so-panel widget widget_aligned-text\" data-index=\"37\" ><div class=\"so-widget-aligned-text so-widget-aligned-text-default-d75171398898-15055\">\n\t<div class=\"aligned-text-right\">\n\t\t<div class=\"text-content\">\n\t\t\t<p>No. 24<br \/>\n<strong>J\u00e1nos Eifert: A Look Back (1964\u20132020)<\/strong> (8 points)<br \/>\nF\u00e9szek Artists\u2019 Club<br \/>\n3\u201330 November, 2020<\/p>\n\t\t<\/div>\n\t<\/div>\n<\/div><\/div><div id=\"panel-15055-3-0-12\" class=\"so-panel widget widget_aligned-text panel-last-child\" data-index=\"38\" ><div class=\"so-widget-aligned-text so-widget-aligned-text-default-d75171398898-15055\">\n\t<div class=\"aligned-text-right\">\n\t\t<div class=\"text-content\">\n\t\t\t<p>No. 25<br \/>\n<a href=\"https:\/\/artmarketbudapest.hu\/artphotobudapest\/\" target=\"_blank\" rel=\"noopener\"><strong>Art Market Budapest<\/strong><\/a> (7 points)<br \/>\nMillen\u00e1ris<br \/>\n22\u201325 October, 2020<\/p>\n\t\t<\/div>\n\t<\/div>\n<\/div><\/div><\/div><div id=\"pgc-15055-3-1\"  class=\"panel-grid-cell panel-grid-cell-empty\" ><\/div><\/div><\/div>","protected":false},"excerpt":{"rendered":"<p>We at Punkt.hu asked photography professionals to help us draw up a list of the best Hungarian exhibitions of photography in 2020\u2014something we hope to turn into a tradition. We wanted to draw on sources as diverse as possible, to make the list truly authoritative.<\/p>\n","protected":false},"author":6,"featured_media":13845,"comment_status":"closed","ping_status":"closed","sticky":false,"template":"","format":"standard","meta":{"_monsterinsights_skip_tracking":false,"_monsterinsights_sitenote_active":false,"_monsterinsights_sitenote_note":"","_monsterinsights_sitenote_category":0,"spay_email":""},"categories":[8],"tags":[672,681],"acf":[],"yoast_head":"<!-- This site is optimized with the Yoast SEO plugin v17.6 - https:\/\/yoast.com\/wordpress\/plugins\/seo\/ -->\n<title>TOP 10 \u2013 The most important Hungarian exhibitions of photography in 2020 - PUNKT<\/title>\n<meta name=\"robots\" content=\"index, follow, max-snippet:-1, max-image-preview:large, max-video-preview:-1\" \/>\n<link rel=\"canonical\" href=\"https:\/\/punkt.hu\/en\/2021\/02\/12\/top-10-the-most-important-hungarian-exhibitions-of-photography-in-2020\/\" \/>\n<meta property=\"og:locale\" content=\"en_US\" \/>\n<meta property=\"og:type\" content=\"article\" \/>\n<meta property=\"og:title\" content=\"TOP 10 \u2013 The most important Hungarian exhibitions of photography in 2020 - PUNKT\" \/>\n<meta property=\"og:description\" content=\"We at Punkt.hu asked photography professionals to help us draw up a list of the best Hungarian exhibitions of photography in 2020\u2014something we hope to turn into a tradition. We wanted to draw on sources as diverse as possible, to make the list truly authoritative.\" \/>\n<meta property=\"og:url\" content=\"https:\/\/punkt.hu\/en\/2021\/02\/12\/top-10-the-most-important-hungarian-exhibitions-of-photography-in-2020\/\" \/>\n<meta property=\"og:site_name\" content=\"PUNKT\" \/>\n<meta property=\"article:published_time\" content=\"2021-02-12T14:14:57+00:00\" \/>\n<meta property=\"article:modified_time\" content=\"2021-02-12T14:14:58+00:00\" \/>\n<meta property=\"og:image\" content=\"https:\/\/i0.wp.com\/punkt.hu\/wp-content\/uploads\/2021\/01\/punkt-top10-ezek-voltak-2020-legfontosabb-hazai-fotokiallitasai-01.jpg?fit=1996%2C1332&#038;ssl=1\" \/>\n\t<meta property=\"og:image:width\" content=\"1996\" \/>\n\t<meta property=\"og:image:height\" content=\"1332\" \/>\n<meta name=\"twitter:card\" content=\"summary_large_image\" \/>\n<meta name=\"twitter:label1\" content=\"Written by\" \/>\n\t<meta name=\"twitter:data1\" content=\"Kassai L\u00e1szl\u00f3\" \/>\n\t<meta name=\"twitter:label2\" content=\"Est. reading time\" \/>\n\t<meta name=\"twitter:data2\" content=\"2 minutes\" \/>\n<script type=\"application\/ld+json\" class=\"yoast-schema-graph\">{\"@context\":\"https:\/\/schema.org\",\"@graph\":[{\"@type\":\"Organization\",\"@id\":\"https:\/\/punkt.hu\/#organization\",\"name\":\"PUNKT\",\"url\":\"https:\/\/punkt.hu\/\",\"sameAs\":[\"https:\/\/www.instagram.com\/punkt.hu\/\"],\"logo\":{\"@type\":\"ImageObject\",\"@id\":\"https:\/\/punkt.hu\/#logo\",\"inLanguage\":\"en-US\",\"url\":\"https:\/\/i2.wp.com\/punkt.hu\/wp-content\/uploads\/2019\/05\/punkt-rolunk-01.png?fit=729%2C529&ssl=1\",\"contentUrl\":\"https:\/\/i2.wp.com\/punkt.hu\/wp-content\/uploads\/2019\/05\/punkt-rolunk-01.png?fit=729%2C529&ssl=1\",\"width\":729,\"height\":529,\"caption\":\"PUNKT\"},\"image\":{\"@id\":\"https:\/\/punkt.hu\/#logo\"}},{\"@type\":\"WebSite\",\"@id\":\"https:\/\/punkt.hu\/#website\",\"url\":\"https:\/\/punkt.hu\/\",\"name\":\"PUNKT\",\"description\":\"PUNKT\",\"publisher\":{\"@id\":\"https:\/\/punkt.hu\/#organization\"},\"potentialAction\":[{\"@type\":\"SearchAction\",\"target\":{\"@type\":\"EntryPoint\",\"urlTemplate\":\"https:\/\/punkt.hu\/?s={search_term_string}\"},\"query-input\":\"required name=search_term_string\"}],\"inLanguage\":\"en-US\"},{\"@type\":\"ImageObject\",\"@id\":\"https:\/\/punkt.hu\/en\/2021\/02\/12\/top-10-the-most-important-hungarian-exhibitions-of-photography-in-2020\/#primaryimage\",\"inLanguage\":\"en-US\",\"url\":\"https:\/\/i0.wp.com\/punkt.hu\/wp-content\/uploads\/2021\/01\/punkt-top10-ezek-voltak-2020-legfontosabb-hazai-fotokiallitasai-01.jpg?fit=1996%2C1332&ssl=1\",\"contentUrl\":\"https:\/\/i0.wp.com\/punkt.hu\/wp-content\/uploads\/2021\/01\/punkt-top10-ezek-voltak-2020-legfontosabb-hazai-fotokiallitasai-01.jpg?fit=1996%2C1332&ssl=1\",\"width\":1996,\"height\":1332,\"caption\":\"Nobuyoshi Araki \\u2013 Sentimental Journey, exhibition opening, photo: Imre Kiss\"},{\"@type\":\"WebPage\",\"@id\":\"https:\/\/punkt.hu\/en\/2021\/02\/12\/top-10-the-most-important-hungarian-exhibitions-of-photography-in-2020\/#webpage\",\"url\":\"https:\/\/punkt.hu\/en\/2021\/02\/12\/top-10-the-most-important-hungarian-exhibitions-of-photography-in-2020\/\",\"name\":\"TOP 10 \\u2013 The most important Hungarian exhibitions of photography in 2020 - PUNKT\",\"isPartOf\":{\"@id\":\"https:\/\/punkt.hu\/#website\"},\"primaryImageOfPage\":{\"@id\":\"https:\/\/punkt.hu\/en\/2021\/02\/12\/top-10-the-most-important-hungarian-exhibitions-of-photography-in-2020\/#primaryimage\"},\"datePublished\":\"2021-02-12T14:14:57+00:00\",\"dateModified\":\"2021-02-12T14:14:58+00:00\",\"breadcrumb\":{\"@id\":\"https:\/\/punkt.hu\/en\/2021\/02\/12\/top-10-the-most-important-hungarian-exhibitions-of-photography-in-2020\/#breadcrumb\"},\"inLanguage\":\"en-US\",\"potentialAction\":[{\"@type\":\"ReadAction\",\"target\":[\"https:\/\/punkt.hu\/en\/2021\/02\/12\/top-10-the-most-important-hungarian-exhibitions-of-photography-in-2020\/\"]}]},{\"@type\":\"BreadcrumbList\",\"@id\":\"https:\/\/punkt.hu\/en\/2021\/02\/12\/top-10-the-most-important-hungarian-exhibitions-of-photography-in-2020\/#breadcrumb\",\"itemListElement\":[{\"@type\":\"ListItem\",\"position\":1,\"name\":\"Home\",\"item\":\"https:\/\/punkt.hu\/en\/\"},{\"@type\":\"ListItem\",\"position\":2,\"name\":\"TOP 10 \\u2013 The most important Hungarian exhibitions of photography in 2020\"}]},{\"@type\":\"Article\",\"@id\":\"https:\/\/punkt.hu\/en\/2021\/02\/12\/top-10-the-most-important-hungarian-exhibitions-of-photography-in-2020\/#article\",\"isPartOf\":{\"@id\":\"https:\/\/punkt.hu\/en\/2021\/02\/12\/top-10-the-most-important-hungarian-exhibitions-of-photography-in-2020\/#webpage\"},\"author\":{\"@id\":\"https:\/\/punkt.hu\/#\/schema\/person\/b8c32ebc042ed27b9e4f07dce594ba20\"},\"headline\":\"TOP 10 \\u2013 The most important Hungarian exhibitions of photography in 2020\",\"datePublished\":\"2021-02-12T14:14:57+00:00\",\"dateModified\":\"2021-02-12T14:14:58+00:00\",\"mainEntityOfPage\":{\"@id\":\"https:\/\/punkt.hu\/en\/2021\/02\/12\/top-10-the-most-important-hungarian-exhibitions-of-photography-in-2020\/#webpage\"},\"wordCount\":333,\"publisher\":{\"@id\":\"https:\/\/punkt.hu\/#organization\"},\"image\":{\"@id\":\"https:\/\/punkt.hu\/en\/2021\/02\/12\/top-10-the-most-important-hungarian-exhibitions-of-photography-in-2020\/#primaryimage\"},\"thumbnailUrl\":\"https:\/\/i0.wp.com\/punkt.hu\/wp-content\/uploads\/2021\/01\/punkt-top10-ezek-voltak-2020-legfontosabb-hazai-fotokiallitasai-01.jpg?fit=1996%2C1332&ssl=1\",\"keywords\":[\"exhibition\",\"toplist\"],\"articleSection\":[\"News\"],\"inLanguage\":\"en-US\"},{\"@type\":\"Person\",\"@id\":\"https:\/\/punkt.hu\/#\/schema\/person\/b8c32ebc042ed27b9e4f07dce594ba20\",\"name\":\"Kassai L\\u00e1szl\\u00f3\",\"image\":{\"@type\":\"ImageObject\",\"@id\":\"https:\/\/punkt.hu\/#personlogo\",\"inLanguage\":\"en-US\",\"url\":\"https:\/\/secure.gravatar.com\/avatar\/81ad2cb278a704ddfeb4b295e3e7029d?s=96&d=mm&r=g\",\"contentUrl\":\"https:\/\/secure.gravatar.com\/avatar\/81ad2cb278a704ddfeb4b295e3e7029d?s=96&d=mm&r=g\",\"caption\":\"Kassai L\\u00e1szl\\u00f3\"}}]}<\/script>\n<!-- \/ Yoast SEO plugin. -->","yoast_head_json":{"title":"TOP 10 \u2013 The most important Hungarian exhibitions of photography in 2020 - PUNKT","robots":{"index":"index","follow":"follow","max-snippet":"max-snippet:-1","max-image-preview":"max-image-preview:large","max-video-preview":"max-video-preview:-1"},"canonical":"https:\/\/punkt.hu\/en\/2021\/02\/12\/top-10-the-most-important-hungarian-exhibitions-of-photography-in-2020\/","og_locale":"en_US","og_type":"article","og_title":"TOP 10 \u2013 The most important Hungarian exhibitions of photography in 2020 - PUNKT","og_description":"We at Punkt.hu asked photography professionals to help us draw up a list of the best Hungarian exhibitions of photography in 2020\u2014something we hope to turn into a tradition. We wanted to draw on sources as diverse as possible, to make the list truly authoritative.","og_url":"https:\/\/punkt.hu\/en\/2021\/02\/12\/top-10-the-most-important-hungarian-exhibitions-of-photography-in-2020\/","og_site_name":"PUNKT","article_published_time":"2021-02-12T14:14:57+00:00","article_modified_time":"2021-02-12T14:14:58+00:00","og_image":[{"width":1996,"height":1332,"url":"https:\/\/i0.wp.com\/punkt.hu\/wp-content\/uploads\/2021\/01\/punkt-top10-ezek-voltak-2020-legfontosabb-hazai-fotokiallitasai-01.jpg?fit=1996%2C1332&ssl=1","type":"image\/jpeg"}],"twitter_card":"summary_large_image","twitter_misc":{"Written by":"Kassai L\u00e1szl\u00f3","Est. reading time":"2 minutes"},"schema":{"@context":"https:\/\/schema.org","@graph":[{"@type":"Organization","@id":"https:\/\/punkt.hu\/#organization","name":"PUNKT","url":"https:\/\/punkt.hu\/","sameAs":["https:\/\/www.instagram.com\/punkt.hu\/"],"logo":{"@type":"ImageObject","@id":"https:\/\/punkt.hu\/#logo","inLanguage":"en-US","url":"https:\/\/i2.wp.com\/punkt.hu\/wp-content\/uploads\/2019\/05\/punkt-rolunk-01.png?fit=729%2C529&ssl=1","contentUrl":"https:\/\/i2.wp.com\/punkt.hu\/wp-content\/uploads\/2019\/05\/punkt-rolunk-01.png?fit=729%2C529&ssl=1","width":729,"height":529,"caption":"PUNKT"},"image":{"@id":"https:\/\/punkt.hu\/#logo"}},{"@type":"WebSite","@id":"https:\/\/punkt.hu\/#website","url":"https:\/\/punkt.hu\/","name":"PUNKT","description":"PUNKT","publisher":{"@id":"https:\/\/punkt.hu\/#organization"},"potentialAction":[{"@type":"SearchAction","target":{"@type":"EntryPoint","urlTemplate":"https:\/\/punkt.hu\/?s={search_term_string}"},"query-input":"required name=search_term_string"}],"inLanguage":"en-US"},{"@type":"ImageObject","@id":"https:\/\/punkt.hu\/en\/2021\/02\/12\/top-10-the-most-important-hungarian-exhibitions-of-photography-in-2020\/#primaryimage","inLanguage":"en-US","url":"https:\/\/i0.wp.com\/punkt.hu\/wp-content\/uploads\/2021\/01\/punkt-top10-ezek-voltak-2020-legfontosabb-hazai-fotokiallitasai-01.jpg?fit=1996%2C1332&ssl=1","contentUrl":"https:\/\/i0.wp.com\/punkt.hu\/wp-content\/uploads\/2021\/01\/punkt-top10-ezek-voltak-2020-legfontosabb-hazai-fotokiallitasai-01.jpg?fit=1996%2C1332&ssl=1","width":1996,"height":1332,"caption":"Nobuyoshi Araki \u2013 Sentimental Journey, exhibition opening, photo: Imre Kiss"},{"@type":"WebPage","@id":"https:\/\/punkt.hu\/en\/2021\/02\/12\/top-10-the-most-important-hungarian-exhibitions-of-photography-in-2020\/#webpage","url":"https:\/\/punkt.hu\/en\/2021\/02\/12\/top-10-the-most-important-hungarian-exhibitions-of-photography-in-2020\/","name":"TOP 10 \u2013 The most important Hungarian exhibitions of photography in 2020 - PUNKT","isPartOf":{"@id":"https:\/\/punkt.hu\/#website"},"primaryImageOfPage":{"@id":"https:\/\/punkt.hu\/en\/2021\/02\/12\/top-10-the-most-important-hungarian-exhibitions-of-photography-in-2020\/#primaryimage"},"datePublished":"2021-02-12T14:14:57+00:00","dateModified":"2021-02-12T14:14:58+00:00","breadcrumb":{"@id":"https:\/\/punkt.hu\/en\/2021\/02\/12\/top-10-the-most-important-hungarian-exhibitions-of-photography-in-2020\/#breadcrumb"},"inLanguage":"en-US","potentialAction":[{"@type":"ReadAction","target":["https:\/\/punkt.hu\/en\/2021\/02\/12\/top-10-the-most-important-hungarian-exhibitions-of-photography-in-2020\/"]}]},{"@type":"BreadcrumbList","@id":"https:\/\/punkt.hu\/en\/2021\/02\/12\/top-10-the-most-important-hungarian-exhibitions-of-photography-in-2020\/#breadcrumb","itemListElement":[{"@type":"ListItem","position":1,"name":"Home","item":"https:\/\/punkt.hu\/en\/"},{"@type":"ListItem","position":2,"name":"TOP 10 \u2013 The most important Hungarian exhibitions of photography in 2020"}]},{"@type":"Article","@id":"https:\/\/punkt.hu\/en\/2021\/02\/12\/top-10-the-most-important-hungarian-exhibitions-of-photography-in-2020\/#article","isPartOf":{"@id":"https:\/\/punkt.hu\/en\/2021\/02\/12\/top-10-the-most-important-hungarian-exhibitions-of-photography-in-2020\/#webpage"},"author":{"@id":"https:\/\/punkt.hu\/#\/schema\/person\/b8c32ebc042ed27b9e4f07dce594ba20"},"headline":"TOP 10 \u2013 The most important Hungarian exhibitions of photography in 2020","datePublished":"2021-02-12T14:14:57+00:00","dateModified":"2021-02-12T14:14:58+00:00","mainEntityOfPage":{"@id":"https:\/\/punkt.hu\/en\/2021\/02\/12\/top-10-the-most-important-hungarian-exhibitions-of-photography-in-2020\/#webpage"},"wordCount":333,"publisher":{"@id":"https:\/\/punkt.hu\/#organization"},"image":{"@id":"https:\/\/punkt.hu\/en\/2021\/02\/12\/top-10-the-most-important-hungarian-exhibitions-of-photography-in-2020\/#primaryimage"},"thumbnailUrl":"https:\/\/i0.wp.com\/punkt.hu\/wp-content\/uploads\/2021\/01\/punkt-top10-ezek-voltak-2020-legfontosabb-hazai-fotokiallitasai-01.jpg?fit=1996%2C1332&ssl=1","keywords":["exhibition","toplist"],"articleSection":["News"],"inLanguage":"en-US"},{"@type":"Person","@id":"https:\/\/punkt.hu\/#\/schema\/person\/b8c32ebc042ed27b9e4f07dce594ba20","name":"Kassai L\u00e1szl\u00f3","image":{"@type":"ImageObject","@id":"https:\/\/punkt.hu\/#personlogo","inLanguage":"en-US","url":"https:\/\/secure.gravatar.com\/avatar\/81ad2cb278a704ddfeb4b295e3e7029d?s=96&d=mm&r=g","contentUrl":"https:\/\/secure.gravatar.com\/avatar\/81ad2cb278a704ddfeb4b295e3e7029d?s=96&d=mm&r=g","caption":"Kassai L\u00e1szl\u00f3"}}]}},"jetpack_featured_media_url":"https:\/\/i0.wp.com\/punkt.hu\/wp-content\/uploads\/2021\/01\/punkt-top10-ezek-voltak-2020-legfontosabb-hazai-fotokiallitasai-01.jpg?fit=1996%2C1332&ssl=1","_links":{"self":[{"href":"https:\/\/punkt.hu\/en\/wp-json\/wp\/v2\/posts\/15055"}],"collection":[{"href":"https:\/\/punkt.hu\/en\/wp-json\/wp\/v2\/posts"}],"about":[{"href":"https:\/\/punkt.hu\/en\/wp-json\/wp\/v2\/types\/post"}],"author":[{"embeddable":true,"href":"https:\/\/punkt.hu\/en\/wp-json\/wp\/v2\/users\/6"}],"replies":[{"embeddable":true,"href":"https:\/\/punkt.hu\/en\/wp-json\/wp\/v2\/comments?post=15055"}],"version-history":[{"count":60,"href":"https:\/\/punkt.hu\/en\/wp-json\/wp\/v2\/posts\/15055\/revisions"}],"predecessor-version":[{"id":15151,"href":"https:\/\/punkt.hu\/en\/wp-json\/wp\/v2\/posts\/15055\/revisions\/15151"}],"wp:featuredmedia":[{"embeddable":true,"href":"https:\/\/punkt.hu\/en\/wp-json\/wp\/v2\/media\/13845"}],"wp:attachment":[{"href":"https:\/\/punkt.hu\/en\/wp-json\/wp\/v2\/media?parent=15055"}],"wp:term":[{"taxonomy":"category","embeddable":true,"href":"https:\/\/punkt.hu\/en\/wp-json\/wp\/v2\/categories?post=15055"},{"taxonomy":"post_tag","embeddable":true,"href":"https:\/\/punkt.hu\/en\/wp-json\/wp\/v2\/tags?post=15055"}],"curies":[{"name":"wp","href":"https:\/\/api.w.org\/{rel}","templated":true}]}}