{"id":2221,"date":"2019-07-07T08:36:01","date_gmt":"2019-07-07T08:36:01","guid":{"rendered":"https:\/\/punkt.hu\/2019\/07\/07\/magyar-fotos-nyert-az-arles-i-fotofesztivalon\/"},"modified":"2019-07-10T14:11:36","modified_gmt":"2019-07-10T14:11:36","slug":"hungarian-photographer-wins-jurys-prize-at-arles-photo-festival","status":"publish","type":"post","link":"https:\/\/punkt.hu\/en\/2019\/07\/07\/hungarian-photographer-wins-jurys-prize-at-arles-photo-festival\/","title":{"rendered":"Hungarian Photographer Wins Jury\u2019s Prize at Arles Photo Festival"},"content":{"rendered":"<div id=\"pl-2221\"  class=\"panel-layout\" ><div id=\"pg-2221-0\"  class=\"panel-grid panel-no-style\" ><div id=\"pgc-2221-0-0\"  class=\"panel-grid-cell\" ><div id=\"panel-2221-0-0-0\" class=\"so-panel widget widget_single-title panel-first-child panel-last-child\" data-index=\"0\" ><div class=\"so-widget-single-title so-widget-single-title-default-d75171398898-2221\">\n<\/div><\/div><\/div><\/div><div id=\"pg-2221-1\"  class=\"panel-grid panel-no-style\" ><div id=\"pgc-2221-1-0\"  class=\"panel-grid-cell\" ><div id=\"panel-2221-1-0-0\" class=\"so-panel widget widget_aligned-text panel-first-child panel-last-child\" data-index=\"1\" ><div class=\"so-widget-aligned-text so-widget-aligned-text-default-d75171398898-2221\">\n\t<div class=\"aligned-text-right\">\n\t\t<div class=\"text-content\">\n\t\t\t<p>Celebrating its 50<sup>th<\/sup> anniversary this year, Les Rencontres de la Photographie, the international photography festival of Arles concluded its opening week last night. The line-up included several Hungarian names, among them M\u00e1t\u00e9 Bartha, represented by <a href=\"http:\/\/www.tobegallery.hu\/\" target=\"_blank\" rel=\"noopener\">Tobe Gallery<\/a>, who had been shortlisted for the <a href=\"https:\/\/www.rencontres-arles.com\/fr\/actualites\/view\/349\/prix-du-juryprix-decouverte-louis-roederer-2019\" target=\"_blank\" rel=\"noopener\">Prix D\u00e9couverte Louis Roederer 2019<\/a> with his series <a href=\"https:\/\/barthamate.com\/kontakt\" target=\"_blank\" rel=\"noopener\"><em>Kontakt<\/em><\/a>. Open to galleries, the call for applications had yielded more than 200 submissions, out of which the jury selected ten shortlisted projects to compete at the festival. Headed by Agnes B., the jury split the prize of 15 thousand euros between two winners: M\u00e1t\u00e9 Bartha and the French Laure Tiberghien. The prize had been established three years ago by Fondation Louis Roederer to support emerging talents. The audience award was handed out to the British Alys Tomlinson for her series <em>The Faithful<\/em>.<\/p>\n\t\t<\/div>\n\t<\/div>\n<\/div><\/div><\/div><\/div><div id=\"pg-2221-2\"  class=\"panel-grid panel-no-style\" ><div id=\"pgc-2221-2-0\"  class=\"panel-grid-cell\" ><div id=\"panel-2221-2-0-0\" class=\"so-panel widget widget_image-with-caption panel-first-child panel-last-child\" data-index=\"2\" ><div class=\"so-widget-image-with-caption so-widget-image-with-caption-default-d75171398898-2221\">\n\n\t\n\t<div class=\"image-with-caption caption-alignment-right\">\n\n\t\t\n\t\t<div class=\"image-with-caption-container-image\">\n\n\t\t\t\n\t\t\t<a href=\"https:\/\/i0.wp.com\/punkt.hu\/wp-content\/uploads\/2019\/07\/punkt-magyar-fotos-nyert-az-arles-i-fotofesztivalon-02.jpg?fit=1494%2C2000&ssl=1\" class=\"chocolat-image\" title=\"M\u00e1t\u00e9 Bartha: Kontakt, 2018.\">\n\t\t\t\t<img width=\"890\" height=\"1191\" src=\"https:\/\/i0.wp.com\/punkt.hu\/wp-content\/uploads\/2019\/07\/punkt-magyar-fotos-nyert-az-arles-i-fotofesztivalon-02.jpg?fit=890%2C1191&amp;ssl=1\" class=\"lazyload\" alt=\"M\u00e1t\u00e9 Bartha: Kontakt, 2018.\" srcset=\"https:\/\/i0.wp.com\/punkt.hu\/wp-content\/uploads\/2019\/07\/punkt-magyar-fotos-nyert-az-arles-i-fotofesztivalon-02.jpg?w=1494&amp;ssl=1 1494w, https:\/\/i0.wp.com\/punkt.hu\/wp-content\/uploads\/2019\/07\/punkt-magyar-fotos-nyert-az-arles-i-fotofesztivalon-02.jpg?resize=224%2C300&amp;ssl=1 224w, https:\/\/i0.wp.com\/punkt.hu\/wp-content\/uploads\/2019\/07\/punkt-magyar-fotos-nyert-az-arles-i-fotofesztivalon-02.jpg?resize=768%2C1028&amp;ssl=1 768w, https:\/\/i0.wp.com\/punkt.hu\/wp-content\/uploads\/2019\/07\/punkt-magyar-fotos-nyert-az-arles-i-fotofesztivalon-02.jpg?resize=765%2C1024&amp;ssl=1 765w, https:\/\/i0.wp.com\/punkt.hu\/wp-content\/uploads\/2019\/07\/punkt-magyar-fotos-nyert-az-arles-i-fotofesztivalon-02.jpg?resize=890%2C1191&amp;ssl=1 890w, https:\/\/i0.wp.com\/punkt.hu\/wp-content\/uploads\/2019\/07\/punkt-magyar-fotos-nyert-az-arles-i-fotofesztivalon-02.jpg?resize=690%2C924&amp;ssl=1 690w, https:\/\/i0.wp.com\/punkt.hu\/wp-content\/uploads\/2019\/07\/punkt-magyar-fotos-nyert-az-arles-i-fotofesztivalon-02.jpg?resize=445%2C596&amp;ssl=1 445w, https:\/\/i0.wp.com\/punkt.hu\/wp-content\/uploads\/2019\/07\/punkt-magyar-fotos-nyert-az-arles-i-fotofesztivalon-02.jpg?resize=930%2C1245&amp;ssl=1 930w, https:\/\/i0.wp.com\/punkt.hu\/wp-content\/uploads\/2019\/07\/punkt-magyar-fotos-nyert-az-arles-i-fotofesztivalon-02.jpg?resize=261%2C350&amp;ssl=1 261w\" sizes=\"(max-width: 890px) 100vw, 890px\" \/>\t\t\t<\/a>\n\n\t\t<\/div>\n\n\t\t\t\t\t<div class=\"image-with-caption-container-caption\">\n\t\t\t\t<div class=\"image-with-caption-container-caption-center-fix\">\n\t\t\t\t\t\t\t\t\t\t\t<p class=\"image-with-caption-container-caption-numbers\">01<span class=\"number-separator\"><\/span>03<\/p>\n\t\t\t\t\t\t\t\t\t\t<p class=\"image-with-caption-container-caption-text\">M\u00e1t\u00e9 Bartha: Kontakt, 2018.<\/p>\n\t\t\t\t<\/div>\n\t\t\t<\/div>\n\t\t\n\t<\/div>\n\n<\/div><\/div><\/div><\/div><div id=\"pg-2221-3\"  class=\"panel-grid panel-no-style\" ><div id=\"pgc-2221-3-0\"  class=\"panel-grid-cell\" ><div id=\"panel-2221-3-0-0\" class=\"so-panel widget widget_aligned-text panel-first-child panel-last-child\" data-index=\"3\" ><div class=\"so-widget-aligned-text so-widget-aligned-text-default-d75171398898-2221\">\n\t<div class=\"aligned-text-right\">\n\t\t<div class=\"text-content\">\n\t\t\t<p>Documenting intimate scenes of discipline, challenge, violence, weakness, pain, love and friendship, M\u00e1t\u00e9 Bartha\u2019s series allows insight into the daily life of the community of \u201cHonv\u00e9dsuli\u201d (National Defense School), an NGO organising military-themed summer camps for kids. The series won the <a href=\"https:\/\/capa-nagydij2018.capacenter.hu\/capaSite\/grandprize\" target=\"_blank\" rel=\"noopener\">Capa Grand Prize<\/a> in 2018.<\/p>\n<p>(Translation: D\u00e1niel Sipos)<\/p>\n\t\t<\/div>\n\t<\/div>\n<\/div><\/div><\/div><\/div><div id=\"pg-2221-4\"  class=\"panel-grid panel-no-style\" ><div id=\"pgc-2221-4-0\"  class=\"panel-grid-cell\" ><div id=\"panel-2221-4-0-0\" class=\"so-panel widget widget_image-with-caption panel-first-child panel-last-child\" data-index=\"4\" ><div class=\"so-widget-image-with-caption so-widget-image-with-caption-default-d75171398898-2221\">\n\n\t\n\t<div class=\"image-with-caption caption-alignment-right\">\n\n\t\t\n\t\t<div class=\"image-with-caption-container-image\">\n\n\t\t\t\n\t\t\t<a href=\"https:\/\/i2.wp.com\/punkt.hu\/wp-content\/uploads\/2019\/07\/punkt-magyar-fotos-nyert-az-arles-i-fotofesztivalon-01.jpg?fit=1470%2C2000&ssl=1\" class=\"chocolat-image\" title=\"M\u00e1t\u00e9 Bartha: Kontakt, 2018.\">\n\t\t\t\t<img width=\"890\" height=\"1211\" src=\"https:\/\/i2.wp.com\/punkt.hu\/wp-content\/uploads\/2019\/07\/punkt-magyar-fotos-nyert-az-arles-i-fotofesztivalon-01.jpg?fit=890%2C1211&amp;ssl=1\" class=\"lazyload\" alt=\"M\u00e1t\u00e9 Bartha: Kontakt, 2018.\" srcset=\"https:\/\/i2.wp.com\/punkt.hu\/wp-content\/uploads\/2019\/07\/punkt-magyar-fotos-nyert-az-arles-i-fotofesztivalon-01.jpg?w=1470&amp;ssl=1 1470w, https:\/\/i2.wp.com\/punkt.hu\/wp-content\/uploads\/2019\/07\/punkt-magyar-fotos-nyert-az-arles-i-fotofesztivalon-01.jpg?resize=221%2C300&amp;ssl=1 221w, https:\/\/i2.wp.com\/punkt.hu\/wp-content\/uploads\/2019\/07\/punkt-magyar-fotos-nyert-az-arles-i-fotofesztivalon-01.jpg?resize=768%2C1045&amp;ssl=1 768w, https:\/\/i2.wp.com\/punkt.hu\/wp-content\/uploads\/2019\/07\/punkt-magyar-fotos-nyert-az-arles-i-fotofesztivalon-01.jpg?resize=753%2C1024&amp;ssl=1 753w, https:\/\/i2.wp.com\/punkt.hu\/wp-content\/uploads\/2019\/07\/punkt-magyar-fotos-nyert-az-arles-i-fotofesztivalon-01.jpg?resize=890%2C1211&amp;ssl=1 890w, https:\/\/i2.wp.com\/punkt.hu\/wp-content\/uploads\/2019\/07\/punkt-magyar-fotos-nyert-az-arles-i-fotofesztivalon-01.jpg?resize=690%2C939&amp;ssl=1 690w, https:\/\/i2.wp.com\/punkt.hu\/wp-content\/uploads\/2019\/07\/punkt-magyar-fotos-nyert-az-arles-i-fotofesztivalon-01.jpg?resize=445%2C605&amp;ssl=1 445w, https:\/\/i2.wp.com\/punkt.hu\/wp-content\/uploads\/2019\/07\/punkt-magyar-fotos-nyert-az-arles-i-fotofesztivalon-01.jpg?resize=930%2C1265&amp;ssl=1 930w, https:\/\/i2.wp.com\/punkt.hu\/wp-content\/uploads\/2019\/07\/punkt-magyar-fotos-nyert-az-arles-i-fotofesztivalon-01.jpg?resize=257%2C350&amp;ssl=1 257w\" sizes=\"(max-width: 890px) 100vw, 890px\" \/>\t\t\t<\/a>\n\n\t\t<\/div>\n\n\t\t\t\t\t<div class=\"image-with-caption-container-caption\">\n\t\t\t\t<div class=\"image-with-caption-container-caption-center-fix\">\n\t\t\t\t\t\t\t\t\t\t\t<p class=\"image-with-caption-container-caption-numbers\">01<span class=\"number-separator\"><\/span>03<\/p>\n\t\t\t\t\t\t\t\t\t\t<p class=\"image-with-caption-container-caption-text\">M\u00e1t\u00e9 Bartha: Kontakt, 2018.<\/p>\n\t\t\t\t<\/div>\n\t\t\t<\/div>\n\t\t\n\t<\/div>\n\n<\/div><\/div><\/div><\/div><\/div>","protected":false},"excerpt":{"rendered":"<p>&#8220;Headed by Agnes B., the jury split the prize of 15 thousand euros between two winners: M\u00e1t\u00e9 Bartha and the French Laure Tiberghien. The prize had been established three years ago by Fondation Louis Roederer to support emerging talents.&#8221;<\/p>\n","protected":false},"author":6,"featured_media":2203,"comment_status":"closed","ping_status":"closed","sticky":false,"template":"","format":"standard","meta":{"_monsterinsights_skip_tracking":false,"_monsterinsights_sitenote_active":false,"_monsterinsights_sitenote_note":"","_monsterinsights_sitenote_category":0,"spay_email":""},"categories":[8],"tags":[122,121],"acf":[],"yoast_head":"<!-- This site is optimized with the Yoast SEO plugin v17.6 - https:\/\/yoast.com\/wordpress\/plugins\/seo\/ -->\n<title>Hungarian Photographer Wins Jury\u2019s Prize at Arles Photo Festival - PUNKT<\/title>\n<meta name=\"description\" content=\"M\u00e1t\u00e9 Bartha together with Laure Tiberghien, won the Prix D\u00e9couverte Louis Roederer 2019 at the Les Rencontres de la photographie d&#039;Arles 2019.\" \/>\n<meta name=\"robots\" content=\"index, follow, max-snippet:-1, max-image-preview:large, max-video-preview:-1\" \/>\n<link rel=\"canonical\" href=\"https:\/\/punkt.hu\/en\/2019\/07\/07\/hungarian-photographer-wins-jurys-prize-at-arles-photo-festival\/\" \/>\n<meta property=\"og:locale\" content=\"en_US\" \/>\n<meta property=\"og:type\" content=\"article\" \/>\n<meta property=\"og:title\" content=\"Hungarian Photographer Wins Jury\u2019s Prize at Arles Photo Festival - PUNKT\" \/>\n<meta property=\"og:description\" content=\"M\u00e1t\u00e9 Bartha together with Laure Tiberghien, won the Prix D\u00e9couverte Louis Roederer 2019 at the Les Rencontres de la photographie d&#039;Arles 2019.\" \/>\n<meta property=\"og:url\" content=\"https:\/\/punkt.hu\/en\/2019\/07\/07\/hungarian-photographer-wins-jurys-prize-at-arles-photo-festival\/\" \/>\n<meta property=\"og:site_name\" content=\"PUNKT\" \/>\n<meta property=\"article:published_time\" content=\"2019-07-07T08:36:01+00:00\" \/>\n<meta property=\"article:modified_time\" content=\"2019-07-10T14:11:36+00:00\" \/>\n<meta property=\"og:image\" content=\"https:\/\/i0.wp.com\/punkt.hu\/wp-content\/uploads\/2019\/07\/punkt-magyar-fotos-nyert-az-arles-i-fotofesztivalon-02.jpg?fit=1494%2C2000&#038;ssl=1\" \/>\n\t<meta property=\"og:image:width\" content=\"1494\" \/>\n\t<meta property=\"og:image:height\" content=\"2000\" \/>\n<meta name=\"twitter:card\" content=\"summary_large_image\" \/>\n<meta name=\"twitter:label1\" content=\"Written by\" \/>\n\t<meta name=\"twitter:data1\" content=\"Kassai L\u00e1szl\u00f3\" \/>\n<script type=\"application\/ld+json\" class=\"yoast-schema-graph\">{\"@context\":\"https:\/\/schema.org\",\"@graph\":[{\"@type\":\"Organization\",\"@id\":\"https:\/\/punkt.hu\/#organization\",\"name\":\"PUNKT\",\"url\":\"https:\/\/punkt.hu\/\",\"sameAs\":[\"https:\/\/www.instagram.com\/punkt.hu\/\"],\"logo\":{\"@type\":\"ImageObject\",\"@id\":\"https:\/\/punkt.hu\/#logo\",\"inLanguage\":\"en-US\",\"url\":\"https:\/\/i2.wp.com\/punkt.hu\/wp-content\/uploads\/2019\/05\/punkt-rolunk-01.png?fit=729%2C529&ssl=1\",\"contentUrl\":\"https:\/\/i2.wp.com\/punkt.hu\/wp-content\/uploads\/2019\/05\/punkt-rolunk-01.png?fit=729%2C529&ssl=1\",\"width\":729,\"height\":529,\"caption\":\"PUNKT\"},\"image\":{\"@id\":\"https:\/\/punkt.hu\/#logo\"}},{\"@type\":\"WebSite\",\"@id\":\"https:\/\/punkt.hu\/#website\",\"url\":\"https:\/\/punkt.hu\/\",\"name\":\"PUNKT\",\"description\":\"PUNKT\",\"publisher\":{\"@id\":\"https:\/\/punkt.hu\/#organization\"},\"potentialAction\":[{\"@type\":\"SearchAction\",\"target\":{\"@type\":\"EntryPoint\",\"urlTemplate\":\"https:\/\/punkt.hu\/?s={search_term_string}\"},\"query-input\":\"required name=search_term_string\"}],\"inLanguage\":\"en-US\"},{\"@type\":\"ImageObject\",\"@id\":\"https:\/\/punkt.hu\/en\/2019\/07\/07\/hungarian-photographer-wins-jurys-prize-at-arles-photo-festival\/#primaryimage\",\"inLanguage\":\"en-US\",\"url\":\"https:\/\/i0.wp.com\/punkt.hu\/wp-content\/uploads\/2019\/07\/punkt-magyar-fotos-nyert-az-arles-i-fotofesztivalon-02.jpg?fit=1494%2C2000&ssl=1\",\"contentUrl\":\"https:\/\/i0.wp.com\/punkt.hu\/wp-content\/uploads\/2019\/07\/punkt-magyar-fotos-nyert-az-arles-i-fotofesztivalon-02.jpg?fit=1494%2C2000&ssl=1\",\"width\":1494,\"height\":2000,\"caption\":\"M\\u00e1t\\u00e9 Bartha: Kontakt, 2018.\"},{\"@type\":\"WebPage\",\"@id\":\"https:\/\/punkt.hu\/en\/2019\/07\/07\/hungarian-photographer-wins-jurys-prize-at-arles-photo-festival\/#webpage\",\"url\":\"https:\/\/punkt.hu\/en\/2019\/07\/07\/hungarian-photographer-wins-jurys-prize-at-arles-photo-festival\/\",\"name\":\"Hungarian Photographer Wins Jury\\u2019s Prize at Arles Photo Festival - PUNKT\",\"isPartOf\":{\"@id\":\"https:\/\/punkt.hu\/#website\"},\"primaryImageOfPage\":{\"@id\":\"https:\/\/punkt.hu\/en\/2019\/07\/07\/hungarian-photographer-wins-jurys-prize-at-arles-photo-festival\/#primaryimage\"},\"datePublished\":\"2019-07-07T08:36:01+00:00\",\"dateModified\":\"2019-07-10T14:11:36+00:00\",\"description\":\"M\\u00e1t\\u00e9 Bartha together with Laure Tiberghien, won the Prix D\\u00e9couverte Louis Roederer 2019 at the Les Rencontres de la photographie d'Arles 2019.\",\"breadcrumb\":{\"@id\":\"https:\/\/punkt.hu\/en\/2019\/07\/07\/hungarian-photographer-wins-jurys-prize-at-arles-photo-festival\/#breadcrumb\"},\"inLanguage\":\"en-US\",\"potentialAction\":[{\"@type\":\"ReadAction\",\"target\":[\"https:\/\/punkt.hu\/en\/2019\/07\/07\/hungarian-photographer-wins-jurys-prize-at-arles-photo-festival\/\"]}]},{\"@type\":\"BreadcrumbList\",\"@id\":\"https:\/\/punkt.hu\/en\/2019\/07\/07\/hungarian-photographer-wins-jurys-prize-at-arles-photo-festival\/#breadcrumb\",\"itemListElement\":[{\"@type\":\"ListItem\",\"position\":1,\"name\":\"Home\",\"item\":\"https:\/\/punkt.hu\/en\/\"},{\"@type\":\"ListItem\",\"position\":2,\"name\":\"Hungarian Photographer Wins Jury\\u2019s Prize at Arles Photo Festival\"}]},{\"@type\":\"Article\",\"@id\":\"https:\/\/punkt.hu\/en\/2019\/07\/07\/hungarian-photographer-wins-jurys-prize-at-arles-photo-festival\/#article\",\"isPartOf\":{\"@id\":\"https:\/\/punkt.hu\/en\/2019\/07\/07\/hungarian-photographer-wins-jurys-prize-at-arles-photo-festival\/#webpage\"},\"author\":{\"@id\":\"https:\/\/punkt.hu\/#\/schema\/person\/b8c32ebc042ed27b9e4f07dce594ba20\"},\"headline\":\"Hungarian Photographer Wins Jury\\u2019s Prize at Arles Photo Festival\",\"datePublished\":\"2019-07-07T08:36:01+00:00\",\"dateModified\":\"2019-07-10T14:11:36+00:00\",\"mainEntityOfPage\":{\"@id\":\"https:\/\/punkt.hu\/en\/2019\/07\/07\/hungarian-photographer-wins-jurys-prize-at-arles-photo-festival\/#webpage\"},\"wordCount\":52,\"publisher\":{\"@id\":\"https:\/\/punkt.hu\/#organization\"},\"image\":{\"@id\":\"https:\/\/punkt.hu\/en\/2019\/07\/07\/hungarian-photographer-wins-jurys-prize-at-arles-photo-festival\/#primaryimage\"},\"thumbnailUrl\":\"https:\/\/i0.wp.com\/punkt.hu\/wp-content\/uploads\/2019\/07\/punkt-magyar-fotos-nyert-az-arles-i-fotofesztivalon-02.jpg?fit=1494%2C2000&ssl=1\",\"keywords\":[\"contemporary photo\",\"Les Rencontres d'Arles\"],\"articleSection\":[\"News\"],\"inLanguage\":\"en-US\"},{\"@type\":\"Person\",\"@id\":\"https:\/\/punkt.hu\/#\/schema\/person\/b8c32ebc042ed27b9e4f07dce594ba20\",\"name\":\"Kassai L\\u00e1szl\\u00f3\",\"image\":{\"@type\":\"ImageObject\",\"@id\":\"https:\/\/punkt.hu\/#personlogo\",\"inLanguage\":\"en-US\",\"url\":\"https:\/\/secure.gravatar.com\/avatar\/81ad2cb278a704ddfeb4b295e3e7029d?s=96&d=mm&r=g\",\"contentUrl\":\"https:\/\/secure.gravatar.com\/avatar\/81ad2cb278a704ddfeb4b295e3e7029d?s=96&d=mm&r=g\",\"caption\":\"Kassai L\\u00e1szl\\u00f3\"}}]}<\/script>\n<!-- \/ Yoast SEO plugin. -->","yoast_head_json":{"title":"Hungarian Photographer Wins Jury\u2019s Prize at Arles Photo Festival - PUNKT","description":"M\u00e1t\u00e9 Bartha together with Laure Tiberghien, won the Prix D\u00e9couverte Louis Roederer 2019 at the Les Rencontres de la photographie d'Arles 2019.","robots":{"index":"index","follow":"follow","max-snippet":"max-snippet:-1","max-image-preview":"max-image-preview:large","max-video-preview":"max-video-preview:-1"},"canonical":"https:\/\/punkt.hu\/en\/2019\/07\/07\/hungarian-photographer-wins-jurys-prize-at-arles-photo-festival\/","og_locale":"en_US","og_type":"article","og_title":"Hungarian Photographer Wins Jury\u2019s Prize at Arles Photo Festival - PUNKT","og_description":"M\u00e1t\u00e9 Bartha together with Laure Tiberghien, won the Prix D\u00e9couverte Louis Roederer 2019 at the Les Rencontres de la photographie d'Arles 2019.","og_url":"https:\/\/punkt.hu\/en\/2019\/07\/07\/hungarian-photographer-wins-jurys-prize-at-arles-photo-festival\/","og_site_name":"PUNKT","article_published_time":"2019-07-07T08:36:01+00:00","article_modified_time":"2019-07-10T14:11:36+00:00","og_image":[{"width":1494,"height":2000,"url":"https:\/\/i0.wp.com\/punkt.hu\/wp-content\/uploads\/2019\/07\/punkt-magyar-fotos-nyert-az-arles-i-fotofesztivalon-02.jpg?fit=1494%2C2000&ssl=1","type":"image\/jpeg"}],"twitter_card":"summary_large_image","twitter_misc":{"Written by":"Kassai L\u00e1szl\u00f3"},"schema":{"@context":"https:\/\/schema.org","@graph":[{"@type":"Organization","@id":"https:\/\/punkt.hu\/#organization","name":"PUNKT","url":"https:\/\/punkt.hu\/","sameAs":["https:\/\/www.instagram.com\/punkt.hu\/"],"logo":{"@type":"ImageObject","@id":"https:\/\/punkt.hu\/#logo","inLanguage":"en-US","url":"https:\/\/i2.wp.com\/punkt.hu\/wp-content\/uploads\/2019\/05\/punkt-rolunk-01.png?fit=729%2C529&ssl=1","contentUrl":"https:\/\/i2.wp.com\/punkt.hu\/wp-content\/uploads\/2019\/05\/punkt-rolunk-01.png?fit=729%2C529&ssl=1","width":729,"height":529,"caption":"PUNKT"},"image":{"@id":"https:\/\/punkt.hu\/#logo"}},{"@type":"WebSite","@id":"https:\/\/punkt.hu\/#website","url":"https:\/\/punkt.hu\/","name":"PUNKT","description":"PUNKT","publisher":{"@id":"https:\/\/punkt.hu\/#organization"},"potentialAction":[{"@type":"SearchAction","target":{"@type":"EntryPoint","urlTemplate":"https:\/\/punkt.hu\/?s={search_term_string}"},"query-input":"required name=search_term_string"}],"inLanguage":"en-US"},{"@type":"ImageObject","@id":"https:\/\/punkt.hu\/en\/2019\/07\/07\/hungarian-photographer-wins-jurys-prize-at-arles-photo-festival\/#primaryimage","inLanguage":"en-US","url":"https:\/\/i0.wp.com\/punkt.hu\/wp-content\/uploads\/2019\/07\/punkt-magyar-fotos-nyert-az-arles-i-fotofesztivalon-02.jpg?fit=1494%2C2000&ssl=1","contentUrl":"https:\/\/i0.wp.com\/punkt.hu\/wp-content\/uploads\/2019\/07\/punkt-magyar-fotos-nyert-az-arles-i-fotofesztivalon-02.jpg?fit=1494%2C2000&ssl=1","width":1494,"height":2000,"caption":"M\u00e1t\u00e9 Bartha: Kontakt, 2018."},{"@type":"WebPage","@id":"https:\/\/punkt.hu\/en\/2019\/07\/07\/hungarian-photographer-wins-jurys-prize-at-arles-photo-festival\/#webpage","url":"https:\/\/punkt.hu\/en\/2019\/07\/07\/hungarian-photographer-wins-jurys-prize-at-arles-photo-festival\/","name":"Hungarian Photographer Wins Jury\u2019s Prize at Arles Photo Festival - PUNKT","isPartOf":{"@id":"https:\/\/punkt.hu\/#website"},"primaryImageOfPage":{"@id":"https:\/\/punkt.hu\/en\/2019\/07\/07\/hungarian-photographer-wins-jurys-prize-at-arles-photo-festival\/#primaryimage"},"datePublished":"2019-07-07T08:36:01+00:00","dateModified":"2019-07-10T14:11:36+00:00","description":"M\u00e1t\u00e9 Bartha together with Laure Tiberghien, won the Prix D\u00e9couverte Louis Roederer 2019 at the Les Rencontres de la photographie d'Arles 2019.","breadcrumb":{"@id":"https:\/\/punkt.hu\/en\/2019\/07\/07\/hungarian-photographer-wins-jurys-prize-at-arles-photo-festival\/#breadcrumb"},"inLanguage":"en-US","potentialAction":[{"@type":"ReadAction","target":["https:\/\/punkt.hu\/en\/2019\/07\/07\/hungarian-photographer-wins-jurys-prize-at-arles-photo-festival\/"]}]},{"@type":"BreadcrumbList","@id":"https:\/\/punkt.hu\/en\/2019\/07\/07\/hungarian-photographer-wins-jurys-prize-at-arles-photo-festival\/#breadcrumb","itemListElement":[{"@type":"ListItem","position":1,"name":"Home","item":"https:\/\/punkt.hu\/en\/"},{"@type":"ListItem","position":2,"name":"Hungarian Photographer Wins Jury\u2019s Prize at Arles Photo Festival"}]},{"@type":"Article","@id":"https:\/\/punkt.hu\/en\/2019\/07\/07\/hungarian-photographer-wins-jurys-prize-at-arles-photo-festival\/#article","isPartOf":{"@id":"https:\/\/punkt.hu\/en\/2019\/07\/07\/hungarian-photographer-wins-jurys-prize-at-arles-photo-festival\/#webpage"},"author":{"@id":"https:\/\/punkt.hu\/#\/schema\/person\/b8c32ebc042ed27b9e4f07dce594ba20"},"headline":"Hungarian Photographer Wins Jury\u2019s Prize at Arles Photo Festival","datePublished":"2019-07-07T08:36:01+00:00","dateModified":"2019-07-10T14:11:36+00:00","mainEntityOfPage":{"@id":"https:\/\/punkt.hu\/en\/2019\/07\/07\/hungarian-photographer-wins-jurys-prize-at-arles-photo-festival\/#webpage"},"wordCount":52,"publisher":{"@id":"https:\/\/punkt.hu\/#organization"},"image":{"@id":"https:\/\/punkt.hu\/en\/2019\/07\/07\/hungarian-photographer-wins-jurys-prize-at-arles-photo-festival\/#primaryimage"},"thumbnailUrl":"https:\/\/i0.wp.com\/punkt.hu\/wp-content\/uploads\/2019\/07\/punkt-magyar-fotos-nyert-az-arles-i-fotofesztivalon-02.jpg?fit=1494%2C2000&ssl=1","keywords":["contemporary photo","Les Rencontres d'Arles"],"articleSection":["News"],"inLanguage":"en-US"},{"@type":"Person","@id":"https:\/\/punkt.hu\/#\/schema\/person\/b8c32ebc042ed27b9e4f07dce594ba20","name":"Kassai L\u00e1szl\u00f3","image":{"@type":"ImageObject","@id":"https:\/\/punkt.hu\/#personlogo","inLanguage":"en-US","url":"https:\/\/secure.gravatar.com\/avatar\/81ad2cb278a704ddfeb4b295e3e7029d?s=96&d=mm&r=g","contentUrl":"https:\/\/secure.gravatar.com\/avatar\/81ad2cb278a704ddfeb4b295e3e7029d?s=96&d=mm&r=g","caption":"Kassai L\u00e1szl\u00f3"}}]}},"jetpack_featured_media_url":"https:\/\/i0.wp.com\/punkt.hu\/wp-content\/uploads\/2019\/07\/punkt-magyar-fotos-nyert-az-arles-i-fotofesztivalon-02.jpg?fit=1494%2C2000&ssl=1","_links":{"self":[{"href":"https:\/\/punkt.hu\/en\/wp-json\/wp\/v2\/posts\/2221"}],"collection":[{"href":"https:\/\/punkt.hu\/en\/wp-json\/wp\/v2\/posts"}],"about":[{"href":"https:\/\/punkt.hu\/en\/wp-json\/wp\/v2\/types\/post"}],"author":[{"embeddable":true,"href":"https:\/\/punkt.hu\/en\/wp-json\/wp\/v2\/users\/6"}],"replies":[{"embeddable":true,"href":"https:\/\/punkt.hu\/en\/wp-json\/wp\/v2\/comments?post=2221"}],"version-history":[{"count":3,"href":"https:\/\/punkt.hu\/en\/wp-json\/wp\/v2\/posts\/2221\/revisions"}],"predecessor-version":[{"id":2224,"href":"https:\/\/punkt.hu\/en\/wp-json\/wp\/v2\/posts\/2221\/revisions\/2224"}],"wp:featuredmedia":[{"embeddable":true,"href":"https:\/\/punkt.hu\/en\/wp-json\/wp\/v2\/media\/2203"}],"wp:attachment":[{"href":"https:\/\/punkt.hu\/en\/wp-json\/wp\/v2\/media?parent=2221"}],"wp:term":[{"taxonomy":"category","embeddable":true,"href":"https:\/\/punkt.hu\/en\/wp-json\/wp\/v2\/categories?post=2221"},{"taxonomy":"post_tag","embeddable":true,"href":"https:\/\/punkt.hu\/en\/wp-json\/wp\/v2\/tags?post=2221"}],"curies":[{"name":"wp","href":"https:\/\/api.w.org\/{rel}","templated":true}]}}