{"id":25550,"date":"2021-10-18T18:41:34","date_gmt":"2021-10-18T16:41:34","guid":{"rendered":"https:\/\/punkt.hu\/?p=25550"},"modified":"2021-10-18T18:41:35","modified_gmt":"2021-10-18T16:41:35","slug":"month-of-photography-2021-begins-with-35-exhibitions-selected-photos-from-the-displays","status":"publish","type":"post","link":"https:\/\/punkt.hu\/en\/2021\/10\/18\/month-of-photography-2021-begins-with-35-exhibitions-selected-photos-from-the-displays\/","title":{"rendered":"Month of Photography 2021 begins with 35 exhibitions \u2013 Selected photos from the displays"},"content":{"rendered":"<div id=\"pl-25550\"  class=\"panel-layout\" ><div id=\"pg-25550-0\"  class=\"panel-grid panel-no-style\" ><div id=\"pgc-25550-0-0\"  class=\"panel-grid-cell\" ><div id=\"panel-25550-0-0-0\" class=\"so-panel widget widget_image-with-caption panel-first-child\" data-index=\"0\" ><div class=\"so-widget-image-with-caption so-widget-image-with-caption-default-d75171398898-25550\">\n\n\t\n\t<div class=\"image-with-caption caption-alignment-bottom-center-small\">\n\n\t\t\n\t\t<div class=\"image-with-caption-container-image\">\n\n\t\t\t\n\t\t\t<a href=\"https:\/\/i2.wp.com\/punkt.hu\/wp-content\/uploads\/2021\/10\/punkt-35-kiallitassal-indul-a-fotohonap2021-valogatas-a-kiallitasok-kepeibol-01.jpg?fit=2560%2C1911&ssl=1\" class=\"chocolat-image\" title=\"Photo: Margaret Watkins: Untitled, n.d. (detail) \u00a9 Margaret Watkins \/ Collection of Joseph Mulholland, Glasgow \">\n\t\t\t\t<img width=\"890\" height=\"665\" src=\"https:\/\/i2.wp.com\/punkt.hu\/wp-content\/uploads\/2021\/10\/punkt-35-kiallitassal-indul-a-fotohonap2021-valogatas-a-kiallitasok-kepeibol-01.jpg?fit=890%2C665&amp;ssl=1\" class=\"lazyload\" alt=\"Photo: Margaret Watkins: Untitled, n.d. (detail) \u00a9 Margaret Watkins \/ Collection of Joseph Mulholland, Glasgow \" \/>\t\t\t<\/a>\n\n\t\t<\/div>\n\n\t\t\t\t\t<div class=\"image-with-caption-container-caption\">\n\t\t\t\t<div class=\"image-with-caption-container-caption-center-fix\">\n\t\t\t\t\t\t\t\t\t\t\t<p class=\"image-with-caption-container-caption-numbers\">01<span class=\"number-separator\"><\/span>03<\/p>\n\t\t\t\t\t\t\t\t\t\t<p class=\"image-with-caption-container-caption-text\">Photo: Margaret Watkins: Untitled, n.d. (detail) \u00a9 Margaret Watkins \/ Collection of Joseph Mulholland, Glasgow <\/p>\n\t\t\t\t<\/div>\n\t\t\t<\/div>\n\t\t\n\t<\/div>\n\n<\/div><\/div><div id=\"panel-25550-0-0-1\" class=\"so-panel widget widget_single-title\" data-index=\"1\" ><div class=\"so-widget-single-title so-widget-single-title-default-d75171398898-25550\">\n<\/div><\/div><div id=\"panel-25550-0-0-2\" class=\"so-panel widget widget_aligned-text\" data-index=\"2\" ><div class=\"so-widget-aligned-text so-widget-aligned-text-default-d75171398898-25550\">\n\t<div class=\"aligned-text-right\">\n\t\t<div class=\"text-content\">\n\t\t\t<p class=\"p1\"><b>Organized by the Association of Hungarian Photographers, the Month of Photography offers events across the country again. Numerous photography exhibitions, which will open between 12 October and 30 November, have joined this year\u2019s festival.<\/b><\/p>\n\t\t<\/div>\n\t<\/div>\n<\/div><\/div><div id=\"panel-25550-0-0-3\" class=\"so-panel widget widget_aligned-text\" data-index=\"3\" ><div class=\"so-widget-aligned-text so-widget-aligned-text-default-d75171398898-25550\">\n\t<div class=\"aligned-text-right\">\n\t\t<div class=\"text-content\">\n\t\t\t<p class=\"p1\">Along with smaller galleries, the festival features big-name institutions like the Hungarian Museum of Photography, the Hungarian National Museum, the Hungarian Natural History Museum, the Robert Capa Contemporary Photo Centre, the Szab\u00f3 Ervin Metropolitan Library, and Art Market Budapest. In addition to the 21 galleries and institutions in Budapest, there will be plenty to see in the country as well, with Salf\u00f6ld, P\u00e9cs, Cegl\u00e9d, Kecskem\u00e9t and Debrecen all hosting events. Besides the traditional photo exhibitions, the Month of Photography also presents video art, sculpture and book illustrations, and you can even see the next generation at an exhibition of the Grammar School for Fine and Applied Arts\u2019 photography students.<\/p>\n<p class=\"p1\">The festival kicks off on 12 October with an exhibition of the works of Margaret Watkins at <b>Mai Man\u00f3 House,<\/b> a worthy sequel to the Weegee, Nobuyoshi Araki and Robert Doisneau oeuvre exhibitions of the previous Hungarian Months of Photography, organized by Mai Man\u00f3 House and the Association of Hungarian Photographers. <i>Black Light <\/i>brings into relief the salient traits of the Canadian photographer\u2019s art\u2014her rebellious rejection of the traditions of her time, the articulation of eroticism and feminisim\u2014with which Watkins laid the foundations for the new norms of public taste.<\/p>\n\t\t<\/div>\n\t<\/div>\n<\/div><\/div><div id=\"panel-25550-0-0-4\" class=\"so-panel widget widget_aligned-text panel-last-child\" data-index=\"4\" ><div class=\"so-widget-aligned-text so-widget-aligned-text-default-d75171398898-25550\">\n\t<div class=\"aligned-text-right\">\n\t\t<div class=\"text-content\">\n\t\t\t<p class=\"p1\"><b>TOBE Gallery <\/b>presents two events while the festival lasts, as do <b>Artphoto Gallery<\/b> and the <b>PaperLab <\/b>(in the bookstore of Mai Man\u00f3 House), while <b>Foton Gallery,<\/b> which opened this year in K\u00e9p\u00edr\u00f3 Street, Budapest, holds three exhibition during the Month of Photography.<\/p>\n<p class=\"p1\">Along with the classical and experimental trends, the exhibitions of the Month of Photography will be marked by a diversity of genres and an exploration of the outer reaches of photography. So while the <b>Hungarian Natural History Museum <\/b>hosts the 29th <i>Nature Photographer of the Year <\/i>exhibition, which features 116 photos and is presented by naturArt \u2013 The Association of Hungarian Nature Photographers, the <b>Hungarian National Museum<\/b> is home to <i>World Press Photo 2021,<\/i> an internationally curated display of 151 images.<b> <\/b>Tickets for the latter event are also valid for <i>Findings,<\/i> the anniversary exhibition of the Szebeni Workshop, and for Digital Storytelling, a film screening and multimedia presentation, expanding the offer of genres during the five weeks of the show.<\/p>\n\t\t<\/div>\n\t<\/div>\n<\/div><\/div><\/div><\/div><div id=\"pg-25550-1\"  class=\"panel-grid panel-no-style\" ><div id=\"pgc-25550-1-0\"  class=\"panel-grid-cell\" ><div id=\"panel-25550-1-0-0\" class=\"so-panel widget widget_image-with-caption panel-first-child panel-last-child\" data-index=\"5\" ><div class=\"so-widget-image-with-caption so-widget-image-with-caption-default-d75171398898-25550\">\n\n\t\n\t<div class=\"image-with-caption caption-alignment-bottom-center-small\">\n\n\t\t\n\t\t<div class=\"image-with-caption-container-image\">\n\n\t\t\t\n\t\t\t<a href=\"https:\/\/i1.wp.com\/punkt.hu\/wp-content\/uploads\/2021\/10\/punkt-35-kiallitassal-indul-a-fotohonap2021-valogatas-a-kiallitasok-kepeibol-02.jpg?fit=2560%2C1707&ssl=1\" class=\"chocolat-image\" title=\"Photo: Ralph Pace: USA, Winner of the Environment category\">\n\t\t\t\t<img width=\"890\" height=\"593\" src=\"https:\/\/i1.wp.com\/punkt.hu\/wp-content\/uploads\/2021\/10\/punkt-35-kiallitassal-indul-a-fotohonap2021-valogatas-a-kiallitasok-kepeibol-02.jpg?fit=890%2C593&amp;ssl=1\" class=\"lazyload\" alt=\"Photo: Ralph Pace: USA, Winner of the Environment category\" \/>\t\t\t<\/a>\n\n\t\t<\/div>\n\n\t\t\t\t\t<div class=\"image-with-caption-container-caption\">\n\t\t\t\t<div class=\"image-with-caption-container-caption-center-fix\">\n\t\t\t\t\t\t\t\t\t\t\t<p class=\"image-with-caption-container-caption-numbers\">01<span class=\"number-separator\"><\/span>03<\/p>\n\t\t\t\t\t\t\t\t\t\t<p class=\"image-with-caption-container-caption-text\">Photo: Ralph Pace: USA, Winner of the Environment category<\/p>\n\t\t\t\t<\/div>\n\t\t\t<\/div>\n\t\t\n\t<\/div>\n\n<\/div><\/div><\/div><div id=\"pgc-25550-1-1\"  class=\"panel-grid-cell\" ><div id=\"panel-25550-1-1-0\" class=\"so-panel widget widget_image-with-caption panel-first-child panel-last-child\" data-index=\"6\" ><div class=\"so-widget-image-with-caption so-widget-image-with-caption-default-d75171398898-25550\">\n\n\t\n\t<div class=\"image-with-caption caption-alignment-bottom-center-small\">\n\n\t\t\n\t\t<div class=\"image-with-caption-container-image\">\n\n\t\t\t\n\t\t\t<a href=\"https:\/\/i0.wp.com\/punkt.hu\/wp-content\/uploads\/2021\/10\/punkt-35-kiallitassal-indul-a-fotohonap2021-valogatas-a-kiallitasok-kepeibol-03.jpg?fit=2560%2C1707&ssl=1\" class=\"chocolat-image\" title=\"Photo: L\u00e1szl\u00f3 Hargitai: Floral Ornament, 2021 \">\n\t\t\t\t<img width=\"890\" height=\"593\" src=\"https:\/\/i0.wp.com\/punkt.hu\/wp-content\/uploads\/2021\/10\/punkt-35-kiallitassal-indul-a-fotohonap2021-valogatas-a-kiallitasok-kepeibol-03.jpg?fit=890%2C593&amp;ssl=1\" class=\"lazyload\" alt=\"Photo: L\u00e1szl\u00f3 Hargitai: Floral Ornament, 2021 \" \/>\t\t\t<\/a>\n\n\t\t<\/div>\n\n\t\t\t\t\t<div class=\"image-with-caption-container-caption\">\n\t\t\t\t<div class=\"image-with-caption-container-caption-center-fix\">\n\t\t\t\t\t\t\t\t\t\t\t<p class=\"image-with-caption-container-caption-numbers\">01<span class=\"number-separator\"><\/span>03<\/p>\n\t\t\t\t\t\t\t\t\t\t<p class=\"image-with-caption-container-caption-text\">Photo: L\u00e1szl\u00f3 Hargitai: Floral Ornament, 2021 <\/p>\n\t\t\t\t<\/div>\n\t\t\t<\/div>\n\t\t\n\t<\/div>\n\n<\/div><\/div><\/div><\/div><div id=\"pg-25550-2\"  class=\"panel-grid panel-no-style\" ><div id=\"pgc-25550-2-0\"  class=\"panel-grid-cell\" ><div id=\"panel-25550-2-0-0\" class=\"so-panel widget widget_aligned-text panel-first-child\" data-index=\"7\" ><div class=\"so-widget-aligned-text so-widget-aligned-text-default-d75171398898-25550\">\n\t<div class=\"aligned-text-right\">\n\t\t<div class=\"text-content\">\n\t\t\t<p class=\"p1\"><b>In a classical vein<\/b><\/p>\n<p class=\"p1\"><i>City of Lions, <\/i>Mikl\u00f3s Guly\u00e1s\u2019s exhibition at <b>Artphoto Gallery,<\/b> presents the spaces of an empty, imaginary Budapest which humans have deserted. The artist is interested in the organic and artificial process of urban development, the lost aura of architectural spaces. Artphoto also has another set of photographs on view: <i>Relics<\/i> comprises the lesser-known pictures that sculptor Gy\u00f6rgy Szab\u00f3 took between 1968 and 1972.<\/p>\n<p class=\"p1\">At <i>Memories Burnt into the Retina<\/i> in M\u00e1csai Istv\u00e1n Gallery, Zsolt B\u00e1tori plays with real and imaginary memories, lives constructed from possible personal stories.<\/p>\n<p class=\"p1\">A 2018 series by photographer and author Alan Huck is on view in <b>PaperLab<\/b> Gallery until 24 October. The artist roamed the streets in the largest city of New Mexico for two months, and the resulting book, <i>I Walk toward the Sun which is Always Going Down <\/i>was published by MACK in 2019.<\/p>\n\t\t<\/div>\n\t<\/div>\n<\/div><\/div><div id=\"panel-25550-2-0-1\" class=\"so-panel widget widget_image-with-caption\" data-index=\"8\" ><div class=\"so-widget-image-with-caption so-widget-image-with-caption-default-d75171398898-25550\">\n\n\t\n\t<div class=\"image-with-caption caption-alignment-left\">\n\n\t\t\n\t\t<div class=\"image-with-caption-container-image\">\n\n\t\t\t\n\t\t\t<a href=\"https:\/\/i1.wp.com\/punkt.hu\/wp-content\/uploads\/2021\/10\/punkt-35-kiallitassal-indul-a-fotohonap2021-valogatas-a-kiallitasok-kepeibol-04.jpg?fit=1943%2C2000&ssl=1\" class=\"chocolat-image\" title=\"Photo: Mikl\u00f3s Guly\u00e1s: City of Lions (from the series), 2021\narchival inkjet print, 48,3 \u00d7 33 cm \">\n\t\t\t\t<img width=\"890\" height=\"916\" src=\"https:\/\/i1.wp.com\/punkt.hu\/wp-content\/uploads\/2021\/10\/punkt-35-kiallitassal-indul-a-fotohonap2021-valogatas-a-kiallitasok-kepeibol-04.jpg?fit=890%2C916&amp;ssl=1\" class=\"lazyload\" alt=\"Photo: Mikl\u00f3s Guly\u00e1s: City of Lions (from the series), 2021\narchival inkjet print, 48,3 \u00d7 33 cm \" srcset=\"https:\/\/i1.wp.com\/punkt.hu\/wp-content\/uploads\/2021\/10\/punkt-35-kiallitassal-indul-a-fotohonap2021-valogatas-a-kiallitasok-kepeibol-04.jpg?w=1943&amp;ssl=1 1943w, https:\/\/i1.wp.com\/punkt.hu\/wp-content\/uploads\/2021\/10\/punkt-35-kiallitassal-indul-a-fotohonap2021-valogatas-a-kiallitasok-kepeibol-04.jpg?resize=291%2C300&amp;ssl=1 291w, https:\/\/i1.wp.com\/punkt.hu\/wp-content\/uploads\/2021\/10\/punkt-35-kiallitassal-indul-a-fotohonap2021-valogatas-a-kiallitasok-kepeibol-04.jpg?resize=995%2C1024&amp;ssl=1 995w, https:\/\/i1.wp.com\/punkt.hu\/wp-content\/uploads\/2021\/10\/punkt-35-kiallitassal-indul-a-fotohonap2021-valogatas-a-kiallitasok-kepeibol-04.jpg?resize=768%2C791&amp;ssl=1 768w, https:\/\/i1.wp.com\/punkt.hu\/wp-content\/uploads\/2021\/10\/punkt-35-kiallitassal-indul-a-fotohonap2021-valogatas-a-kiallitasok-kepeibol-04.jpg?resize=1492%2C1536&amp;ssl=1 1492w, https:\/\/i1.wp.com\/punkt.hu\/wp-content\/uploads\/2021\/10\/punkt-35-kiallitassal-indul-a-fotohonap2021-valogatas-a-kiallitasok-kepeibol-04.jpg?resize=1920%2C1976&amp;ssl=1 1920w, https:\/\/i1.wp.com\/punkt.hu\/wp-content\/uploads\/2021\/10\/punkt-35-kiallitassal-indul-a-fotohonap2021-valogatas-a-kiallitasok-kepeibol-04.jpg?resize=890%2C916&amp;ssl=1 890w, https:\/\/i1.wp.com\/punkt.hu\/wp-content\/uploads\/2021\/10\/punkt-35-kiallitassal-indul-a-fotohonap2021-valogatas-a-kiallitasok-kepeibol-04.jpg?resize=690%2C710&amp;ssl=1 690w, https:\/\/i1.wp.com\/punkt.hu\/wp-content\/uploads\/2021\/10\/punkt-35-kiallitassal-indul-a-fotohonap2021-valogatas-a-kiallitasok-kepeibol-04.jpg?resize=445%2C458&amp;ssl=1 445w, https:\/\/i1.wp.com\/punkt.hu\/wp-content\/uploads\/2021\/10\/punkt-35-kiallitassal-indul-a-fotohonap2021-valogatas-a-kiallitasok-kepeibol-04.jpg?resize=930%2C957&amp;ssl=1 930w, https:\/\/i1.wp.com\/punkt.hu\/wp-content\/uploads\/2021\/10\/punkt-35-kiallitassal-indul-a-fotohonap2021-valogatas-a-kiallitasok-kepeibol-04.jpg?resize=340%2C350&amp;ssl=1 340w, https:\/\/i1.wp.com\/punkt.hu\/wp-content\/uploads\/2021\/10\/punkt-35-kiallitassal-indul-a-fotohonap2021-valogatas-a-kiallitasok-kepeibol-04.jpg?w=1800&amp;ssl=1 1800w\" sizes=\"(max-width: 890px) 100vw, 890px\" \/>\t\t\t<\/a>\n\n\t\t<\/div>\n\n\t\t\t\t\t<div class=\"image-with-caption-container-caption\">\n\t\t\t\t<div class=\"image-with-caption-container-caption-center-fix\">\n\t\t\t\t\t\t\t\t\t\t\t<p class=\"image-with-caption-container-caption-numbers\">01<span class=\"number-separator\"><\/span>03<\/p>\n\t\t\t\t\t\t\t\t\t\t<p class=\"image-with-caption-container-caption-text\">Photo: Mikl\u00f3s Guly\u00e1s: City of Lions (from the series), 2021\narchival inkjet print, 48,3 \u00d7 33 cm <\/p>\n\t\t\t\t<\/div>\n\t\t\t<\/div>\n\t\t\n\t<\/div>\n\n<\/div><\/div><div id=\"panel-25550-2-0-2\" class=\"so-panel widget widget_image-with-caption\" data-index=\"9\" ><div class=\"so-widget-image-with-caption so-widget-image-with-caption-default-d75171398898-25550\">\n\n\t\n\t<div class=\"image-with-caption caption-alignment-left\">\n\n\t\t\n\t\t<div class=\"image-with-caption-container-image\">\n\n\t\t\t\n\t\t\t<a href=\"https:\/\/i2.wp.com\/punkt.hu\/wp-content\/uploads\/2021\/10\/punkt-35-kiallitassal-indul-a-fotohonap2021-valogatas-a-kiallitasok-kepeibol-05.jpg?fit=2560%2C2046&ssl=1\" class=\"chocolat-image\" title=\"Photo: Zsolt B\u00e1tori: Untitled, from the series Memories Burnt into the Retina, 2017, gicl\u00e9e print, 40 \u00d7 50 cm\">\n\t\t\t\t<img width=\"890\" height=\"711\" src=\"https:\/\/i2.wp.com\/punkt.hu\/wp-content\/uploads\/2021\/10\/punkt-35-kiallitassal-indul-a-fotohonap2021-valogatas-a-kiallitasok-kepeibol-05.jpg?fit=890%2C711&amp;ssl=1\" class=\"lazyload\" alt=\"Photo: Zsolt B\u00e1tori: Untitled, from the series Memories Burnt into the Retina, 2017, gicl\u00e9e print, 40 \u00d7 50 cm\" \/>\t\t\t<\/a>\n\n\t\t<\/div>\n\n\t\t\t\t\t<div class=\"image-with-caption-container-caption\">\n\t\t\t\t<div class=\"image-with-caption-container-caption-center-fix\">\n\t\t\t\t\t\t\t\t\t\t\t<p class=\"image-with-caption-container-caption-numbers\">01<span class=\"number-separator\"><\/span>03<\/p>\n\t\t\t\t\t\t\t\t\t\t<p class=\"image-with-caption-container-caption-text\">Photo: Zsolt B\u00e1tori: Untitled, from the series Memories Burnt into the Retina, 2017, gicl\u00e9e print, 40 \u00d7 50 cm<\/p>\n\t\t\t\t<\/div>\n\t\t\t<\/div>\n\t\t\n\t<\/div>\n\n<\/div><\/div><div id=\"panel-25550-2-0-3\" class=\"so-panel widget widget_image-with-caption\" data-index=\"10\" ><div class=\"so-widget-image-with-caption so-widget-image-with-caption-default-d75171398898-25550\">\n\n\t\n\t<div class=\"image-with-caption caption-alignment-left\">\n\n\t\t\n\t\t<div class=\"image-with-caption-container-image\">\n\n\t\t\t\n\t\t\t<a href=\"https:\/\/i2.wp.com\/punkt.hu\/wp-content\/uploads\/2021\/10\/punkt-35-kiallitassal-indul-a-fotohonap2021-valogatas-a-kiallitasok-kepeibol-06.jpg?fit=2560%2C2047&ssl=1\" class=\"chocolat-image\" title=\"Photo: Alan Huck: I walk towards the sun which is always going down (from the series), 2019, MACK \">\n\t\t\t\t<img width=\"890\" height=\"712\" src=\"https:\/\/i2.wp.com\/punkt.hu\/wp-content\/uploads\/2021\/10\/punkt-35-kiallitassal-indul-a-fotohonap2021-valogatas-a-kiallitasok-kepeibol-06.jpg?fit=890%2C712&amp;ssl=1\" class=\"lazyload\" alt=\"Photo: Alan Huck: I walk towards the sun which is always going down (from the series), 2019, MACK \" \/>\t\t\t<\/a>\n\n\t\t<\/div>\n\n\t\t\t\t\t<div class=\"image-with-caption-container-caption\">\n\t\t\t\t<div class=\"image-with-caption-container-caption-center-fix\">\n\t\t\t\t\t\t\t\t\t\t\t<p class=\"image-with-caption-container-caption-numbers\">01<span class=\"number-separator\"><\/span>03<\/p>\n\t\t\t\t\t\t\t\t\t\t<p class=\"image-with-caption-container-caption-text\">Photo: Alan Huck: I walk towards the sun which is always going down (from the series), 2019, MACK <\/p>\n\t\t\t\t<\/div>\n\t\t\t<\/div>\n\t\t\n\t<\/div>\n\n<\/div><\/div><div id=\"panel-25550-2-0-4\" class=\"so-panel widget widget_aligned-text\" data-index=\"11\" ><div class=\"so-widget-aligned-text so-widget-aligned-text-default-d75171398898-25550\">\n\t<div class=\"aligned-text-right\">\n\t\t<div class=\"text-content\">\n\t\t\t<p class=\"p1\"><b>In an experimental vein<\/b><\/p>\n<p class=\"p1\"><i>Calligraphy,<\/i> at <b>Art9 Gallery,<\/b> is the joint exhibition of Zolt\u00e1n Moln\u00e1r, P\u00e9ter Herendi, Imre Dr\u00e9gely and Attila Haid, aka Kvart\u00e9r group. The artists examine the relationship of visual and linguistic signs, the photographic equivalents of handwriting and calligraphy, and it is up to the viewer to decide which type of sign to make the starting point for the deciphering.<\/p>\n<p class=\"p1\"><i>Layers of Reality,<\/i> which shows highlights from Anna P\u00fcschel\u2019s project on synaesthesia, opens in <b>PaperLab<\/b> Gallery on 27 October. The Dutch artist complements her experimental photo works with the scientific approaches of different disciplines, while she offers personal solutions to the debates about synaesthesia.<\/p>\n<p class=\"p1\"><b>Foton Gallery<\/b> hosts the debut exhibition of the new members that the Studio of Young Photographers (FFS) admitted this year. Organized like a traditional salon, featuring the sets of the young experimenting new members, the exhibition also offers additional depth to viewers who are ready to answer the titular questions: <i>Who? With Whom? Where? Why? What did they do?<\/i> From 15 November, FFS\u2019s new artistic project, an exhibition entitled <i>True or False? #Information Overload in the 21st Century<\/i> can be seen at the same venue.<i> <\/i>Coordinated by Tam\u00e1s Don, the project looks at the questions of authenticity, manipulation and objective truth in the global communication space\u2014which includes photography. <b>Foton Gallery\u2019s <\/b>third event for the festival is <i>Interdisciplinary Visions,<\/i> an exhibition of acrylic-tinted chemograms by Zolt\u00e1n Gy\u00f6rgy Fej\u00e9r, who is also known in the Hungarian photography scene as an expert on theory.<\/p>\n<p class=\"p1\">At <b>Dokubrom \u2013 RANDOM Gallery<\/b>, the Random group, who use photography and photo-based media in diverse ways, explore virtual and artificial spaces, natural and urban landscapes, the aesthetic of public spaces and organic sceneries, and the possibilities of transforming them.<\/p>\n<p class=\"p1\"><i>Gaia,<\/i> M\u00e1rk Martink\u00f3 and Marcell Piti\u2019s exhibition at <b>Mymuseum,<i> <\/i><\/b>looks into the interaction between humans and their environment, the evolution of this relationship, using photo and video.<\/p>\n<p class=\"p1\">Viktor V\u00e1radi\u2019s <i>Processing<\/i> is a photographic narrative full of surprises; the exhibition presents what both may or may not be the story of a family. The heterogeneous body of exhibits is arranged on the basis of unconventional principles at <b>TOBE Gallery,<\/b> with the words that outline the events forming an extended haiku, according to Mikl\u00f3s Guly\u00e1s. Tobe also presents the last event of the Month of Photography festival, <i>Soulscapes,<\/i> where Dora Kontha brings to life her sensitive inner sceneries with the means of instant photography.<\/p>\n\t\t<\/div>\n\t<\/div>\n<\/div><\/div><div id=\"panel-25550-2-0-5\" class=\"so-panel widget widget_image-with-caption\" data-index=\"12\" ><div class=\"so-widget-image-with-caption so-widget-image-with-caption-default-d75171398898-25550\">\n\n\t\n\t<div class=\"image-with-caption caption-alignment-left\">\n\n\t\t\n\t\t<div class=\"image-with-caption-container-image\">\n\n\t\t\t\n\t\t\t<a href=\"https:\/\/i2.wp.com\/punkt.hu\/wp-content\/uploads\/2021\/10\/punkt-35-kiallitassal-indul-a-fotohonap2021-valogatas-a-kiallitasok-kepeibol-07.jpg?fit=2560%2C2560&ssl=1\" class=\"chocolat-image\" title=\"Photo: Anna P\u00fcschel: Layers of Reality (from the series), 2017 The Eriskay Collection \">\n\t\t\t\t<img width=\"890\" height=\"890\" src=\"https:\/\/i2.wp.com\/punkt.hu\/wp-content\/uploads\/2021\/10\/punkt-35-kiallitassal-indul-a-fotohonap2021-valogatas-a-kiallitasok-kepeibol-07.jpg?fit=890%2C890&amp;ssl=1\" class=\"lazyload\" alt=\"Photo: Anna P\u00fcschel: Layers of Reality (from the series), 2017 The Eriskay Collection \" \/>\t\t\t<\/a>\n\n\t\t<\/div>\n\n\t\t\t\t\t<div class=\"image-with-caption-container-caption\">\n\t\t\t\t<div class=\"image-with-caption-container-caption-center-fix\">\n\t\t\t\t\t\t\t\t\t\t\t<p class=\"image-with-caption-container-caption-numbers\">01<span class=\"number-separator\"><\/span>03<\/p>\n\t\t\t\t\t\t\t\t\t\t<p class=\"image-with-caption-container-caption-text\">Photo: Anna P\u00fcschel: Layers of Reality (from the series), 2017 The Eriskay Collection <\/p>\n\t\t\t\t<\/div>\n\t\t\t<\/div>\n\t\t\n\t<\/div>\n\n<\/div><\/div><div id=\"panel-25550-2-0-6\" class=\"so-panel widget widget_image-with-caption\" data-index=\"13\" ><div class=\"so-widget-image-with-caption so-widget-image-with-caption-default-d75171398898-25550\">\n\n\t\n\t<div class=\"image-with-caption caption-alignment-left\">\n\n\t\t\n\t\t<div class=\"image-with-caption-container-image\">\n\n\t\t\t\n\t\t\t<a href=\"https:\/\/i1.wp.com\/punkt.hu\/wp-content\/uploads\/2021\/10\/punkt-35-kiallitassal-indul-a-fotohonap2021-valogatas-a-kiallitasok-kepeibol-08.jpg?fit=2560%2C2062&ssl=1\" class=\"chocolat-image\" title=\"Photo: Zolt\u00e1n Gy\u00f6rgy Fej\u00e9r: Artificial Brain, 2019\/2021, photogram on colour Agfa paper, acrylic and tempera added, 24\u00d730 cm \">\n\t\t\t\t<img width=\"890\" height=\"717\" src=\"https:\/\/i1.wp.com\/punkt.hu\/wp-content\/uploads\/2021\/10\/punkt-35-kiallitassal-indul-a-fotohonap2021-valogatas-a-kiallitasok-kepeibol-08.jpg?fit=890%2C717&amp;ssl=1\" class=\"lazyload\" alt=\"Photo: Zolt\u00e1n Gy\u00f6rgy Fej\u00e9r: Artificial Brain, 2019\/2021, photogram on colour Agfa paper, acrylic and tempera added, 24\u00d730 cm \" \/>\t\t\t<\/a>\n\n\t\t<\/div>\n\n\t\t\t\t\t<div class=\"image-with-caption-container-caption\">\n\t\t\t\t<div class=\"image-with-caption-container-caption-center-fix\">\n\t\t\t\t\t\t\t\t\t\t\t<p class=\"image-with-caption-container-caption-numbers\">01<span class=\"number-separator\"><\/span>03<\/p>\n\t\t\t\t\t\t\t\t\t\t<p class=\"image-with-caption-container-caption-text\">Photo: Zolt\u00e1n Gy\u00f6rgy Fej\u00e9r: Artificial Brain, 2019\/2021, photogram on colour Agfa paper, acrylic and tempera added, 24\u00d730 cm <\/p>\n\t\t\t\t<\/div>\n\t\t\t<\/div>\n\t\t\n\t<\/div>\n\n<\/div><\/div><div id=\"panel-25550-2-0-7\" class=\"so-panel widget widget_image-with-caption\" data-index=\"14\" ><div class=\"so-widget-image-with-caption so-widget-image-with-caption-default-d75171398898-25550\">\n\n\t\n\t<div class=\"image-with-caption caption-alignment-left\">\n\n\t\t\n\t\t<div class=\"image-with-caption-container-image\">\n\n\t\t\t\n\t\t\t<a href=\"https:\/\/i1.wp.com\/punkt.hu\/wp-content\/uploads\/2021\/10\/punkt-35-kiallitassal-indul-a-fotohonap2021-valogatas-a-kiallitasok-kepeibol-09.jpg?fit=2560%2C1706&ssl=1\" class=\"chocolat-image\" title=\"Photo: Marcell Piti: Fatherland No. 3, 2019, gicl\u00e9e print in wooden frame, 80\u00d7120 cm, Courtesy of MyMuseum Gallery \">\n\t\t\t\t<img width=\"890\" height=\"593\" src=\"https:\/\/i1.wp.com\/punkt.hu\/wp-content\/uploads\/2021\/10\/punkt-35-kiallitassal-indul-a-fotohonap2021-valogatas-a-kiallitasok-kepeibol-09.jpg?fit=890%2C593&amp;ssl=1\" class=\"lazyload\" alt=\"Photo: Marcell Piti: Fatherland No. 3, 2019, gicl\u00e9e print in wooden frame, 80\u00d7120 cm, Courtesy of MyMuseum Gallery \" \/>\t\t\t<\/a>\n\n\t\t<\/div>\n\n\t\t\t\t\t<div class=\"image-with-caption-container-caption\">\n\t\t\t\t<div class=\"image-with-caption-container-caption-center-fix\">\n\t\t\t\t\t\t\t\t\t\t\t<p class=\"image-with-caption-container-caption-numbers\">01<span class=\"number-separator\"><\/span>03<\/p>\n\t\t\t\t\t\t\t\t\t\t<p class=\"image-with-caption-container-caption-text\">Photo: Marcell Piti: Fatherland No. 3, 2019, gicl\u00e9e print in wooden frame, 80\u00d7120 cm, Courtesy of MyMuseum Gallery <\/p>\n\t\t\t\t<\/div>\n\t\t\t<\/div>\n\t\t\n\t<\/div>\n\n<\/div><\/div><div id=\"panel-25550-2-0-8\" class=\"so-panel widget widget_image-with-caption\" data-index=\"15\" ><div class=\"so-widget-image-with-caption so-widget-image-with-caption-default-d75171398898-25550\">\n\n\t\n\t<div class=\"image-with-caption caption-alignment-left\">\n\n\t\t\n\t\t<div class=\"image-with-caption-container-image\">\n\n\t\t\t\n\t\t\t<a href=\"https:\/\/i0.wp.com\/punkt.hu\/wp-content\/uploads\/2021\/10\/punkt-35-kiallitassal-indul-a-fotohonap2021-valogatas-a-kiallitasok-kepeibol-10.jpg?fit=1707%2C2560&ssl=1\" class=\"chocolat-image\" title=\"Photo: Viktor V\u00e1radi: Development \u2013 36 family slides, 4\u2019 20\u201d, 2018, archival pigment print, 60 \u00d7 40 cm \">\n\t\t\t\t<img width=\"890\" height=\"1335\" src=\"https:\/\/i0.wp.com\/punkt.hu\/wp-content\/uploads\/2021\/10\/punkt-35-kiallitassal-indul-a-fotohonap2021-valogatas-a-kiallitasok-kepeibol-10.jpg?fit=890%2C1335&amp;ssl=1\" class=\"lazyload\" alt=\"Photo: Viktor V\u00e1radi: Development \u2013 36 family slides, 4\u2019 20\u201d, 2018, archival pigment print, 60 \u00d7 40 cm \" \/>\t\t\t<\/a>\n\n\t\t<\/div>\n\n\t\t\t\t\t<div class=\"image-with-caption-container-caption\">\n\t\t\t\t<div class=\"image-with-caption-container-caption-center-fix\">\n\t\t\t\t\t\t\t\t\t\t\t<p class=\"image-with-caption-container-caption-numbers\">01<span class=\"number-separator\"><\/span>03<\/p>\n\t\t\t\t\t\t\t\t\t\t<p class=\"image-with-caption-container-caption-text\">Photo: Viktor V\u00e1radi: Development \u2013 36 family slides, 4\u2019 20\u201d, 2018, archival pigment print, 60 \u00d7 40 cm <\/p>\n\t\t\t\t<\/div>\n\t\t\t<\/div>\n\t\t\n\t<\/div>\n\n<\/div><\/div><div id=\"panel-25550-2-0-9\" class=\"so-panel widget widget_aligned-text\" data-index=\"16\" ><div class=\"so-widget-aligned-text so-widget-aligned-text-default-d75171398898-25550\">\n\t<div class=\"aligned-text-right\">\n\t\t<div class=\"text-content\">\n\t\t\t<p class=\"p1\"><b>Outside Budapest<\/b><\/p>\n<p class=\"p1\">Pajta Gal\u00e9ria in <b>Salf\u00f6ld <\/b>celebrates its 30th anniversary with an exhibition that is open until next June. The renewed venue, which presents the contemporary photography collection of founder L\u00e1szl\u00f3 T\u00f6r\u00f6k, who passed away last year, continues to feature the works of artists who have been involved in the gallery's life since its inception.<\/p>\n<p class=\"p1\"><i>Pedestament<\/i> offers testaments of the personal memories of the creator, Zsolt Hamarits, in the Hal\u00e1sz Rezs\u0151 Gallery in <b>P\u00e9cs.<\/b> Trezor, also in P\u00e9cs, introduces Bal\u00e1zs Deim\u2019s experimental works at <i>Space.<\/i><\/p>\n<p class=\"p1\">In <b>Cegl\u00e9d,<\/b> the Kossuth Community Centre\u2019s Chamber Gallery presents a selection from <i>Artist Portraits,<\/i> a series by Istv\u00e1n T\u00f3th, a student of Frigyes Haller, one of the last maestros of classical photography, who passed away five years ago.<\/p>\n<p class=\"p1\">The Borsos Villa in <b>Debrecen <\/b>bears witness to the fruitful collaboration of the Debrecen Photography Club with the M\u00e9liusz Juh\u00e1sz P\u00e9ter Library with <i>Visual Thoughts,<\/i> ideas prompted by, and illustrations made for, well-known literary works.<\/p>\n<p class=\"p1\"><i>The Way Things Stand,<\/i> Zsolt Szam\u00f3dy\u2019s retrospective exhibition opens at the Hungarian Museum of Photography in <b>Kecskem\u00e9t<\/b> on 20 October, and welcomes visitors until early January 2022. The display selects from an oeuvre of three decades, from the Tatab\u00e1nya artist\u2019s early landscapes and still lifes, through his recording of the decay of industrial relics, his photographic etudes on the Old Lake in Tata, to his images of seashores and his photographic reportage on exotic parts of the world.<\/p>\n\t\t<\/div>\n\t<\/div>\n<\/div><\/div><div id=\"panel-25550-2-0-10\" class=\"so-panel widget widget_image-with-caption\" data-index=\"17\" ><div class=\"so-widget-image-with-caption so-widget-image-with-caption-default-d75171398898-25550\">\n\n\t\n\t<div class=\"image-with-caption caption-alignment-left\">\n\n\t\t\n\t\t<div class=\"image-with-caption-container-image\">\n\n\t\t\t\n\t\t\t<a href=\"https:\/\/i1.wp.com\/punkt.hu\/wp-content\/uploads\/2021\/10\/punkt-35-kiallitassal-indul-a-fotohonap2021-valogatas-a-kiallitasok-kepeibol-11.jpg?fit=2560%2C2560&ssl=1\" class=\"chocolat-image\" title=\"Photo: L\u00e1szl\u00f3 T\u00f6r\u00f6k: Alteration I, 1980, gelatin silver print, 60 \u00d7 60 cm \">\n\t\t\t\t<img width=\"890\" height=\"890\" src=\"https:\/\/i1.wp.com\/punkt.hu\/wp-content\/uploads\/2021\/10\/punkt-35-kiallitassal-indul-a-fotohonap2021-valogatas-a-kiallitasok-kepeibol-11.jpg?fit=890%2C890&amp;ssl=1\" class=\"lazyload\" alt=\"Photo: L\u00e1szl\u00f3 T\u00f6r\u00f6k: Alteration I, 1980, gelatin silver print, 60 \u00d7 60 cm \" \/>\t\t\t<\/a>\n\n\t\t<\/div>\n\n\t\t\t\t\t<div class=\"image-with-caption-container-caption\">\n\t\t\t\t<div class=\"image-with-caption-container-caption-center-fix\">\n\t\t\t\t\t\t\t\t\t\t\t<p class=\"image-with-caption-container-caption-numbers\">01<span class=\"number-separator\"><\/span>03<\/p>\n\t\t\t\t\t\t\t\t\t\t<p class=\"image-with-caption-container-caption-text\">Photo: L\u00e1szl\u00f3 T\u00f6r\u00f6k: Alteration I, 1980, gelatin silver print, 60 \u00d7 60 cm <\/p>\n\t\t\t\t<\/div>\n\t\t\t<\/div>\n\t\t\n\t<\/div>\n\n<\/div><\/div><div id=\"panel-25550-2-0-11\" class=\"so-panel widget widget_image-with-caption\" data-index=\"18\" ><div class=\"so-widget-image-with-caption so-widget-image-with-caption-default-d75171398898-25550\">\n\n\t\n\t<div class=\"image-with-caption caption-alignment-left\">\n\n\t\t\n\t\t<div class=\"image-with-caption-container-image\">\n\n\t\t\t\n\t\t\t<a href=\"https:\/\/i0.wp.com\/punkt.hu\/wp-content\/uploads\/2021\/10\/punkt-35-kiallitassal-indul-a-fotohonap2021-valogatas-a-kiallitasok-kepeibol-12.jpg?fit=1779%2C2560&ssl=1\" class=\"chocolat-image\" title=\"Photo: Zsolt Hamarits: Pedestament No. 12., 2020, gicl\u00e9e print, 29,5 \u00d7 20,5 cm \">\n\t\t\t\t<img width=\"890\" height=\"1281\" src=\"https:\/\/i0.wp.com\/punkt.hu\/wp-content\/uploads\/2021\/10\/punkt-35-kiallitassal-indul-a-fotohonap2021-valogatas-a-kiallitasok-kepeibol-12.jpg?fit=890%2C1281&amp;ssl=1\" class=\"lazyload\" alt=\"Photo: Zsolt Hamarits: Pedestament No. 12., 2020, gicl\u00e9e print, 29,5 \u00d7 20,5 cm \" \/>\t\t\t<\/a>\n\n\t\t<\/div>\n\n\t\t\t\t\t<div class=\"image-with-caption-container-caption\">\n\t\t\t\t<div class=\"image-with-caption-container-caption-center-fix\">\n\t\t\t\t\t\t\t\t\t\t\t<p class=\"image-with-caption-container-caption-numbers\">01<span class=\"number-separator\"><\/span>03<\/p>\n\t\t\t\t\t\t\t\t\t\t<p class=\"image-with-caption-container-caption-text\">Photo: Zsolt Hamarits: Pedestament No. 12., 2020, gicl\u00e9e print, 29,5 \u00d7 20,5 cm <\/p>\n\t\t\t\t<\/div>\n\t\t\t<\/div>\n\t\t\n\t<\/div>\n\n<\/div><\/div><div id=\"panel-25550-2-0-12\" class=\"so-panel widget widget_image-with-caption\" data-index=\"19\" ><div class=\"so-widget-image-with-caption so-widget-image-with-caption-default-d75171398898-25550\">\n\n\t\n\t<div class=\"image-with-caption caption-alignment-left\">\n\n\t\t\n\t\t<div class=\"image-with-caption-container-image\">\n\n\t\t\t\n\t\t\t<a href=\"https:\/\/i2.wp.com\/punkt.hu\/wp-content\/uploads\/2021\/10\/punkt-35-kiallitassal-indul-a-fotohonap2021-valogatas-a-kiallitasok-kepeibol-13.jpg?fit=2560%2C2121&ssl=1\" class=\"chocolat-image\" title=\"Photo: Istv\u00e1n T\u00f3th: In the Atelier (B\u00e9la Cz\u00f3bel), 1972, gelatin silver print, 30 \u00d7 40 cm \">\n\t\t\t\t<img width=\"890\" height=\"737\" src=\"https:\/\/i2.wp.com\/punkt.hu\/wp-content\/uploads\/2021\/10\/punkt-35-kiallitassal-indul-a-fotohonap2021-valogatas-a-kiallitasok-kepeibol-13.jpg?fit=890%2C737&amp;ssl=1\" class=\"lazyload\" alt=\"Photo: Istv\u00e1n T\u00f3th: In the Atelier (B\u00e9la Cz\u00f3bel), 1972, gelatin silver print, 30 \u00d7 40 cm \" \/>\t\t\t<\/a>\n\n\t\t<\/div>\n\n\t\t\t\t\t<div class=\"image-with-caption-container-caption\">\n\t\t\t\t<div class=\"image-with-caption-container-caption-center-fix\">\n\t\t\t\t\t\t\t\t\t\t\t<p class=\"image-with-caption-container-caption-numbers\">01<span class=\"number-separator\"><\/span>03<\/p>\n\t\t\t\t\t\t\t\t\t\t<p class=\"image-with-caption-container-caption-text\">Photo: Istv\u00e1n T\u00f3th: In the Atelier (B\u00e9la Cz\u00f3bel), 1972, gelatin silver print, 30 \u00d7 40 cm <\/p>\n\t\t\t\t<\/div>\n\t\t\t<\/div>\n\t\t\n\t<\/div>\n\n<\/div><\/div><div id=\"panel-25550-2-0-13\" class=\"so-panel widget widget_image-with-caption\" data-index=\"20\" ><div class=\"so-widget-image-with-caption so-widget-image-with-caption-default-d75171398898-25550\">\n\n\t\n\t<div class=\"image-with-caption caption-alignment-left\">\n\n\t\t\n\t\t<div class=\"image-with-caption-container-image\">\n\n\t\t\t\n\t\t\t<a href=\"https:\/\/i0.wp.com\/punkt.hu\/wp-content\/uploads\/2021\/10\/punkt-35-kiallitassal-indul-a-fotohonap2021-valogatas-a-kiallitasok-kepeibol-14.jpg?fit=2560%2C1707&ssl=1\" class=\"chocolat-image\" title=\"Photo: Zsolt Olaf Szam\u00f3dy: Trio, from the Coast series, 1991, gelatin silver print, 40 \u00d7 50 cm \">\n\t\t\t\t<img width=\"890\" height=\"593\" src=\"https:\/\/i0.wp.com\/punkt.hu\/wp-content\/uploads\/2021\/10\/punkt-35-kiallitassal-indul-a-fotohonap2021-valogatas-a-kiallitasok-kepeibol-14.jpg?fit=890%2C593&amp;ssl=1\" class=\"lazyload\" alt=\"Photo: Zsolt Olaf Szam\u00f3dy: Trio, from the Coast series, 1991, gelatin silver print, 40 \u00d7 50 cm \" \/>\t\t\t<\/a>\n\n\t\t<\/div>\n\n\t\t\t\t\t<div class=\"image-with-caption-container-caption\">\n\t\t\t\t<div class=\"image-with-caption-container-caption-center-fix\">\n\t\t\t\t\t\t\t\t\t\t\t<p class=\"image-with-caption-container-caption-numbers\">01<span class=\"number-separator\"><\/span>03<\/p>\n\t\t\t\t\t\t\t\t\t\t<p class=\"image-with-caption-container-caption-text\">Photo: Zsolt Olaf Szam\u00f3dy: Trio, from the Coast series, 1991, gelatin silver print, 40 \u00d7 50 cm <\/p>\n\t\t\t\t<\/div>\n\t\t\t<\/div>\n\t\t\n\t<\/div>\n\n<\/div><\/div><div id=\"panel-25550-2-0-14\" class=\"so-panel widget widget_aligned-text panel-last-child\" data-index=\"21\" ><div class=\"so-widget-aligned-text so-widget-aligned-text-default-d75171398898-25550\">\n\t<div class=\"aligned-text-right\">\n\t\t<div class=\"text-content\">\n\t\t\t<p class=\"p1\">There is an online catalogue where you can learn more about the exhibitions and events of the Month of Photography 2021.<\/p>\n<p>&nbsp;<\/p>\n<div style=\"position: relative; padding-top: max(60%,326px); height: 0; width: 100%;\"><iframe style=\"position: absolute; border: none; width: 100%; height: 100%; left: 0; right: 0; top: 0; bottom: 0;\" src=\"https:\/\/e.issuu.com\/embed.html?backgroundColor=%233c2c14&amp;d=fh21_katalogus_pages&amp;u=mfsz\" sandbox=\"allow-top-navigation allow-top-navigation-by-user-activation allow-downloads allow-scripts allow-same-origin allow-popups allow-modals allow-popups-to-escape-sandbox\" allowfullscreen=\"allowfullscreen\"><\/iframe><\/div>\n\t\t<\/div>\n\t<\/div>\n<\/div><\/div><\/div><\/div><\/div>","protected":false},"excerpt":{"rendered":"<p>Organized by the Association of Hungarian Photographers, the Month of Photography offers events across the country again. Numerous photography exhibitions, which will open between 12 October and 30 November, have joined this year\u2019s festival.<\/p>\n","protected":false},"author":6,"featured_media":25138,"comment_status":"closed","ping_status":"closed","sticky":false,"template":"","format":"standard","meta":{"_monsterinsights_skip_tracking":false,"_monsterinsights_sitenote_active":false,"_monsterinsights_sitenote_note":"","_monsterinsights_sitenote_category":0,"spay_email":""},"categories":[8],"tags":[672,915],"acf":[],"yoast_head":"<!-- This site is optimized with the Yoast SEO plugin v17.6 - https:\/\/yoast.com\/wordpress\/plugins\/seo\/ -->\n<title>Month of Photography 2021 begins with 35 exhibitions \u2013 Selected photos from the displays - PUNKT<\/title>\n<meta name=\"robots\" content=\"index, follow, max-snippet:-1, max-image-preview:large, max-video-preview:-1\" \/>\n<link rel=\"canonical\" href=\"https:\/\/punkt.hu\/en\/2021\/10\/18\/month-of-photography-2021-begins-with-35-exhibitions-selected-photos-from-the-displays\/\" \/>\n<meta property=\"og:locale\" content=\"en_US\" \/>\n<meta property=\"og:type\" content=\"article\" \/>\n<meta property=\"og:title\" content=\"Month of Photography 2021 begins with 35 exhibitions \u2013 Selected photos from the displays - PUNKT\" \/>\n<meta property=\"og:description\" content=\"Organized by the Association of Hungarian Photographers, the Month of Photography offers events across the country again. Numerous photography exhibitions, which will open between 12 October and 30 November, have joined this year\u2019s festival.\" \/>\n<meta property=\"og:url\" content=\"https:\/\/punkt.hu\/en\/2021\/10\/18\/month-of-photography-2021-begins-with-35-exhibitions-selected-photos-from-the-displays\/\" \/>\n<meta property=\"og:site_name\" content=\"PUNKT\" \/>\n<meta property=\"article:published_time\" content=\"2021-10-18T16:41:34+00:00\" \/>\n<meta property=\"article:modified_time\" content=\"2021-10-18T16:41:35+00:00\" \/>\n<meta property=\"og:image\" content=\"https:\/\/punkt.hu\/wp-content\/uploads\/2021\/10\/punkt-35-kiallitassal-indul-a-fotohonap2021-valogatas-a-kiallitasok-kepeibol-01-1024x765.jpg\" \/>\n\t<meta property=\"og:image:width\" content=\"1024\" \/>\n\t<meta property=\"og:image:height\" content=\"765\" \/>\n<meta name=\"twitter:card\" content=\"summary_large_image\" \/>\n<meta name=\"twitter:label1\" content=\"Written by\" \/>\n\t<meta name=\"twitter:data1\" content=\"Kassai L\u00e1szl\u00f3\" \/>\n\t<meta name=\"twitter:label2\" content=\"Est. reading time\" \/>\n\t<meta name=\"twitter:data2\" content=\"1 minute\" \/>\n<script type=\"application\/ld+json\" class=\"yoast-schema-graph\">{\"@context\":\"https:\/\/schema.org\",\"@graph\":[{\"@type\":\"Organization\",\"@id\":\"https:\/\/punkt.hu\/#organization\",\"name\":\"PUNKT\",\"url\":\"https:\/\/punkt.hu\/\",\"sameAs\":[\"https:\/\/www.instagram.com\/punkt.hu\/\"],\"logo\":{\"@type\":\"ImageObject\",\"@id\":\"https:\/\/punkt.hu\/#logo\",\"inLanguage\":\"en-US\",\"url\":\"https:\/\/i2.wp.com\/punkt.hu\/wp-content\/uploads\/2019\/05\/punkt-rolunk-01.png?fit=729%2C529&ssl=1\",\"contentUrl\":\"https:\/\/i2.wp.com\/punkt.hu\/wp-content\/uploads\/2019\/05\/punkt-rolunk-01.png?fit=729%2C529&ssl=1\",\"width\":729,\"height\":529,\"caption\":\"PUNKT\"},\"image\":{\"@id\":\"https:\/\/punkt.hu\/#logo\"}},{\"@type\":\"WebSite\",\"@id\":\"https:\/\/punkt.hu\/#website\",\"url\":\"https:\/\/punkt.hu\/\",\"name\":\"PUNKT\",\"description\":\"PUNKT\",\"publisher\":{\"@id\":\"https:\/\/punkt.hu\/#organization\"},\"potentialAction\":[{\"@type\":\"SearchAction\",\"target\":{\"@type\":\"EntryPoint\",\"urlTemplate\":\"https:\/\/punkt.hu\/?s={search_term_string}\"},\"query-input\":\"required name=search_term_string\"}],\"inLanguage\":\"en-US\"},{\"@type\":\"ImageObject\",\"@id\":\"https:\/\/punkt.hu\/en\/2021\/10\/18\/month-of-photography-2021-begins-with-35-exhibitions-selected-photos-from-the-displays\/#primaryimage\",\"inLanguage\":\"en-US\",\"url\":\"https:\/\/i2.wp.com\/punkt.hu\/wp-content\/uploads\/2021\/10\/punkt-35-kiallitassal-indul-a-fotohonap2021-valogatas-a-kiallitasok-kepeibol-01.jpg?fit=2560%2C1911&ssl=1\",\"contentUrl\":\"https:\/\/i2.wp.com\/punkt.hu\/wp-content\/uploads\/2021\/10\/punkt-35-kiallitassal-indul-a-fotohonap2021-valogatas-a-kiallitasok-kepeibol-01.jpg?fit=2560%2C1911&ssl=1\",\"width\":2560,\"height\":1911,\"caption\":\"Photo: Margaret Watkins: Untitled, n.d. (detail) \\u00a9 Margaret Watkins \/ Collection of Joseph Mulholland, Glasgow\"},{\"@type\":\"WebPage\",\"@id\":\"https:\/\/punkt.hu\/en\/2021\/10\/18\/month-of-photography-2021-begins-with-35-exhibitions-selected-photos-from-the-displays\/#webpage\",\"url\":\"https:\/\/punkt.hu\/en\/2021\/10\/18\/month-of-photography-2021-begins-with-35-exhibitions-selected-photos-from-the-displays\/\",\"name\":\"Month of Photography 2021 begins with 35 exhibitions \\u2013 Selected photos from the displays - PUNKT\",\"isPartOf\":{\"@id\":\"https:\/\/punkt.hu\/#website\"},\"primaryImageOfPage\":{\"@id\":\"https:\/\/punkt.hu\/en\/2021\/10\/18\/month-of-photography-2021-begins-with-35-exhibitions-selected-photos-from-the-displays\/#primaryimage\"},\"datePublished\":\"2021-10-18T16:41:34+00:00\",\"dateModified\":\"2021-10-18T16:41:35+00:00\",\"breadcrumb\":{\"@id\":\"https:\/\/punkt.hu\/en\/2021\/10\/18\/month-of-photography-2021-begins-with-35-exhibitions-selected-photos-from-the-displays\/#breadcrumb\"},\"inLanguage\":\"en-US\",\"potentialAction\":[{\"@type\":\"ReadAction\",\"target\":[\"https:\/\/punkt.hu\/en\/2021\/10\/18\/month-of-photography-2021-begins-with-35-exhibitions-selected-photos-from-the-displays\/\"]}]},{\"@type\":\"BreadcrumbList\",\"@id\":\"https:\/\/punkt.hu\/en\/2021\/10\/18\/month-of-photography-2021-begins-with-35-exhibitions-selected-photos-from-the-displays\/#breadcrumb\",\"itemListElement\":[{\"@type\":\"ListItem\",\"position\":1,\"name\":\"Home\",\"item\":\"https:\/\/punkt.hu\/en\/\"},{\"@type\":\"ListItem\",\"position\":2,\"name\":\"Month of Photography 2021 begins with 35 exhibitions \\u2013 Selected photos from the displays\"}]},{\"@type\":\"Article\",\"@id\":\"https:\/\/punkt.hu\/en\/2021\/10\/18\/month-of-photography-2021-begins-with-35-exhibitions-selected-photos-from-the-displays\/#article\",\"isPartOf\":{\"@id\":\"https:\/\/punkt.hu\/en\/2021\/10\/18\/month-of-photography-2021-begins-with-35-exhibitions-selected-photos-from-the-displays\/#webpage\"},\"author\":{\"@id\":\"https:\/\/punkt.hu\/#\/schema\/person\/b8c32ebc042ed27b9e4f07dce594ba20\"},\"headline\":\"Month of Photography 2021 begins with 35 exhibitions \\u2013 Selected photos from the displays\",\"datePublished\":\"2021-10-18T16:41:34+00:00\",\"dateModified\":\"2021-10-18T16:41:35+00:00\",\"mainEntityOfPage\":{\"@id\":\"https:\/\/punkt.hu\/en\/2021\/10\/18\/month-of-photography-2021-begins-with-35-exhibitions-selected-photos-from-the-displays\/#webpage\"},\"wordCount\":201,\"publisher\":{\"@id\":\"https:\/\/punkt.hu\/#organization\"},\"image\":{\"@id\":\"https:\/\/punkt.hu\/en\/2021\/10\/18\/month-of-photography-2021-begins-with-35-exhibitions-selected-photos-from-the-displays\/#primaryimage\"},\"thumbnailUrl\":\"https:\/\/i2.wp.com\/punkt.hu\/wp-content\/uploads\/2021\/10\/punkt-35-kiallitassal-indul-a-fotohonap2021-valogatas-a-kiallitasok-kepeibol-01.jpg?fit=2560%2C1911&ssl=1\",\"keywords\":[\"exhibition\",\"month of photography\"],\"articleSection\":[\"News\"],\"inLanguage\":\"en-US\"},{\"@type\":\"Person\",\"@id\":\"https:\/\/punkt.hu\/#\/schema\/person\/b8c32ebc042ed27b9e4f07dce594ba20\",\"name\":\"Kassai L\\u00e1szl\\u00f3\",\"image\":{\"@type\":\"ImageObject\",\"@id\":\"https:\/\/punkt.hu\/#personlogo\",\"inLanguage\":\"en-US\",\"url\":\"https:\/\/secure.gravatar.com\/avatar\/81ad2cb278a704ddfeb4b295e3e7029d?s=96&d=mm&r=g\",\"contentUrl\":\"https:\/\/secure.gravatar.com\/avatar\/81ad2cb278a704ddfeb4b295e3e7029d?s=96&d=mm&r=g\",\"caption\":\"Kassai L\\u00e1szl\\u00f3\"}}]}<\/script>\n<!-- \/ Yoast SEO plugin. -->","yoast_head_json":{"title":"Month of Photography 2021 begins with 35 exhibitions \u2013 Selected photos from the displays - PUNKT","robots":{"index":"index","follow":"follow","max-snippet":"max-snippet:-1","max-image-preview":"max-image-preview:large","max-video-preview":"max-video-preview:-1"},"canonical":"https:\/\/punkt.hu\/en\/2021\/10\/18\/month-of-photography-2021-begins-with-35-exhibitions-selected-photos-from-the-displays\/","og_locale":"en_US","og_type":"article","og_title":"Month of Photography 2021 begins with 35 exhibitions \u2013 Selected photos from the displays - PUNKT","og_description":"Organized by the Association of Hungarian Photographers, the Month of Photography offers events across the country again. Numerous photography exhibitions, which will open between 12 October and 30 November, have joined this year\u2019s festival.","og_url":"https:\/\/punkt.hu\/en\/2021\/10\/18\/month-of-photography-2021-begins-with-35-exhibitions-selected-photos-from-the-displays\/","og_site_name":"PUNKT","article_published_time":"2021-10-18T16:41:34+00:00","article_modified_time":"2021-10-18T16:41:35+00:00","og_image":[{"width":1024,"height":765,"url":"https:\/\/punkt.hu\/wp-content\/uploads\/2021\/10\/punkt-35-kiallitassal-indul-a-fotohonap2021-valogatas-a-kiallitasok-kepeibol-01-1024x765.jpg","type":"image\/jpeg"}],"twitter_card":"summary_large_image","twitter_misc":{"Written by":"Kassai L\u00e1szl\u00f3","Est. reading time":"1 minute"},"schema":{"@context":"https:\/\/schema.org","@graph":[{"@type":"Organization","@id":"https:\/\/punkt.hu\/#organization","name":"PUNKT","url":"https:\/\/punkt.hu\/","sameAs":["https:\/\/www.instagram.com\/punkt.hu\/"],"logo":{"@type":"ImageObject","@id":"https:\/\/punkt.hu\/#logo","inLanguage":"en-US","url":"https:\/\/i2.wp.com\/punkt.hu\/wp-content\/uploads\/2019\/05\/punkt-rolunk-01.png?fit=729%2C529&ssl=1","contentUrl":"https:\/\/i2.wp.com\/punkt.hu\/wp-content\/uploads\/2019\/05\/punkt-rolunk-01.png?fit=729%2C529&ssl=1","width":729,"height":529,"caption":"PUNKT"},"image":{"@id":"https:\/\/punkt.hu\/#logo"}},{"@type":"WebSite","@id":"https:\/\/punkt.hu\/#website","url":"https:\/\/punkt.hu\/","name":"PUNKT","description":"PUNKT","publisher":{"@id":"https:\/\/punkt.hu\/#organization"},"potentialAction":[{"@type":"SearchAction","target":{"@type":"EntryPoint","urlTemplate":"https:\/\/punkt.hu\/?s={search_term_string}"},"query-input":"required name=search_term_string"}],"inLanguage":"en-US"},{"@type":"ImageObject","@id":"https:\/\/punkt.hu\/en\/2021\/10\/18\/month-of-photography-2021-begins-with-35-exhibitions-selected-photos-from-the-displays\/#primaryimage","inLanguage":"en-US","url":"https:\/\/i2.wp.com\/punkt.hu\/wp-content\/uploads\/2021\/10\/punkt-35-kiallitassal-indul-a-fotohonap2021-valogatas-a-kiallitasok-kepeibol-01.jpg?fit=2560%2C1911&ssl=1","contentUrl":"https:\/\/i2.wp.com\/punkt.hu\/wp-content\/uploads\/2021\/10\/punkt-35-kiallitassal-indul-a-fotohonap2021-valogatas-a-kiallitasok-kepeibol-01.jpg?fit=2560%2C1911&ssl=1","width":2560,"height":1911,"caption":"Photo: Margaret Watkins: Untitled, n.d. (detail) \u00a9 Margaret Watkins \/ Collection of Joseph Mulholland, Glasgow"},{"@type":"WebPage","@id":"https:\/\/punkt.hu\/en\/2021\/10\/18\/month-of-photography-2021-begins-with-35-exhibitions-selected-photos-from-the-displays\/#webpage","url":"https:\/\/punkt.hu\/en\/2021\/10\/18\/month-of-photography-2021-begins-with-35-exhibitions-selected-photos-from-the-displays\/","name":"Month of Photography 2021 begins with 35 exhibitions \u2013 Selected photos from the displays - PUNKT","isPartOf":{"@id":"https:\/\/punkt.hu\/#website"},"primaryImageOfPage":{"@id":"https:\/\/punkt.hu\/en\/2021\/10\/18\/month-of-photography-2021-begins-with-35-exhibitions-selected-photos-from-the-displays\/#primaryimage"},"datePublished":"2021-10-18T16:41:34+00:00","dateModified":"2021-10-18T16:41:35+00:00","breadcrumb":{"@id":"https:\/\/punkt.hu\/en\/2021\/10\/18\/month-of-photography-2021-begins-with-35-exhibitions-selected-photos-from-the-displays\/#breadcrumb"},"inLanguage":"en-US","potentialAction":[{"@type":"ReadAction","target":["https:\/\/punkt.hu\/en\/2021\/10\/18\/month-of-photography-2021-begins-with-35-exhibitions-selected-photos-from-the-displays\/"]}]},{"@type":"BreadcrumbList","@id":"https:\/\/punkt.hu\/en\/2021\/10\/18\/month-of-photography-2021-begins-with-35-exhibitions-selected-photos-from-the-displays\/#breadcrumb","itemListElement":[{"@type":"ListItem","position":1,"name":"Home","item":"https:\/\/punkt.hu\/en\/"},{"@type":"ListItem","position":2,"name":"Month of Photography 2021 begins with 35 exhibitions \u2013 Selected photos from the displays"}]},{"@type":"Article","@id":"https:\/\/punkt.hu\/en\/2021\/10\/18\/month-of-photography-2021-begins-with-35-exhibitions-selected-photos-from-the-displays\/#article","isPartOf":{"@id":"https:\/\/punkt.hu\/en\/2021\/10\/18\/month-of-photography-2021-begins-with-35-exhibitions-selected-photos-from-the-displays\/#webpage"},"author":{"@id":"https:\/\/punkt.hu\/#\/schema\/person\/b8c32ebc042ed27b9e4f07dce594ba20"},"headline":"Month of Photography 2021 begins with 35 exhibitions \u2013 Selected photos from the displays","datePublished":"2021-10-18T16:41:34+00:00","dateModified":"2021-10-18T16:41:35+00:00","mainEntityOfPage":{"@id":"https:\/\/punkt.hu\/en\/2021\/10\/18\/month-of-photography-2021-begins-with-35-exhibitions-selected-photos-from-the-displays\/#webpage"},"wordCount":201,"publisher":{"@id":"https:\/\/punkt.hu\/#organization"},"image":{"@id":"https:\/\/punkt.hu\/en\/2021\/10\/18\/month-of-photography-2021-begins-with-35-exhibitions-selected-photos-from-the-displays\/#primaryimage"},"thumbnailUrl":"https:\/\/i2.wp.com\/punkt.hu\/wp-content\/uploads\/2021\/10\/punkt-35-kiallitassal-indul-a-fotohonap2021-valogatas-a-kiallitasok-kepeibol-01.jpg?fit=2560%2C1911&ssl=1","keywords":["exhibition","month of photography"],"articleSection":["News"],"inLanguage":"en-US"},{"@type":"Person","@id":"https:\/\/punkt.hu\/#\/schema\/person\/b8c32ebc042ed27b9e4f07dce594ba20","name":"Kassai L\u00e1szl\u00f3","image":{"@type":"ImageObject","@id":"https:\/\/punkt.hu\/#personlogo","inLanguage":"en-US","url":"https:\/\/secure.gravatar.com\/avatar\/81ad2cb278a704ddfeb4b295e3e7029d?s=96&d=mm&r=g","contentUrl":"https:\/\/secure.gravatar.com\/avatar\/81ad2cb278a704ddfeb4b295e3e7029d?s=96&d=mm&r=g","caption":"Kassai L\u00e1szl\u00f3"}}]}},"jetpack_featured_media_url":"https:\/\/i2.wp.com\/punkt.hu\/wp-content\/uploads\/2021\/10\/punkt-35-kiallitassal-indul-a-fotohonap2021-valogatas-a-kiallitasok-kepeibol-01.jpg?fit=2560%2C1911&ssl=1","_links":{"self":[{"href":"https:\/\/punkt.hu\/en\/wp-json\/wp\/v2\/posts\/25550"}],"collection":[{"href":"https:\/\/punkt.hu\/en\/wp-json\/wp\/v2\/posts"}],"about":[{"href":"https:\/\/punkt.hu\/en\/wp-json\/wp\/v2\/types\/post"}],"author":[{"embeddable":true,"href":"https:\/\/punkt.hu\/en\/wp-json\/wp\/v2\/users\/6"}],"replies":[{"embeddable":true,"href":"https:\/\/punkt.hu\/en\/wp-json\/wp\/v2\/comments?post=25550"}],"version-history":[{"count":17,"href":"https:\/\/punkt.hu\/en\/wp-json\/wp\/v2\/posts\/25550\/revisions"}],"predecessor-version":[{"id":25568,"href":"https:\/\/punkt.hu\/en\/wp-json\/wp\/v2\/posts\/25550\/revisions\/25568"}],"wp:featuredmedia":[{"embeddable":true,"href":"https:\/\/punkt.hu\/en\/wp-json\/wp\/v2\/media\/25138"}],"wp:attachment":[{"href":"https:\/\/punkt.hu\/en\/wp-json\/wp\/v2\/media?parent=25550"}],"wp:term":[{"taxonomy":"category","embeddable":true,"href":"https:\/\/punkt.hu\/en\/wp-json\/wp\/v2\/categories?post=25550"},{"taxonomy":"post_tag","embeddable":true,"href":"https:\/\/punkt.hu\/en\/wp-json\/wp\/v2\/tags?post=25550"}],"curies":[{"name":"wp","href":"https:\/\/api.w.org\/{rel}","templated":true}]}}