{"id":4702,"date":"2019-08-22T14:29:15","date_gmt":"2019-08-22T14:29:15","guid":{"rendered":"https:\/\/punkt.hu\/2019\/08\/22\/hit-nyelv-eroszak\/"},"modified":"2019-11-20T14:38:12","modified_gmt":"2019-11-20T14:38:12","slug":"faith-language-violence","status":"publish","type":"post","link":"https:\/\/punkt.hu\/en\/2019\/08\/22\/faith-language-violence\/","title":{"rendered":"Faith, Language, Violence"},"content":{"rendered":"<div id=\"pl-4702\"  class=\"panel-layout\" ><div id=\"pg-4702-0\"  class=\"panel-grid panel-no-style\" ><div id=\"pgc-4702-0-0\"  class=\"panel-grid-cell\" ><div id=\"panel-4702-0-0-0\" class=\"so-panel widget widget_single-title panel-first-child panel-last-child\" data-index=\"0\" ><div class=\"so-widget-single-title so-widget-single-title-default-d75171398898-4702\">\n<\/div><\/div><\/div><\/div><div id=\"pg-4702-1\"  class=\"panel-grid panel-no-style\" ><div id=\"pgc-4702-1-0\"  class=\"panel-grid-cell\" ><div id=\"panel-4702-1-0-0\" class=\"so-panel widget widget_aligned-text panel-first-child panel-last-child\" data-index=\"1\" ><div class=\"so-widget-aligned-text so-widget-aligned-text-default-d75171398898-4702\">\n\t<div class=\"aligned-text-right\">\n\t\t<div class=\"text-content\">\n\t\t\t<p>The show <em>Furnishing the Meaning \u2013 INDA Gallery presents emerging Hungarian photographers<\/em> presented seemingly quite a different series of photographs by three young artists in one space. What did nevertheless link these works was the experience of strangeness and <em>untranslatability<\/em> in our time, whether pertaining to another country, culture or faith, or in terms of the incompatibility of languages.<\/p>\n\t\t<\/div>\n\t<\/div>\n<\/div><\/div><\/div><\/div><div id=\"pg-4702-2\"  class=\"panel-grid panel-no-style\" ><div id=\"pgc-4702-2-0\"  class=\"panel-grid-cell\" ><div id=\"panel-4702-2-0-0\" class=\"so-panel widget widget_image-with-caption panel-first-child panel-last-child\" data-index=\"2\" ><div class=\"so-widget-image-with-caption so-widget-image-with-caption-default-d75171398898-4702\">\n\n\t\n\t<div class=\"image-with-caption caption-alignment-right\">\n\n\t\t\n\t\t<div class=\"image-with-caption-container-image\">\n\n\t\t\t\n\t\t\t<a href=\"https:\/\/i2.wp.com\/punkt.hu\/wp-content\/uploads\/2019\/08\/punkt-hit-nyelv-eroszak-02.jpg?fit=2000%2C1333&ssl=1\" class=\"chocolat-image\" title=\"Furnishing the Meaning, installation view. Photo: Benedek Bogn\u00e1r \u00a9 Inda Gal\u00e9ria.\">\n\t\t\t\t<img width=\"890\" height=\"593\" src=\"https:\/\/i2.wp.com\/punkt.hu\/wp-content\/uploads\/2019\/08\/punkt-hit-nyelv-eroszak-02.jpg?fit=890%2C593&amp;ssl=1\" class=\"lazyload\" alt=\"Furnishing the Meaning, installation view. Photo: Benedek Bogn\u00e1r \u00a9 Inda Gal\u00e9ria.\" srcset=\"https:\/\/i2.wp.com\/punkt.hu\/wp-content\/uploads\/2019\/08\/punkt-hit-nyelv-eroszak-02.jpg?w=2000&amp;ssl=1 2000w, https:\/\/i2.wp.com\/punkt.hu\/wp-content\/uploads\/2019\/08\/punkt-hit-nyelv-eroszak-02.jpg?resize=300%2C200&amp;ssl=1 300w, https:\/\/i2.wp.com\/punkt.hu\/wp-content\/uploads\/2019\/08\/punkt-hit-nyelv-eroszak-02.jpg?resize=768%2C512&amp;ssl=1 768w, https:\/\/i2.wp.com\/punkt.hu\/wp-content\/uploads\/2019\/08\/punkt-hit-nyelv-eroszak-02.jpg?resize=1024%2C682&amp;ssl=1 1024w, https:\/\/i2.wp.com\/punkt.hu\/wp-content\/uploads\/2019\/08\/punkt-hit-nyelv-eroszak-02.jpg?resize=1920%2C1280&amp;ssl=1 1920w, https:\/\/i2.wp.com\/punkt.hu\/wp-content\/uploads\/2019\/08\/punkt-hit-nyelv-eroszak-02.jpg?resize=890%2C593&amp;ssl=1 890w, https:\/\/i2.wp.com\/punkt.hu\/wp-content\/uploads\/2019\/08\/punkt-hit-nyelv-eroszak-02.jpg?resize=690%2C460&amp;ssl=1 690w, https:\/\/i2.wp.com\/punkt.hu\/wp-content\/uploads\/2019\/08\/punkt-hit-nyelv-eroszak-02.jpg?resize=445%2C297&amp;ssl=1 445w, https:\/\/i2.wp.com\/punkt.hu\/wp-content\/uploads\/2019\/08\/punkt-hit-nyelv-eroszak-02.jpg?resize=930%2C620&amp;ssl=1 930w, https:\/\/i2.wp.com\/punkt.hu\/wp-content\/uploads\/2019\/08\/punkt-hit-nyelv-eroszak-02.jpg?resize=525%2C350&amp;ssl=1 525w, https:\/\/i2.wp.com\/punkt.hu\/wp-content\/uploads\/2019\/08\/punkt-hit-nyelv-eroszak-02.jpg?resize=272%2C182&amp;ssl=1 272w, https:\/\/i2.wp.com\/punkt.hu\/wp-content\/uploads\/2019\/08\/punkt-hit-nyelv-eroszak-02.jpg?w=1800&amp;ssl=1 1800w\" sizes=\"(max-width: 890px) 100vw, 890px\" \/>\t\t\t<\/a>\n\n\t\t<\/div>\n\n\t\t\t\t\t<div class=\"image-with-caption-container-caption\">\n\t\t\t\t<div class=\"image-with-caption-container-caption-center-fix\">\n\t\t\t\t\t\t\t\t\t\t\t<p class=\"image-with-caption-container-caption-numbers\">01<span class=\"number-separator\"><\/span>03<\/p>\n\t\t\t\t\t\t\t\t\t\t<p class=\"image-with-caption-container-caption-text\">Furnishing the Meaning, installation view. Photo: Benedek Bogn\u00e1r \u00a9 Inda Gal\u00e9ria.<\/p>\n\t\t\t\t<\/div>\n\t\t\t<\/div>\n\t\t\n\t<\/div>\n\n<\/div><\/div><\/div><\/div><div id=\"pg-4702-3\"  class=\"panel-grid panel-no-style\" ><div id=\"pgc-4702-3-0\"  class=\"panel-grid-cell\" ><div id=\"panel-4702-3-0-0\" class=\"so-panel widget widget_aligned-text panel-first-child panel-last-child\" data-index=\"3\" ><div class=\"so-widget-aligned-text so-widget-aligned-text-default-d75171398898-4702\">\n\t<div class=\"aligned-text-right\">\n\t\t<div class=\"text-content\">\n\t\t\t<p>In a paradoxical yet self-evident manner, Liza Szab\u00f3\u2019s work translates the basic premise and problem of translation theory into images, namely that there is no such thing as accurate and absolutely faithful translation, no gateway from one language to another. The reason is that it is not merely the language that ought to be translated, but also the culture, lifestyle, disposition, and history, and if so required, in a single brief sentence at that. It can and should be attempted, but proves impossible to be accomplished with perfect accuracy and congruity. From a radical point of view, translation is impossible. This, however, is easily contradicted by our culture and daily life. However superficially or inaccurately, but we do after all understand each other or the other culture <em>to some extent<\/em>. More precisely, what happens is more of a lucky moment of comprehension accidentally emerging out of a series of fundamental misunderstandings.<\/p>\n\t\t<\/div>\n\t<\/div>\n<\/div><\/div><\/div><\/div><div id=\"pg-4702-4\"  class=\"panel-grid panel-no-style\" ><div id=\"pgc-4702-4-0\"  class=\"panel-grid-cell\" ><div id=\"panel-4702-4-0-0\" class=\"so-panel widget widget_image-with-caption panel-first-child panel-last-child\" data-index=\"4\" ><div class=\"so-widget-image-with-caption so-widget-image-with-caption-default-d75171398898-4702\">\n\n\t\n\t<div class=\"image-with-caption caption-alignment-right\">\n\n\t\t\n\t\t<div class=\"image-with-caption-container-image\">\n\n\t\t\t\n\t\t\t<a href=\"https:\/\/i1.wp.com\/punkt.hu\/wp-content\/uploads\/2019\/08\/punkt-hit-nyelv-eroszak-08.jpg?fit=2000%2C1333&ssl=1\" class=\"chocolat-image\" title=\"Liza Szab\u00f3: Guide for Foreigners, 2016-2017.\">\n\t\t\t\t<img width=\"890\" height=\"593\" src=\"https:\/\/i1.wp.com\/punkt.hu\/wp-content\/uploads\/2019\/08\/punkt-hit-nyelv-eroszak-08.jpg?fit=890%2C593&amp;ssl=1\" class=\"lazyload\" alt=\"Liza Szab\u00f3: Guide for Foreigners, 2016-2017.\" srcset=\"https:\/\/i1.wp.com\/punkt.hu\/wp-content\/uploads\/2019\/08\/punkt-hit-nyelv-eroszak-08.jpg?w=2000&amp;ssl=1 2000w, https:\/\/i1.wp.com\/punkt.hu\/wp-content\/uploads\/2019\/08\/punkt-hit-nyelv-eroszak-08.jpg?resize=300%2C200&amp;ssl=1 300w, https:\/\/i1.wp.com\/punkt.hu\/wp-content\/uploads\/2019\/08\/punkt-hit-nyelv-eroszak-08.jpg?resize=768%2C512&amp;ssl=1 768w, https:\/\/i1.wp.com\/punkt.hu\/wp-content\/uploads\/2019\/08\/punkt-hit-nyelv-eroszak-08.jpg?resize=1024%2C682&amp;ssl=1 1024w, https:\/\/i1.wp.com\/punkt.hu\/wp-content\/uploads\/2019\/08\/punkt-hit-nyelv-eroszak-08.jpg?resize=1920%2C1280&amp;ssl=1 1920w, https:\/\/i1.wp.com\/punkt.hu\/wp-content\/uploads\/2019\/08\/punkt-hit-nyelv-eroszak-08.jpg?resize=890%2C593&amp;ssl=1 890w, https:\/\/i1.wp.com\/punkt.hu\/wp-content\/uploads\/2019\/08\/punkt-hit-nyelv-eroszak-08.jpg?resize=690%2C460&amp;ssl=1 690w, https:\/\/i1.wp.com\/punkt.hu\/wp-content\/uploads\/2019\/08\/punkt-hit-nyelv-eroszak-08.jpg?resize=445%2C297&amp;ssl=1 445w, https:\/\/i1.wp.com\/punkt.hu\/wp-content\/uploads\/2019\/08\/punkt-hit-nyelv-eroszak-08.jpg?resize=930%2C620&amp;ssl=1 930w, https:\/\/i1.wp.com\/punkt.hu\/wp-content\/uploads\/2019\/08\/punkt-hit-nyelv-eroszak-08.jpg?resize=525%2C350&amp;ssl=1 525w, https:\/\/i1.wp.com\/punkt.hu\/wp-content\/uploads\/2019\/08\/punkt-hit-nyelv-eroszak-08.jpg?resize=272%2C182&amp;ssl=1 272w, https:\/\/i1.wp.com\/punkt.hu\/wp-content\/uploads\/2019\/08\/punkt-hit-nyelv-eroszak-08.jpg?w=1800&amp;ssl=1 1800w\" sizes=\"(max-width: 890px) 100vw, 890px\" \/>\t\t\t<\/a>\n\n\t\t<\/div>\n\n\t\t\t\t\t<div class=\"image-with-caption-container-caption\">\n\t\t\t\t<div class=\"image-with-caption-container-caption-center-fix\">\n\t\t\t\t\t\t\t\t\t\t\t<p class=\"image-with-caption-container-caption-numbers\">01<span class=\"number-separator\"><\/span>03<\/p>\n\t\t\t\t\t\t\t\t\t\t<p class=\"image-with-caption-container-caption-text\">Liza Szab\u00f3: Guide for Foreigners, 2016-2017.<\/p>\n\t\t\t\t<\/div>\n\t\t\t<\/div>\n\t\t\n\t<\/div>\n\n<\/div><\/div><\/div><\/div><div id=\"pg-4702-5\"  class=\"panel-grid panel-no-style\" ><div id=\"pgc-4702-5-0\"  class=\"panel-grid-cell\" ><div id=\"panel-4702-5-0-0\" class=\"so-panel widget widget_aligned-text panel-first-child panel-last-child\" data-index=\"5\" ><div class=\"so-widget-aligned-text so-widget-aligned-text-default-d75171398898-4702\">\n\t<div class=\"aligned-text-right\">\n\t\t<div class=\"text-content\">\n\t\t\t<p>Liza Szab\u00f3\u2019s works target and attempt to disentangle or to the contrary, jumble the threads of understanding in the most relentless and problematic field of language. Idioms, proverbs, and adages are almost impossible to translate, only rather distant approximations are possible. In her series, she provides the most accurate literal translations of various proverbs of different nations (English, Turkish, Portuguese, Hungarian, Spanish, Dutch, Chinese, Finnish, etc.) \u2013 into images. The meaning of the proverbs, almost always figurative, is cancelled, extinguished by this gesture. What we see is a set of mysterious activities and objects. The captions of the images blur the obscurity further, as even though we can read the proverb in its original language, along with its English and Hungarian translations, we fail to understand either of them without an explanation. The <a href=\"http:\/\/guideforforeigners.lizaszabo.com\/\">website<\/a> of the series, though, does include brief explanations for each image.<\/p>\n<p>The origin of most idioms is obscure and therefore their meaning is difficult to deduce. The photographs are printed on a material similar to that of flags, and in addition to this, their colour scheme and composition represent the national colours of each nation. Liza Szab\u00f3\u2019s work, her ruthless guide (<em>Guide for Foreigners<\/em>) constructs merry yet also tragic cul-de-sacs of our understanding and communication. The two photographs of her series <em>Form from <\/em>shake us up in another manner. We are confronted with abstract photos made by using analogue devices but imitating digital origin and unadulterated image manipulation. We cannot really make sense of them by mere observation, as from a certain distance they might as well be paintings.<\/p>\n\t\t<\/div>\n\t<\/div>\n<\/div><\/div><\/div><\/div><div id=\"pg-4702-6\"  class=\"panel-grid panel-no-style\" ><div id=\"pgc-4702-6-0\"  class=\"panel-grid-cell\" ><div id=\"panel-4702-6-0-0\" class=\"so-panel widget widget_image-with-caption panel-first-child panel-last-child\" data-index=\"6\" ><div class=\"so-widget-image-with-caption so-widget-image-with-caption-default-d75171398898-4702\">\n\n\t\n\t<div class=\"image-with-caption caption-alignment-right\">\n\n\t\t\n\t\t<div class=\"image-with-caption-container-image\">\n\n\t\t\t\n\t\t\t<a href=\"https:\/\/i2.wp.com\/punkt.hu\/wp-content\/uploads\/2019\/08\/punkt-hit-nyelv-eroszak-01.jpg?fit=2000%2C1333&ssl=1\" class=\"chocolat-image\" title=\"Furnishing the Meaning. Photo: Benedek Bogn\u00e1r. \u00a9 Inda Gal\u00e9ria.\">\n\t\t\t\t<img width=\"890\" height=\"593\" src=\"https:\/\/i2.wp.com\/punkt.hu\/wp-content\/uploads\/2019\/08\/punkt-hit-nyelv-eroszak-01.jpg?fit=890%2C593&amp;ssl=1\" class=\"lazyload\" alt=\"Furnishing the Meaning. Photo: Benedek Bogn\u00e1r. \u00a9 Inda Gal\u00e9ria.\" srcset=\"https:\/\/i2.wp.com\/punkt.hu\/wp-content\/uploads\/2019\/08\/punkt-hit-nyelv-eroszak-01.jpg?w=2000&amp;ssl=1 2000w, https:\/\/i2.wp.com\/punkt.hu\/wp-content\/uploads\/2019\/08\/punkt-hit-nyelv-eroszak-01.jpg?resize=300%2C200&amp;ssl=1 300w, https:\/\/i2.wp.com\/punkt.hu\/wp-content\/uploads\/2019\/08\/punkt-hit-nyelv-eroszak-01.jpg?resize=768%2C512&amp;ssl=1 768w, https:\/\/i2.wp.com\/punkt.hu\/wp-content\/uploads\/2019\/08\/punkt-hit-nyelv-eroszak-01.jpg?resize=1024%2C682&amp;ssl=1 1024w, https:\/\/i2.wp.com\/punkt.hu\/wp-content\/uploads\/2019\/08\/punkt-hit-nyelv-eroszak-01.jpg?resize=1920%2C1280&amp;ssl=1 1920w, https:\/\/i2.wp.com\/punkt.hu\/wp-content\/uploads\/2019\/08\/punkt-hit-nyelv-eroszak-01.jpg?resize=890%2C593&amp;ssl=1 890w, https:\/\/i2.wp.com\/punkt.hu\/wp-content\/uploads\/2019\/08\/punkt-hit-nyelv-eroszak-01.jpg?resize=690%2C460&amp;ssl=1 690w, https:\/\/i2.wp.com\/punkt.hu\/wp-content\/uploads\/2019\/08\/punkt-hit-nyelv-eroszak-01.jpg?resize=445%2C297&amp;ssl=1 445w, https:\/\/i2.wp.com\/punkt.hu\/wp-content\/uploads\/2019\/08\/punkt-hit-nyelv-eroszak-01.jpg?resize=930%2C620&amp;ssl=1 930w, https:\/\/i2.wp.com\/punkt.hu\/wp-content\/uploads\/2019\/08\/punkt-hit-nyelv-eroszak-01.jpg?resize=525%2C350&amp;ssl=1 525w, https:\/\/i2.wp.com\/punkt.hu\/wp-content\/uploads\/2019\/08\/punkt-hit-nyelv-eroszak-01.jpg?resize=272%2C182&amp;ssl=1 272w, https:\/\/i2.wp.com\/punkt.hu\/wp-content\/uploads\/2019\/08\/punkt-hit-nyelv-eroszak-01.jpg?w=1800&amp;ssl=1 1800w\" sizes=\"(max-width: 890px) 100vw, 890px\" \/>\t\t\t<\/a>\n\n\t\t<\/div>\n\n\t\t\t\t\t<div class=\"image-with-caption-container-caption\">\n\t\t\t\t<div class=\"image-with-caption-container-caption-center-fix\">\n\t\t\t\t\t\t\t\t\t\t\t<p class=\"image-with-caption-container-caption-numbers\">01<span class=\"number-separator\"><\/span>03<\/p>\n\t\t\t\t\t\t\t\t\t\t<p class=\"image-with-caption-container-caption-text\">Furnishing the Meaning. Photo: Benedek Bogn\u00e1r. \u00a9 Inda Gal\u00e9ria.<\/p>\n\t\t\t\t<\/div>\n\t\t\t<\/div>\n\t\t\n\t<\/div>\n\n<\/div><\/div><\/div><\/div><div id=\"pg-4702-7\"  class=\"panel-grid panel-no-style\" ><div id=\"pgc-4702-7-0\"  class=\"panel-grid-cell\" ><div id=\"panel-4702-7-0-0\" class=\"so-panel widget widget_aligned-text panel-first-child panel-last-child\" data-index=\"7\" ><div class=\"so-widget-aligned-text so-widget-aligned-text-default-d75171398898-4702\">\n\t<div class=\"aligned-text-right\">\n\t\t<div class=\"text-content\">\n\t\t\t<p>Bogl\u00e1rka Zellei\u2019s series <em>Furnishing the Sacred<\/em> shows people being baptised in diverse locations: the priest, the baptised, the pool and the surrounding space. The rhetoric of the photographs is objective, with an endeavour to show the environment, the framework of immersion rather than <em>peeping<\/em> at the personal drama on the faces and intruding on the personal space of the baptised. Voyeurism is the least suitable term to describe this mode of expression. Nevertheless, the effect and reception of the images, owing to their nature as well as the means of installation, is paradoxical.<\/p>\n<p>&nbsp;<\/p>\n\t\t<\/div>\n\t<\/div>\n<\/div><\/div><\/div><\/div><div id=\"pg-4702-8\"  class=\"panel-grid panel-no-style\" ><div id=\"pgc-4702-8-0\"  class=\"panel-grid-cell\" ><div id=\"panel-4702-8-0-0\" class=\"so-panel widget widget_image-with-caption panel-first-child panel-last-child\" data-index=\"8\" ><div class=\"so-widget-image-with-caption so-widget-image-with-caption-default-d75171398898-4702\">\n\n\t\n\t<div class=\"image-with-caption caption-alignment-right\">\n\n\t\t\n\t\t<div class=\"image-with-caption-container-image\">\n\n\t\t\t\n\t\t\t<a href=\"https:\/\/i1.wp.com\/punkt.hu\/wp-content\/uploads\/2019\/08\/punkt-hit-nyelv-eroszak-03.jpg?fit=2000%2C1333&ssl=1\" class=\"chocolat-image\" title=\"Furnishing the Meaning, installation view. Photo: Benedek Bogn\u00e1r \u00a9 Inda Gal\u00e9ria.\">\n\t\t\t\t<img width=\"890\" height=\"593\" src=\"https:\/\/i1.wp.com\/punkt.hu\/wp-content\/uploads\/2019\/08\/punkt-hit-nyelv-eroszak-03.jpg?fit=890%2C593&amp;ssl=1\" class=\"lazyload\" alt=\"Furnishing the Meaning, installation view. Photo: Benedek Bogn\u00e1r \u00a9 Inda Gal\u00e9ria.\" srcset=\"https:\/\/i1.wp.com\/punkt.hu\/wp-content\/uploads\/2019\/08\/punkt-hit-nyelv-eroszak-03.jpg?w=2000&amp;ssl=1 2000w, https:\/\/i1.wp.com\/punkt.hu\/wp-content\/uploads\/2019\/08\/punkt-hit-nyelv-eroszak-03.jpg?resize=300%2C200&amp;ssl=1 300w, https:\/\/i1.wp.com\/punkt.hu\/wp-content\/uploads\/2019\/08\/punkt-hit-nyelv-eroszak-03.jpg?resize=768%2C512&amp;ssl=1 768w, https:\/\/i1.wp.com\/punkt.hu\/wp-content\/uploads\/2019\/08\/punkt-hit-nyelv-eroszak-03.jpg?resize=1024%2C682&amp;ssl=1 1024w, https:\/\/i1.wp.com\/punkt.hu\/wp-content\/uploads\/2019\/08\/punkt-hit-nyelv-eroszak-03.jpg?resize=1920%2C1280&amp;ssl=1 1920w, https:\/\/i1.wp.com\/punkt.hu\/wp-content\/uploads\/2019\/08\/punkt-hit-nyelv-eroszak-03.jpg?resize=890%2C593&amp;ssl=1 890w, https:\/\/i1.wp.com\/punkt.hu\/wp-content\/uploads\/2019\/08\/punkt-hit-nyelv-eroszak-03.jpg?resize=690%2C460&amp;ssl=1 690w, https:\/\/i1.wp.com\/punkt.hu\/wp-content\/uploads\/2019\/08\/punkt-hit-nyelv-eroszak-03.jpg?resize=445%2C297&amp;ssl=1 445w, https:\/\/i1.wp.com\/punkt.hu\/wp-content\/uploads\/2019\/08\/punkt-hit-nyelv-eroszak-03.jpg?resize=930%2C620&amp;ssl=1 930w, https:\/\/i1.wp.com\/punkt.hu\/wp-content\/uploads\/2019\/08\/punkt-hit-nyelv-eroszak-03.jpg?resize=525%2C350&amp;ssl=1 525w, https:\/\/i1.wp.com\/punkt.hu\/wp-content\/uploads\/2019\/08\/punkt-hit-nyelv-eroszak-03.jpg?resize=272%2C182&amp;ssl=1 272w, https:\/\/i1.wp.com\/punkt.hu\/wp-content\/uploads\/2019\/08\/punkt-hit-nyelv-eroszak-03.jpg?w=1800&amp;ssl=1 1800w\" sizes=\"(max-width: 890px) 100vw, 890px\" \/>\t\t\t<\/a>\n\n\t\t<\/div>\n\n\t\t\t\t\t<div class=\"image-with-caption-container-caption\">\n\t\t\t\t<div class=\"image-with-caption-container-caption-center-fix\">\n\t\t\t\t\t\t\t\t\t\t\t<p class=\"image-with-caption-container-caption-numbers\">01<span class=\"number-separator\"><\/span>03<\/p>\n\t\t\t\t\t\t\t\t\t\t<p class=\"image-with-caption-container-caption-text\">Furnishing the Meaning, installation view. Photo: Benedek Bogn\u00e1r \u00a9 Inda Gal\u00e9ria.<\/p>\n\t\t\t\t<\/div>\n\t\t\t<\/div>\n\t\t\n\t<\/div>\n\n<\/div><\/div><\/div><\/div><div id=\"pg-4702-9\"  class=\"panel-grid panel-no-style\" ><div id=\"pgc-4702-9-0\"  class=\"panel-grid-cell\" ><div id=\"panel-4702-9-0-0\" class=\"so-panel widget widget_aligned-text panel-first-child panel-last-child\" data-index=\"9\" ><div class=\"so-widget-aligned-text so-widget-aligned-text-default-d75171398898-4702\">\n\t<div class=\"aligned-text-right\">\n\t\t<div class=\"text-content\">\n\t\t\t<p>An <a href=\"https:\/\/nlc.hu\/foto\/20170719\/bemerites-zellei-boglarka-mome-diplomamunka\/\">interview<\/a> (in Hungarian) reveals that faith, and thus these photographs, have personal significance to the artist. Faith, however, is essentially a <em>matter<\/em> of the soul, of the subject, it is difficult to see, to formulate, to convey. Looking at these images, we might not feel and understand the same things as the artist. Of course, actual reception and comprehension always diverge from what the artwork or the artist intends to convey. The interpretation of art is another translation problem, doomed likewise to unfeasibility and dead-end. Only approximation is possible. In this case, perhaps the posited distance between the artwork and its recipient is a little too much. One of the causes of this is the distanced rhetoric, the diversion of the gaze from the subject\u2019s drama, showing more of a wide-angle panorama of the environment, in which the people are dwarfed almost to the point of disappearing in most cases. The gaze predominantly perceives the architectural, material environment. From this follows the other cause of distance. Like religious art, architecture has also become quite problematic since the modern period. In short: it is difficult to find artworks that could be regarded as more than merely kitschy, didactic illustrations of the articles of faith. The same goes for the mostly not quite inventive architectural exteriors and interiors.<\/p>\n<p>But: Bogl\u00e1rka Zellei undertook perhaps the most difficult role an artist can come up with. Thematising, conveying, showing faith in the scope of an intimate experience in the context of artworks is a task bordering on the impossible.<\/p>\n<p>As Bogl\u00e1rka Zellei\u2019s photographs mainly focus on the architectural environment, these are the main subjects of our assessment. The mundane quality of the various locations, their most of the time completely ad-hoc tastelessness devoid of any spirituality thus underscores not the solemnity and intimacy of the situation but its absurdity instead. The spectator is watching from outside \u2013 for there is no other way to do so \u2013 what is essentially taking place within, but in an absolutely alienating, uncanny, grotesque, and even funny environment. I presume that in this manner, the photographs end up having the exact opposite of their intended effect.<\/p>\n\t\t<\/div>\n\t<\/div>\n<\/div><\/div><\/div><\/div><div id=\"pg-4702-10\"  class=\"panel-grid panel-no-style\" ><div id=\"pgc-4702-10-0\"  class=\"panel-grid-cell\" ><div id=\"panel-4702-10-0-0\" class=\"so-panel widget widget_image-with-caption panel-first-child panel-last-child\" data-index=\"10\" ><div class=\"so-widget-image-with-caption so-widget-image-with-caption-default-d75171398898-4702\">\n\n\t\n\t<div class=\"image-with-caption caption-alignment-right\">\n\n\t\t\n\t\t<div class=\"image-with-caption-container-image\">\n\n\t\t\t\n\t\t\t<a href=\"https:\/\/i1.wp.com\/punkt.hu\/wp-content\/uploads\/2019\/08\/punkt-hit-nyelv-eroszak-07.jpg?fit=2000%2C1428&ssl=1\" class=\"chocolat-image\" title=\"Bogl\u00e1rka Zellei: Furnishing the Sacred, 2016-2017.\">\n\t\t\t\t<img width=\"890\" height=\"635\" src=\"https:\/\/i1.wp.com\/punkt.hu\/wp-content\/uploads\/2019\/08\/punkt-hit-nyelv-eroszak-07.jpg?fit=890%2C635&amp;ssl=1\" class=\"lazyload\" alt=\"Bogl\u00e1rka Zellei: Furnishing the Sacred, 2016-2017.\" srcset=\"https:\/\/i1.wp.com\/punkt.hu\/wp-content\/uploads\/2019\/08\/punkt-hit-nyelv-eroszak-07.jpg?w=2000&amp;ssl=1 2000w, https:\/\/i1.wp.com\/punkt.hu\/wp-content\/uploads\/2019\/08\/punkt-hit-nyelv-eroszak-07.jpg?resize=300%2C214&amp;ssl=1 300w, https:\/\/i1.wp.com\/punkt.hu\/wp-content\/uploads\/2019\/08\/punkt-hit-nyelv-eroszak-07.jpg?resize=768%2C548&amp;ssl=1 768w, https:\/\/i1.wp.com\/punkt.hu\/wp-content\/uploads\/2019\/08\/punkt-hit-nyelv-eroszak-07.jpg?resize=1024%2C731&amp;ssl=1 1024w, https:\/\/i1.wp.com\/punkt.hu\/wp-content\/uploads\/2019\/08\/punkt-hit-nyelv-eroszak-07.jpg?resize=1920%2C1371&amp;ssl=1 1920w, https:\/\/i1.wp.com\/punkt.hu\/wp-content\/uploads\/2019\/08\/punkt-hit-nyelv-eroszak-07.jpg?resize=890%2C635&amp;ssl=1 890w, https:\/\/i1.wp.com\/punkt.hu\/wp-content\/uploads\/2019\/08\/punkt-hit-nyelv-eroszak-07.jpg?resize=690%2C493&amp;ssl=1 690w, https:\/\/i1.wp.com\/punkt.hu\/wp-content\/uploads\/2019\/08\/punkt-hit-nyelv-eroszak-07.jpg?resize=445%2C318&amp;ssl=1 445w, https:\/\/i1.wp.com\/punkt.hu\/wp-content\/uploads\/2019\/08\/punkt-hit-nyelv-eroszak-07.jpg?resize=930%2C664&amp;ssl=1 930w, https:\/\/i1.wp.com\/punkt.hu\/wp-content\/uploads\/2019\/08\/punkt-hit-nyelv-eroszak-07.jpg?resize=490%2C350&amp;ssl=1 490w, https:\/\/i1.wp.com\/punkt.hu\/wp-content\/uploads\/2019\/08\/punkt-hit-nyelv-eroszak-07.jpg?w=1800&amp;ssl=1 1800w\" sizes=\"(max-width: 890px) 100vw, 890px\" \/>\t\t\t<\/a>\n\n\t\t<\/div>\n\n\t\t\t\t\t<div class=\"image-with-caption-container-caption\">\n\t\t\t\t<div class=\"image-with-caption-container-caption-center-fix\">\n\t\t\t\t\t\t\t\t\t\t\t<p class=\"image-with-caption-container-caption-numbers\">01<span class=\"number-separator\"><\/span>03<\/p>\n\t\t\t\t\t\t\t\t\t\t<p class=\"image-with-caption-container-caption-text\">Bogl\u00e1rka Zellei: Furnishing the Sacred, 2016-2017.<\/p>\n\t\t\t\t<\/div>\n\t\t\t<\/div>\n\t\t\n\t<\/div>\n\n<\/div><\/div><\/div><\/div><div id=\"pg-4702-11\"  class=\"panel-grid panel-no-style\" ><div id=\"pgc-4702-11-0\"  class=\"panel-grid-cell\" ><div id=\"panel-4702-11-0-0\" class=\"so-panel widget widget_aligned-text panel-first-child panel-last-child\" data-index=\"11\" ><div class=\"so-widget-aligned-text so-widget-aligned-text-default-d75171398898-4702\">\n\t<div class=\"aligned-text-right\">\n\t\t<div class=\"text-content\">\n\t\t\t<p>Ad\u00e9l Kolesz\u00e1r has invested years in making an effort to translate Mexico into a visual language for herself and for us. Titled <em>Wounds of Violence<\/em>, her latest selection comprises photographs as well as a video screening, and it conveys all she can see and understand from a foreign culture, in a language that is mysteriously dense and thick as blood. The two key characteristics of this culture are the perseverance of faith and religiousness, which have abated in Western societies, along with violence and death to an extent that appears immense and unfathomable to us. Although the two characteristics seem to be distinct, in a sense they are one-two faces of the same coin.<\/p>\n\t\t<\/div>\n\t<\/div>\n<\/div><\/div><\/div><\/div><div id=\"pg-4702-12\"  class=\"panel-grid panel-no-style\" ><div id=\"pgc-4702-12-0\"  class=\"panel-grid-cell\" ><div id=\"panel-4702-12-0-0\" class=\"so-panel widget widget_image-with-caption panel-first-child panel-last-child\" data-index=\"12\" ><div class=\"so-widget-image-with-caption so-widget-image-with-caption-default-d75171398898-4702\">\n\n\t\n\t<div class=\"image-with-caption caption-alignment-right\">\n\n\t\t\n\t\t<div class=\"image-with-caption-container-image\">\n\n\t\t\t\n\t\t\t<a href=\"https:\/\/i1.wp.com\/punkt.hu\/wp-content\/uploads\/2019\/08\/punkt-hit-nyelv-eroszak-06.jpg?fit=2000%2C1333&ssl=1\" class=\"chocolat-image\" title=\"Furnishing the Meaning, installation view. Photo: Benedek Bogn\u00e1r \u00a9 Inda Gal\u00e9ria.\">\n\t\t\t\t<img width=\"890\" height=\"593\" src=\"https:\/\/i1.wp.com\/punkt.hu\/wp-content\/uploads\/2019\/08\/punkt-hit-nyelv-eroszak-06.jpg?fit=890%2C593&amp;ssl=1\" class=\"lazyload\" alt=\"Furnishing the Meaning, installation view. Photo: Benedek Bogn\u00e1r \u00a9 Inda Gal\u00e9ria.\" srcset=\"https:\/\/i1.wp.com\/punkt.hu\/wp-content\/uploads\/2019\/08\/punkt-hit-nyelv-eroszak-06.jpg?w=2000&amp;ssl=1 2000w, https:\/\/i1.wp.com\/punkt.hu\/wp-content\/uploads\/2019\/08\/punkt-hit-nyelv-eroszak-06.jpg?resize=300%2C200&amp;ssl=1 300w, https:\/\/i1.wp.com\/punkt.hu\/wp-content\/uploads\/2019\/08\/punkt-hit-nyelv-eroszak-06.jpg?resize=768%2C512&amp;ssl=1 768w, https:\/\/i1.wp.com\/punkt.hu\/wp-content\/uploads\/2019\/08\/punkt-hit-nyelv-eroszak-06.jpg?resize=1024%2C682&amp;ssl=1 1024w, https:\/\/i1.wp.com\/punkt.hu\/wp-content\/uploads\/2019\/08\/punkt-hit-nyelv-eroszak-06.jpg?resize=1920%2C1280&amp;ssl=1 1920w, https:\/\/i1.wp.com\/punkt.hu\/wp-content\/uploads\/2019\/08\/punkt-hit-nyelv-eroszak-06.jpg?resize=890%2C593&amp;ssl=1 890w, https:\/\/i1.wp.com\/punkt.hu\/wp-content\/uploads\/2019\/08\/punkt-hit-nyelv-eroszak-06.jpg?resize=690%2C460&amp;ssl=1 690w, https:\/\/i1.wp.com\/punkt.hu\/wp-content\/uploads\/2019\/08\/punkt-hit-nyelv-eroszak-06.jpg?resize=445%2C297&amp;ssl=1 445w, https:\/\/i1.wp.com\/punkt.hu\/wp-content\/uploads\/2019\/08\/punkt-hit-nyelv-eroszak-06.jpg?resize=930%2C620&amp;ssl=1 930w, https:\/\/i1.wp.com\/punkt.hu\/wp-content\/uploads\/2019\/08\/punkt-hit-nyelv-eroszak-06.jpg?resize=525%2C350&amp;ssl=1 525w, https:\/\/i1.wp.com\/punkt.hu\/wp-content\/uploads\/2019\/08\/punkt-hit-nyelv-eroszak-06.jpg?resize=272%2C182&amp;ssl=1 272w, https:\/\/i1.wp.com\/punkt.hu\/wp-content\/uploads\/2019\/08\/punkt-hit-nyelv-eroszak-06.jpg?w=1800&amp;ssl=1 1800w\" sizes=\"(max-width: 890px) 100vw, 890px\" \/>\t\t\t<\/a>\n\n\t\t<\/div>\n\n\t\t\t\t\t<div class=\"image-with-caption-container-caption\">\n\t\t\t\t<div class=\"image-with-caption-container-caption-center-fix\">\n\t\t\t\t\t\t\t\t\t\t\t<p class=\"image-with-caption-container-caption-numbers\">01<span class=\"number-separator\"><\/span>03<\/p>\n\t\t\t\t\t\t\t\t\t\t<p class=\"image-with-caption-container-caption-text\">Furnishing the Meaning, installation view. Photo: Benedek Bogn\u00e1r \u00a9 Inda Gal\u00e9ria.<\/p>\n\t\t\t\t<\/div>\n\t\t\t<\/div>\n\t\t\n\t<\/div>\n\n<\/div><\/div><\/div><\/div><div id=\"pg-4702-13\"  class=\"panel-grid panel-no-style\" ><div id=\"pgc-4702-13-0\"  class=\"panel-grid-cell\" ><div id=\"panel-4702-13-0-0\" class=\"so-panel widget widget_aligned-text panel-first-child panel-last-child\" data-index=\"13\" ><div class=\"so-widget-aligned-text so-widget-aligned-text-default-d75171398898-4702\">\n\t<div class=\"aligned-text-right\">\n\t\t<div class=\"text-content\">\n\t\t\t<p>The world of Ad\u00e9l Kolesz\u00e1r\u2019s photographs reveals brutal crudeness that is unusual for us, a direct and sensual attitude to the existence, notably the dark side of it. Almost all the people portrayed are wounded, injured, cut or beaten; the landscapes most probably depict cemeteries or mass graves; the skeleton of a snake or a minuscule detail suggests the presence of violence, say, a bullet that even tints the entire image red. There is one photo that is almost superfluous as we have been indirectly shown the same in all the others: it seems to capture fragments of two or more people fighting, wrestling, shouting or loving one another, or all of these at once. Dying all together. Kolesz\u00e1r\u2019s photographs are familiar with only a few colours: the red of blood, the blue of beating, the black of death, the grey of ash. They express everything with this limited and radical palette. Or more precisely: they express the photographer\u2019s glance, her vision of a strange, the once familiar and alarming world. Almost every image reveals such apparitions, with the figures, landscapes or objects shrouded in almost complete obscurity, or emerging out of strong light for a startling moment. As if we were experiencing a deep and sombre dream from which there is no awakening. Of a culture that appears not to have learned to speak and engage in dialogue yet, and only understands the language of violence, of <em>all against all<\/em> and <em>men against women<\/em>.<\/p>\n\t\t<\/div>\n\t<\/div>\n<\/div><\/div><\/div><\/div><div id=\"pg-4702-14\"  class=\"panel-grid panel-no-style\" ><div id=\"pgc-4702-14-0\"  class=\"panel-grid-cell\" ><div id=\"panel-4702-14-0-0\" class=\"so-panel widget widget_image-with-caption panel-first-child panel-last-child\" data-index=\"14\" ><div class=\"so-widget-image-with-caption so-widget-image-with-caption-default-d75171398898-4702\">\n\n\t\n\t<div class=\"image-with-caption caption-alignment-right\">\n\n\t\t\n\t\t<div class=\"image-with-caption-container-image\">\n\n\t\t\t\n\t\t\t<a href=\"https:\/\/i1.wp.com\/punkt.hu\/wp-content\/uploads\/2019\/08\/punkt-hit-nyelv-eroszak-09.jpg?fit=1920%2C1646&ssl=1\" class=\"chocolat-image\" title=\"Ad\u00e9l Kolesz\u00e1r: Laguna salada, Mexico, 2016.\">\n\t\t\t\t<img width=\"890\" height=\"763\" src=\"https:\/\/i1.wp.com\/punkt.hu\/wp-content\/uploads\/2019\/08\/punkt-hit-nyelv-eroszak-09.jpg?fit=890%2C763&amp;ssl=1\" class=\"lazyload\" alt=\"Ad\u00e9l Kolesz\u00e1r: Laguna salada, Mexico, 2016.\" srcset=\"https:\/\/i1.wp.com\/punkt.hu\/wp-content\/uploads\/2019\/08\/punkt-hit-nyelv-eroszak-09.jpg?w=1920&amp;ssl=1 1920w, https:\/\/i1.wp.com\/punkt.hu\/wp-content\/uploads\/2019\/08\/punkt-hit-nyelv-eroszak-09.jpg?resize=300%2C257&amp;ssl=1 300w, https:\/\/i1.wp.com\/punkt.hu\/wp-content\/uploads\/2019\/08\/punkt-hit-nyelv-eroszak-09.jpg?resize=768%2C658&amp;ssl=1 768w, https:\/\/i1.wp.com\/punkt.hu\/wp-content\/uploads\/2019\/08\/punkt-hit-nyelv-eroszak-09.jpg?resize=1024%2C878&amp;ssl=1 1024w, https:\/\/i1.wp.com\/punkt.hu\/wp-content\/uploads\/2019\/08\/punkt-hit-nyelv-eroszak-09.jpg?resize=890%2C763&amp;ssl=1 890w, https:\/\/i1.wp.com\/punkt.hu\/wp-content\/uploads\/2019\/08\/punkt-hit-nyelv-eroszak-09.jpg?resize=690%2C592&amp;ssl=1 690w, https:\/\/i1.wp.com\/punkt.hu\/wp-content\/uploads\/2019\/08\/punkt-hit-nyelv-eroszak-09.jpg?resize=445%2C381&amp;ssl=1 445w, https:\/\/i1.wp.com\/punkt.hu\/wp-content\/uploads\/2019\/08\/punkt-hit-nyelv-eroszak-09.jpg?resize=930%2C797&amp;ssl=1 930w, https:\/\/i1.wp.com\/punkt.hu\/wp-content\/uploads\/2019\/08\/punkt-hit-nyelv-eroszak-09.jpg?resize=408%2C350&amp;ssl=1 408w, https:\/\/i1.wp.com\/punkt.hu\/wp-content\/uploads\/2019\/08\/punkt-hit-nyelv-eroszak-09.jpg?w=1800&amp;ssl=1 1800w\" sizes=\"(max-width: 890px) 100vw, 890px\" \/>\t\t\t<\/a>\n\n\t\t<\/div>\n\n\t\t\t\t\t<div class=\"image-with-caption-container-caption\">\n\t\t\t\t<div class=\"image-with-caption-container-caption-center-fix\">\n\t\t\t\t\t\t\t\t\t\t\t<p class=\"image-with-caption-container-caption-numbers\">01<span class=\"number-separator\"><\/span>03<\/p>\n\t\t\t\t\t\t\t\t\t\t<p class=\"image-with-caption-container-caption-text\">Ad\u00e9l Kolesz\u00e1r: Laguna salada, Mexico, 2016.<\/p>\n\t\t\t\t<\/div>\n\t\t\t<\/div>\n\t\t\n\t<\/div>\n\n<\/div><\/div><\/div><\/div><div id=\"pg-4702-15\"  class=\"panel-grid panel-no-style\" ><div id=\"pgc-4702-15-0\"  class=\"panel-grid-cell\" ><div id=\"panel-4702-15-0-0\" class=\"so-panel widget widget_aligned-text panel-first-child panel-last-child\" data-index=\"15\" ><div class=\"so-widget-aligned-text so-widget-aligned-text-default-d75171398898-4702\">\n\t<div class=\"aligned-text-right\">\n\t\t<div class=\"text-content\">\n\t\t\t<p>The artists of <em>Furnishing the Meaning<\/em> talk about how difficult it is to tell anything, especially in the language of images. But showing the difficulty is more than half success. We see unsettling images that make us think. And that is quite something.<\/p>\n\t\t<\/div>\n\t<\/div>\n<\/div><\/div><\/div><\/div><div id=\"pg-4702-16\"  class=\"panel-grid panel-no-style\" ><div id=\"pgc-4702-16-0\"  class=\"panel-grid-cell\" ><div id=\"panel-4702-16-0-0\" class=\"so-panel widget widget_image-with-caption panel-first-child panel-last-child\" data-index=\"16\" ><div class=\"so-widget-image-with-caption so-widget-image-with-caption-default-d75171398898-4702\">\n\n\t\n\t<div class=\"image-with-caption caption-alignment-right\">\n\n\t\t\n\t\t<div class=\"image-with-caption-container-image\">\n\n\t\t\t\n\t\t\t<a href=\"https:\/\/i2.wp.com\/punkt.hu\/wp-content\/uploads\/2019\/08\/punkt-hit-nyelv-eroszak-04.jpg?fit=2000%2C1333&ssl=1\" class=\"chocolat-image\" title=\"Furnishing the Meaning, installation view. Photo: Benedek Bogn\u00e1r \u00a9 Inda Gal\u00e9ria.\">\n\t\t\t\t<img width=\"890\" height=\"593\" src=\"https:\/\/i2.wp.com\/punkt.hu\/wp-content\/uploads\/2019\/08\/punkt-hit-nyelv-eroszak-04.jpg?fit=890%2C593&amp;ssl=1\" class=\"lazyload\" alt=\"Furnishing the Meaning, installation view. Photo: Benedek Bogn\u00e1r \u00a9 Inda Gal\u00e9ria.\" srcset=\"https:\/\/i2.wp.com\/punkt.hu\/wp-content\/uploads\/2019\/08\/punkt-hit-nyelv-eroszak-04.jpg?w=2000&amp;ssl=1 2000w, https:\/\/i2.wp.com\/punkt.hu\/wp-content\/uploads\/2019\/08\/punkt-hit-nyelv-eroszak-04.jpg?resize=300%2C200&amp;ssl=1 300w, https:\/\/i2.wp.com\/punkt.hu\/wp-content\/uploads\/2019\/08\/punkt-hit-nyelv-eroszak-04.jpg?resize=768%2C512&amp;ssl=1 768w, https:\/\/i2.wp.com\/punkt.hu\/wp-content\/uploads\/2019\/08\/punkt-hit-nyelv-eroszak-04.jpg?resize=1024%2C682&amp;ssl=1 1024w, https:\/\/i2.wp.com\/punkt.hu\/wp-content\/uploads\/2019\/08\/punkt-hit-nyelv-eroszak-04.jpg?resize=1920%2C1280&amp;ssl=1 1920w, https:\/\/i2.wp.com\/punkt.hu\/wp-content\/uploads\/2019\/08\/punkt-hit-nyelv-eroszak-04.jpg?resize=890%2C593&amp;ssl=1 890w, https:\/\/i2.wp.com\/punkt.hu\/wp-content\/uploads\/2019\/08\/punkt-hit-nyelv-eroszak-04.jpg?resize=690%2C460&amp;ssl=1 690w, https:\/\/i2.wp.com\/punkt.hu\/wp-content\/uploads\/2019\/08\/punkt-hit-nyelv-eroszak-04.jpg?resize=445%2C297&amp;ssl=1 445w, https:\/\/i2.wp.com\/punkt.hu\/wp-content\/uploads\/2019\/08\/punkt-hit-nyelv-eroszak-04.jpg?resize=930%2C620&amp;ssl=1 930w, https:\/\/i2.wp.com\/punkt.hu\/wp-content\/uploads\/2019\/08\/punkt-hit-nyelv-eroszak-04.jpg?resize=525%2C350&amp;ssl=1 525w, https:\/\/i2.wp.com\/punkt.hu\/wp-content\/uploads\/2019\/08\/punkt-hit-nyelv-eroszak-04.jpg?resize=272%2C182&amp;ssl=1 272w, https:\/\/i2.wp.com\/punkt.hu\/wp-content\/uploads\/2019\/08\/punkt-hit-nyelv-eroszak-04.jpg?w=1800&amp;ssl=1 1800w\" sizes=\"(max-width: 890px) 100vw, 890px\" \/>\t\t\t<\/a>\n\n\t\t<\/div>\n\n\t\t\t\t\t<div class=\"image-with-caption-container-caption\">\n\t\t\t\t<div class=\"image-with-caption-container-caption-center-fix\">\n\t\t\t\t\t\t\t\t\t\t\t<p class=\"image-with-caption-container-caption-numbers\">01<span class=\"number-separator\"><\/span>03<\/p>\n\t\t\t\t\t\t\t\t\t\t<p class=\"image-with-caption-container-caption-text\">Furnishing the Meaning, installation view. Photo: Benedek Bogn\u00e1r \u00a9 Inda Gal\u00e9ria.<\/p>\n\t\t\t\t<\/div>\n\t\t\t<\/div>\n\t\t\n\t<\/div>\n\n<\/div><\/div><\/div><\/div><div id=\"pg-4702-17\"  class=\"panel-grid panel-has-style\" ><div class=\"siteorigin-panels-stretch panel-row-style panel-row-style-for-4702-17\" data-stretch-type=\"full-stretched\" ><div id=\"pgc-4702-17-0\"  class=\"panel-grid-cell\" ><div id=\"panel-4702-17-0-0\" class=\"so-panel widget widget_notes panel-first-child panel-last-child\" data-index=\"17\" ><div class=\"so-widget-notes so-widget-notes-default-d75171398898-4702\">\n\t<div class=\"notes\">\n\t\t<div class=\"notes-container\">\n\t\t\t<div class=\"notes-title\">Notes<\/div>\n\t\t\t<div class=\"notes-content\">\n\t\t\t\t<p>Furnishing the Meaning<\/p>\n<p>Inda Gallery<\/p>\n<ol start=\"27\">\n<li>June 2019. \u2013 23. August 2019.<\/li>\n<\/ol>\n\t\t\t<\/div>\n\t\t<\/div>\n\t<\/div>\n<\/div><\/div><\/div><\/div><\/div><\/div>","protected":false},"excerpt":{"rendered":"<p>The show Furnishing the Meaning presented seemingly quite a different series of photographs by three young artists in one space. <\/p>\n","protected":false},"author":6,"featured_media":2811,"comment_status":"closed","ping_status":"closed","sticky":false,"template":"","format":"standard","meta":{"_monsterinsights_skip_tracking":false,"_monsterinsights_sitenote_active":false,"_monsterinsights_sitenote_note":"","_monsterinsights_sitenote_category":0,"spay_email":""},"categories":[9],"tags":[308,66,309,168,303,311,304,305,310],"acf":[],"yoast_head":"<!-- This site is optimized with the Yoast SEO plugin v17.6 - https:\/\/yoast.com\/wordpress\/plugins\/seo\/ -->\n<title>Faith, Language, Violence - PUNKT<\/title>\n<meta name=\"description\" content=\"The show Furnishing the Meaning \u2013 INDA Gallery presents emerging Hungarian photographers like Ad\u00e9l Kolesz\u00e1r, Liza Szab\u00f3, Bogl\u00e1rka Zellei presented seemingly quite a different series of photographs by three young artists in one space.\" \/>\n<meta name=\"robots\" content=\"index, follow, max-snippet:-1, max-image-preview:large, max-video-preview:-1\" \/>\n<link rel=\"canonical\" href=\"https:\/\/punkt.hu\/en\/2019\/08\/22\/faith-language-violence\/\" \/>\n<meta property=\"og:locale\" content=\"en_US\" \/>\n<meta property=\"og:type\" content=\"article\" \/>\n<meta property=\"og:title\" content=\"Faith, Language, Violence - PUNKT\" \/>\n<meta property=\"og:description\" content=\"The show Furnishing the Meaning \u2013 INDA Gallery presents emerging Hungarian photographers like Ad\u00e9l Kolesz\u00e1r, Liza Szab\u00f3, Bogl\u00e1rka Zellei presented seemingly quite a different series of photographs by three young artists in one space.\" \/>\n<meta property=\"og:url\" content=\"https:\/\/punkt.hu\/en\/2019\/08\/22\/faith-language-violence\/\" \/>\n<meta property=\"og:site_name\" content=\"PUNKT\" \/>\n<meta property=\"article:published_time\" content=\"2019-08-22T14:29:15+00:00\" \/>\n<meta property=\"article:modified_time\" content=\"2019-11-20T14:38:12+00:00\" \/>\n<meta property=\"og:image\" content=\"https:\/\/i1.wp.com\/punkt.hu\/wp-content\/uploads\/2019\/08\/punkt-hit-nyelv-eroszak-08.jpg?fit=2000%2C1333&#038;ssl=1\" \/>\n\t<meta property=\"og:image:width\" content=\"2000\" \/>\n\t<meta property=\"og:image:height\" content=\"1333\" \/>\n<meta name=\"twitter:card\" content=\"summary_large_image\" \/>\n<meta name=\"twitter:label1\" content=\"Written by\" \/>\n\t<meta name=\"twitter:data1\" content=\"Kassai L\u00e1szl\u00f3\" \/>\n\t<meta name=\"twitter:label2\" content=\"Est. reading time\" \/>\n\t<meta name=\"twitter:data2\" content=\"1 minute\" \/>\n<script type=\"application\/ld+json\" class=\"yoast-schema-graph\">{\"@context\":\"https:\/\/schema.org\",\"@graph\":[{\"@type\":\"Organization\",\"@id\":\"https:\/\/punkt.hu\/#organization\",\"name\":\"PUNKT\",\"url\":\"https:\/\/punkt.hu\/\",\"sameAs\":[\"https:\/\/www.instagram.com\/punkt.hu\/\"],\"logo\":{\"@type\":\"ImageObject\",\"@id\":\"https:\/\/punkt.hu\/#logo\",\"inLanguage\":\"en-US\",\"url\":\"https:\/\/i2.wp.com\/punkt.hu\/wp-content\/uploads\/2019\/05\/punkt-rolunk-01.png?fit=729%2C529&ssl=1\",\"contentUrl\":\"https:\/\/i2.wp.com\/punkt.hu\/wp-content\/uploads\/2019\/05\/punkt-rolunk-01.png?fit=729%2C529&ssl=1\",\"width\":729,\"height\":529,\"caption\":\"PUNKT\"},\"image\":{\"@id\":\"https:\/\/punkt.hu\/#logo\"}},{\"@type\":\"WebSite\",\"@id\":\"https:\/\/punkt.hu\/#website\",\"url\":\"https:\/\/punkt.hu\/\",\"name\":\"PUNKT\",\"description\":\"PUNKT\",\"publisher\":{\"@id\":\"https:\/\/punkt.hu\/#organization\"},\"potentialAction\":[{\"@type\":\"SearchAction\",\"target\":{\"@type\":\"EntryPoint\",\"urlTemplate\":\"https:\/\/punkt.hu\/?s={search_term_string}\"},\"query-input\":\"required name=search_term_string\"}],\"inLanguage\":\"en-US\"},{\"@type\":\"ImageObject\",\"@id\":\"https:\/\/punkt.hu\/en\/2019\/08\/22\/faith-language-violence\/#primaryimage\",\"inLanguage\":\"en-US\",\"url\":\"https:\/\/i1.wp.com\/punkt.hu\/wp-content\/uploads\/2019\/08\/punkt-hit-nyelv-eroszak-08.jpg?fit=2000%2C1333&ssl=1\",\"contentUrl\":\"https:\/\/i1.wp.com\/punkt.hu\/wp-content\/uploads\/2019\/08\/punkt-hit-nyelv-eroszak-08.jpg?fit=2000%2C1333&ssl=1\",\"width\":2000,\"height\":1333,\"caption\":\"Liza Szab\\u00f3: Guide for Foreigners, 2016-2017.\"},{\"@type\":\"WebPage\",\"@id\":\"https:\/\/punkt.hu\/en\/2019\/08\/22\/faith-language-violence\/#webpage\",\"url\":\"https:\/\/punkt.hu\/en\/2019\/08\/22\/faith-language-violence\/\",\"name\":\"Faith, Language, Violence - PUNKT\",\"isPartOf\":{\"@id\":\"https:\/\/punkt.hu\/#website\"},\"primaryImageOfPage\":{\"@id\":\"https:\/\/punkt.hu\/en\/2019\/08\/22\/faith-language-violence\/#primaryimage\"},\"datePublished\":\"2019-08-22T14:29:15+00:00\",\"dateModified\":\"2019-11-20T14:38:12+00:00\",\"description\":\"The show Furnishing the Meaning \\u2013 INDA Gallery presents emerging Hungarian photographers like Ad\\u00e9l Kolesz\\u00e1r, Liza Szab\\u00f3, Bogl\\u00e1rka Zellei presented seemingly quite a different series of photographs by three young artists in one space.\",\"breadcrumb\":{\"@id\":\"https:\/\/punkt.hu\/en\/2019\/08\/22\/faith-language-violence\/#breadcrumb\"},\"inLanguage\":\"en-US\",\"potentialAction\":[{\"@type\":\"ReadAction\",\"target\":[\"https:\/\/punkt.hu\/en\/2019\/08\/22\/faith-language-violence\/\"]}]},{\"@type\":\"BreadcrumbList\",\"@id\":\"https:\/\/punkt.hu\/en\/2019\/08\/22\/faith-language-violence\/#breadcrumb\",\"itemListElement\":[{\"@type\":\"ListItem\",\"position\":1,\"name\":\"Home\",\"item\":\"https:\/\/punkt.hu\/en\/\"},{\"@type\":\"ListItem\",\"position\":2,\"name\":\"Faith, Language, Violence\"}]},{\"@type\":\"Article\",\"@id\":\"https:\/\/punkt.hu\/en\/2019\/08\/22\/faith-language-violence\/#article\",\"isPartOf\":{\"@id\":\"https:\/\/punkt.hu\/en\/2019\/08\/22\/faith-language-violence\/#webpage\"},\"author\":{\"@id\":\"https:\/\/punkt.hu\/#\/schema\/person\/b8c32ebc042ed27b9e4f07dce594ba20\"},\"headline\":\"Faith, Language, Violence\",\"datePublished\":\"2019-08-22T14:29:15+00:00\",\"dateModified\":\"2019-11-20T14:38:12+00:00\",\"mainEntityOfPage\":{\"@id\":\"https:\/\/punkt.hu\/en\/2019\/08\/22\/faith-language-violence\/#webpage\"},\"wordCount\":154,\"publisher\":{\"@id\":\"https:\/\/punkt.hu\/#organization\"},\"image\":{\"@id\":\"https:\/\/punkt.hu\/en\/2019\/08\/22\/faith-language-violence\/#primaryimage\"},\"thumbnailUrl\":\"https:\/\/i1.wp.com\/punkt.hu\/wp-content\/uploads\/2019\/08\/punkt-hit-nyelv-eroszak-08.jpg?fit=2000%2C1333&ssl=1\",\"keywords\":[\"contemporary\",\"contemporary photography\",\"culture\",\"fot\\u00f3m\\u0171v\\u00e9szet\",\"jelent\\u00e9s\",\"kolesz\\u00e1r ad\\u00e9l\",\"kult\\u00fara\",\"nyelvj\\u00e1t\\u00e9k\",\"visual language\"],\"articleSection\":[\"Review\"],\"inLanguage\":\"en-US\"},{\"@type\":\"Person\",\"@id\":\"https:\/\/punkt.hu\/#\/schema\/person\/b8c32ebc042ed27b9e4f07dce594ba20\",\"name\":\"Kassai L\\u00e1szl\\u00f3\",\"image\":{\"@type\":\"ImageObject\",\"@id\":\"https:\/\/punkt.hu\/#personlogo\",\"inLanguage\":\"en-US\",\"url\":\"https:\/\/secure.gravatar.com\/avatar\/81ad2cb278a704ddfeb4b295e3e7029d?s=96&d=mm&r=g\",\"contentUrl\":\"https:\/\/secure.gravatar.com\/avatar\/81ad2cb278a704ddfeb4b295e3e7029d?s=96&d=mm&r=g\",\"caption\":\"Kassai L\\u00e1szl\\u00f3\"}}]}<\/script>\n<!-- \/ Yoast SEO plugin. -->","yoast_head_json":{"title":"Faith, Language, Violence - PUNKT","description":"The show Furnishing the Meaning \u2013 INDA Gallery presents emerging Hungarian photographers like Ad\u00e9l Kolesz\u00e1r, Liza Szab\u00f3, Bogl\u00e1rka Zellei presented seemingly quite a different series of photographs by three young artists in one space.","robots":{"index":"index","follow":"follow","max-snippet":"max-snippet:-1","max-image-preview":"max-image-preview:large","max-video-preview":"max-video-preview:-1"},"canonical":"https:\/\/punkt.hu\/en\/2019\/08\/22\/faith-language-violence\/","og_locale":"en_US","og_type":"article","og_title":"Faith, Language, Violence - PUNKT","og_description":"The show Furnishing the Meaning \u2013 INDA Gallery presents emerging Hungarian photographers like Ad\u00e9l Kolesz\u00e1r, Liza Szab\u00f3, Bogl\u00e1rka Zellei presented seemingly quite a different series of photographs by three young artists in one space.","og_url":"https:\/\/punkt.hu\/en\/2019\/08\/22\/faith-language-violence\/","og_site_name":"PUNKT","article_published_time":"2019-08-22T14:29:15+00:00","article_modified_time":"2019-11-20T14:38:12+00:00","og_image":[{"width":2000,"height":1333,"url":"https:\/\/i1.wp.com\/punkt.hu\/wp-content\/uploads\/2019\/08\/punkt-hit-nyelv-eroszak-08.jpg?fit=2000%2C1333&ssl=1","type":"image\/jpeg"}],"twitter_card":"summary_large_image","twitter_misc":{"Written by":"Kassai L\u00e1szl\u00f3","Est. reading time":"1 minute"},"schema":{"@context":"https:\/\/schema.org","@graph":[{"@type":"Organization","@id":"https:\/\/punkt.hu\/#organization","name":"PUNKT","url":"https:\/\/punkt.hu\/","sameAs":["https:\/\/www.instagram.com\/punkt.hu\/"],"logo":{"@type":"ImageObject","@id":"https:\/\/punkt.hu\/#logo","inLanguage":"en-US","url":"https:\/\/i2.wp.com\/punkt.hu\/wp-content\/uploads\/2019\/05\/punkt-rolunk-01.png?fit=729%2C529&ssl=1","contentUrl":"https:\/\/i2.wp.com\/punkt.hu\/wp-content\/uploads\/2019\/05\/punkt-rolunk-01.png?fit=729%2C529&ssl=1","width":729,"height":529,"caption":"PUNKT"},"image":{"@id":"https:\/\/punkt.hu\/#logo"}},{"@type":"WebSite","@id":"https:\/\/punkt.hu\/#website","url":"https:\/\/punkt.hu\/","name":"PUNKT","description":"PUNKT","publisher":{"@id":"https:\/\/punkt.hu\/#organization"},"potentialAction":[{"@type":"SearchAction","target":{"@type":"EntryPoint","urlTemplate":"https:\/\/punkt.hu\/?s={search_term_string}"},"query-input":"required name=search_term_string"}],"inLanguage":"en-US"},{"@type":"ImageObject","@id":"https:\/\/punkt.hu\/en\/2019\/08\/22\/faith-language-violence\/#primaryimage","inLanguage":"en-US","url":"https:\/\/i1.wp.com\/punkt.hu\/wp-content\/uploads\/2019\/08\/punkt-hit-nyelv-eroszak-08.jpg?fit=2000%2C1333&ssl=1","contentUrl":"https:\/\/i1.wp.com\/punkt.hu\/wp-content\/uploads\/2019\/08\/punkt-hit-nyelv-eroszak-08.jpg?fit=2000%2C1333&ssl=1","width":2000,"height":1333,"caption":"Liza Szab\u00f3: Guide for Foreigners, 2016-2017."},{"@type":"WebPage","@id":"https:\/\/punkt.hu\/en\/2019\/08\/22\/faith-language-violence\/#webpage","url":"https:\/\/punkt.hu\/en\/2019\/08\/22\/faith-language-violence\/","name":"Faith, Language, Violence - PUNKT","isPartOf":{"@id":"https:\/\/punkt.hu\/#website"},"primaryImageOfPage":{"@id":"https:\/\/punkt.hu\/en\/2019\/08\/22\/faith-language-violence\/#primaryimage"},"datePublished":"2019-08-22T14:29:15+00:00","dateModified":"2019-11-20T14:38:12+00:00","description":"The show Furnishing the Meaning \u2013 INDA Gallery presents emerging Hungarian photographers like Ad\u00e9l Kolesz\u00e1r, Liza Szab\u00f3, Bogl\u00e1rka Zellei presented seemingly quite a different series of photographs by three young artists in one space.","breadcrumb":{"@id":"https:\/\/punkt.hu\/en\/2019\/08\/22\/faith-language-violence\/#breadcrumb"},"inLanguage":"en-US","potentialAction":[{"@type":"ReadAction","target":["https:\/\/punkt.hu\/en\/2019\/08\/22\/faith-language-violence\/"]}]},{"@type":"BreadcrumbList","@id":"https:\/\/punkt.hu\/en\/2019\/08\/22\/faith-language-violence\/#breadcrumb","itemListElement":[{"@type":"ListItem","position":1,"name":"Home","item":"https:\/\/punkt.hu\/en\/"},{"@type":"ListItem","position":2,"name":"Faith, Language, Violence"}]},{"@type":"Article","@id":"https:\/\/punkt.hu\/en\/2019\/08\/22\/faith-language-violence\/#article","isPartOf":{"@id":"https:\/\/punkt.hu\/en\/2019\/08\/22\/faith-language-violence\/#webpage"},"author":{"@id":"https:\/\/punkt.hu\/#\/schema\/person\/b8c32ebc042ed27b9e4f07dce594ba20"},"headline":"Faith, Language, Violence","datePublished":"2019-08-22T14:29:15+00:00","dateModified":"2019-11-20T14:38:12+00:00","mainEntityOfPage":{"@id":"https:\/\/punkt.hu\/en\/2019\/08\/22\/faith-language-violence\/#webpage"},"wordCount":154,"publisher":{"@id":"https:\/\/punkt.hu\/#organization"},"image":{"@id":"https:\/\/punkt.hu\/en\/2019\/08\/22\/faith-language-violence\/#primaryimage"},"thumbnailUrl":"https:\/\/i1.wp.com\/punkt.hu\/wp-content\/uploads\/2019\/08\/punkt-hit-nyelv-eroszak-08.jpg?fit=2000%2C1333&ssl=1","keywords":["contemporary","contemporary photography","culture","fot\u00f3m\u0171v\u00e9szet","jelent\u00e9s","kolesz\u00e1r ad\u00e9l","kult\u00fara","nyelvj\u00e1t\u00e9k","visual language"],"articleSection":["Review"],"inLanguage":"en-US"},{"@type":"Person","@id":"https:\/\/punkt.hu\/#\/schema\/person\/b8c32ebc042ed27b9e4f07dce594ba20","name":"Kassai L\u00e1szl\u00f3","image":{"@type":"ImageObject","@id":"https:\/\/punkt.hu\/#personlogo","inLanguage":"en-US","url":"https:\/\/secure.gravatar.com\/avatar\/81ad2cb278a704ddfeb4b295e3e7029d?s=96&d=mm&r=g","contentUrl":"https:\/\/secure.gravatar.com\/avatar\/81ad2cb278a704ddfeb4b295e3e7029d?s=96&d=mm&r=g","caption":"Kassai L\u00e1szl\u00f3"}}]}},"jetpack_featured_media_url":"https:\/\/i1.wp.com\/punkt.hu\/wp-content\/uploads\/2019\/08\/punkt-hit-nyelv-eroszak-08.jpg?fit=2000%2C1333&ssl=1","_links":{"self":[{"href":"https:\/\/punkt.hu\/en\/wp-json\/wp\/v2\/posts\/4702"}],"collection":[{"href":"https:\/\/punkt.hu\/en\/wp-json\/wp\/v2\/posts"}],"about":[{"href":"https:\/\/punkt.hu\/en\/wp-json\/wp\/v2\/types\/post"}],"author":[{"embeddable":true,"href":"https:\/\/punkt.hu\/en\/wp-json\/wp\/v2\/users\/6"}],"replies":[{"embeddable":true,"href":"https:\/\/punkt.hu\/en\/wp-json\/wp\/v2\/comments?post=4702"}],"version-history":[{"count":9,"href":"https:\/\/punkt.hu\/en\/wp-json\/wp\/v2\/posts\/4702\/revisions"}],"predecessor-version":[{"id":4723,"href":"https:\/\/punkt.hu\/en\/wp-json\/wp\/v2\/posts\/4702\/revisions\/4723"}],"wp:featuredmedia":[{"embeddable":true,"href":"https:\/\/punkt.hu\/en\/wp-json\/wp\/v2\/media\/2811"}],"wp:attachment":[{"href":"https:\/\/punkt.hu\/en\/wp-json\/wp\/v2\/media?parent=4702"}],"wp:term":[{"taxonomy":"category","embeddable":true,"href":"https:\/\/punkt.hu\/en\/wp-json\/wp\/v2\/categories?post=4702"},{"taxonomy":"post_tag","embeddable":true,"href":"https:\/\/punkt.hu\/en\/wp-json\/wp\/v2\/tags?post=4702"}],"curies":[{"name":"wp","href":"https:\/\/api.w.org\/{rel}","templated":true}]}}