{"id":99005,"date":"2026-03-20T19:24:56","date_gmt":"2026-03-20T18:24:56","guid":{"rendered":"https:\/\/punkt.hu\/?p=99005"},"modified":"2026-03-20T19:25:53","modified_gmt":"2026-03-20T18:25:53","slug":"under-the-spell-of-filters-authenticity-and-aesthetics-in-the-age-of-instagram","status":"publish","type":"post","link":"https:\/\/punkt.hu\/en\/2026\/03\/20\/under-the-spell-of-filters-authenticity-and-aesthetics-in-the-age-of-instagram\/","title":{"rendered":"Under the Spell of Filters \u2014 Authenticity and Aesthetics in the Age of Instagram"},"content":{"rendered":"<div id=\"pl-99005\"  class=\"panel-layout\" ><div id=\"pg-99005-0\"  class=\"panel-grid panel-no-style\" ><div id=\"pgc-99005-0-0\"  class=\"panel-grid-cell\" ><div id=\"panel-99005-0-0-0\" class=\"so-panel widget widget_single-title panel-first-child\" data-index=\"0\" ><div class=\"so-widget-single-title so-widget-single-title-default-d75171398898-99005\">\n<\/div><\/div><div id=\"panel-99005-0-0-1\" class=\"so-panel widget widget_aligned-text\" data-index=\"1\" ><div class=\"so-widget-aligned-text so-widget-aligned-text-default-d75171398898-99005\">\n\t<div class=\"aligned-text\">\n\t\t<div class=\"text-content\">\n\t\t\t<p><strong>Instagram\u2019s visual culture is shaped by a simultaneous desire for authenticity and perfection. Filters, AI-generated faces, and the aesthetic logic of social media continually transform how we use images, continually redefining the place of portraiture and self-representation within contemporary visual culture. The stakes are not merely technical: how we present ourselves also reveals the collective image of humanity our society constructs.<\/strong><\/p>\n\t\t<\/div>\n\t<\/div>\n<\/div><\/div><div id=\"panel-99005-0-0-2\" class=\"so-panel widget widget_aligned-text panel-last-child\" data-index=\"2\" ><div class=\"so-widget-aligned-text so-widget-aligned-text-default-d75171398898-99005\">\n\t<div class=\"aligned-text\">\n\t\t<div class=\"text-content\">\n\t\t\t<p>Within Instagram\u2019s logic, a photograph functions less as a mnemonic trace than as a social action. Sociologist and media researcher Nathan Jurgenson uses the term \u201csocial photo\u201d to describe images used less for documentation than for sharing, presence, and interaction.<a href=\"#_ftn1\" name=\"_ftnref1\"><sup>[1]<\/sup><\/a> In this context, filters serve both the illusion of aesthetic perfection and that of performative authenticity. Furthermore, analog-style filters, which can never shed their artificial character, become part of the performative play of identity, much like artificially constructed representations of beauty that can be far from reality.<\/p>\n<p>According to the recently deceased German art historian Hans Belting, portraiture has always possessed a dual nature, in which representation and projection\u2014the human face and the cultural construction of identity\u2014appear simultaneously.<a href=\"#_ftn2\" name=\"_ftnref2\"><sup>[2]<\/sup><\/a> Throughout its several-thousand-year history, portraits have served as icons, symbols of social status, and instruments of memory politics. Today, social media condenses these roles through the fast-paced logic of the attention economy. The selfie, for instance, simultaneously testifies to the body\u2019s presence and to the ideal created by digital manipulation, filters, and retouching. Classical portraiture focused on remembrance and representation; now, social media images compete in a relentless race for visibility and likes.<\/p>\n<p>Looking back at relatively recent artistic precedents, Richard Avedon\u2019s portraits aimed to strip away psychological masks, while Robert Mapplethorpe and Peter Hujar explored the intimacy and vulnerability of the body. Yet these artistic strategies still stood in explicit opposition to the practices of artificial beauty cultures\u2014mechanisms to which today\u2019s filtered selfies have become far more closely aligned.<\/p>\n<p>Fred Ritchin, an American curator, critic, and theorist, warned before the digital transition that digital images would destabilize photography\u2019s connection to reality. His prediction has come true. Instagram and other platforms have made this effect dominant: the image is no longer evidence of reality but an aesthetic construction that takes on a life of its own online. As a result, parallel realities can now be constructed around a single individual through profile images completely detached from reality\u2014a discrepancy often revealed only in face-to-face encounters. Nevertheless, the rhetoric of \u201cauthenticity\u201d continues to thrive online. For instance, the aesthetics of hashtags like #nofilter or apparently spontaneous moments are as consciously constructed as those of classic filters.<\/p>\n\t\t<\/div>\n\t<\/div>\n<\/div><\/div><\/div><\/div><div id=\"pg-99005-1\"  class=\"panel-grid panel-no-style\" ><div id=\"pgc-99005-1-0\"  class=\"panel-grid-cell\" ><div id=\"panel-99005-1-0-0\" class=\"so-panel widget widget_image-with-caption panel-first-child panel-last-child\" data-index=\"3\" ><div class=\"so-widget-image-with-caption so-widget-image-with-caption-default-d75171398898-99005\">\n\n\t\n\t<div class=\"image-with-caption caption-alignment-bottom-center-small\">\n\n\t\t\n\t\t<div class=\"image-with-caption-container-image\">\n\n\t\t\t\n\t\t\t<a href=\"https:\/\/i0.wp.com\/punkt.hu\/wp-content\/uploads\/2024\/04\/punkt-undorodom-attol-ahogyan-az-emberek-szepnek-lattatjak-magukat-cindy-sherman-legujabb-munkai-a-photo-elyseeben-01-scaled.jpg?fit=1792%2C2560&ssl=1\" class=\"chocolat-image\" title=\"Fot\u00f3: Cindy Sherman: Untitled #627, 2010-2023 \u00a9 Cindy Sherman Courtesy the artist and Hauser & Wirth\">\n\t\t\t\t<img width=\"890\" height=\"1271\" src=\"https:\/\/i0.wp.com\/punkt.hu\/wp-content\/uploads\/2024\/04\/punkt-undorodom-attol-ahogyan-az-emberek-szepnek-lattatjak-magukat-cindy-sherman-legujabb-munkai-a-photo-elyseeben-01-scaled.jpg?fit=890%2C1271&amp;ssl=1\" class=\"lazyload\" alt=\"Fot\u00f3: Cindy Sherman: Untitled #627, 2010-2023 \u00a9 Cindy Sherman Courtesy the artist and Hauser &amp; Wirth\" srcset=\"https:\/\/i0.wp.com\/punkt.hu\/wp-content\/uploads\/2024\/04\/punkt-undorodom-attol-ahogyan-az-emberek-szepnek-lattatjak-magukat-cindy-sherman-legujabb-munkai-a-photo-elyseeben-01-scaled.jpg?w=1792&amp;ssl=1 1792w, https:\/\/i0.wp.com\/punkt.hu\/wp-content\/uploads\/2024\/04\/punkt-undorodom-attol-ahogyan-az-emberek-szepnek-lattatjak-magukat-cindy-sherman-legujabb-munkai-a-photo-elyseeben-01-scaled.jpg?resize=210%2C300&amp;ssl=1 210w, https:\/\/i0.wp.com\/punkt.hu\/wp-content\/uploads\/2024\/04\/punkt-undorodom-attol-ahogyan-az-emberek-szepnek-lattatjak-magukat-cindy-sherman-legujabb-munkai-a-photo-elyseeben-01-scaled.jpg?resize=717%2C1024&amp;ssl=1 717w, https:\/\/i0.wp.com\/punkt.hu\/wp-content\/uploads\/2024\/04\/punkt-undorodom-attol-ahogyan-az-emberek-szepnek-lattatjak-magukat-cindy-sherman-legujabb-munkai-a-photo-elyseeben-01-scaled.jpg?resize=768%2C1097&amp;ssl=1 768w, https:\/\/i0.wp.com\/punkt.hu\/wp-content\/uploads\/2024\/04\/punkt-undorodom-attol-ahogyan-az-emberek-szepnek-lattatjak-magukat-cindy-sherman-legujabb-munkai-a-photo-elyseeben-01-scaled.jpg?resize=1075%2C1536&amp;ssl=1 1075w, https:\/\/i0.wp.com\/punkt.hu\/wp-content\/uploads\/2024\/04\/punkt-undorodom-attol-ahogyan-az-emberek-szepnek-lattatjak-magukat-cindy-sherman-legujabb-munkai-a-photo-elyseeben-01-scaled.jpg?resize=1434%2C2048&amp;ssl=1 1434w, https:\/\/i0.wp.com\/punkt.hu\/wp-content\/uploads\/2024\/04\/punkt-undorodom-attol-ahogyan-az-emberek-szepnek-lattatjak-magukat-cindy-sherman-legujabb-munkai-a-photo-elyseeben-01-scaled.jpg?resize=890%2C1271&amp;ssl=1 890w, https:\/\/i0.wp.com\/punkt.hu\/wp-content\/uploads\/2024\/04\/punkt-undorodom-attol-ahogyan-az-emberek-szepnek-lattatjak-magukat-cindy-sherman-legujabb-munkai-a-photo-elyseeben-01-scaled.jpg?resize=690%2C986&amp;ssl=1 690w, https:\/\/i0.wp.com\/punkt.hu\/wp-content\/uploads\/2024\/04\/punkt-undorodom-attol-ahogyan-az-emberek-szepnek-lattatjak-magukat-cindy-sherman-legujabb-munkai-a-photo-elyseeben-01-scaled.jpg?resize=445%2C636&amp;ssl=1 445w, https:\/\/i0.wp.com\/punkt.hu\/wp-content\/uploads\/2024\/04\/punkt-undorodom-attol-ahogyan-az-emberek-szepnek-lattatjak-magukat-cindy-sherman-legujabb-munkai-a-photo-elyseeben-01-scaled.jpg?resize=930%2C1329&amp;ssl=1 930w, https:\/\/i0.wp.com\/punkt.hu\/wp-content\/uploads\/2024\/04\/punkt-undorodom-attol-ahogyan-az-emberek-szepnek-lattatjak-magukat-cindy-sherman-legujabb-munkai-a-photo-elyseeben-01-scaled.jpg?resize=245%2C350&amp;ssl=1 245w\" sizes=\"(max-width: 890px) 100vw, 890px\" \/>\t\t\t<\/a>\n\n\t\t<\/div>\n\n\t\t\t\t\t<div class=\"image-with-caption-container-caption\">\n\t\t\t\t<div class=\"image-with-caption-container-caption-center-fix\">\n\t\t\t\t\t\t\t\t\t\t\t<p class=\"image-with-caption-container-caption-numbers\">01<span class=\"number-separator\"><\/span>03<\/p>\n\t\t\t\t\t\t\t\t\t\t<p class=\"image-with-caption-container-caption-text\">Fot\u00f3: Cindy Sherman: Untitled #627, 2010-2023 \u00a9 Cindy Sherman Courtesy the artist and Hauser & Wirth<\/p>\n\t\t\t\t<\/div>\n\t\t\t<\/div>\n\t\t\n\t<\/div>\n\n<\/div><\/div><\/div><div id=\"pgc-99005-1-1\"  class=\"panel-grid-cell\" ><div id=\"panel-99005-1-1-0\" class=\"so-panel widget widget_aligned-text panel-first-child panel-last-child\" data-index=\"4\" ><div class=\"so-widget-aligned-text so-widget-aligned-text-default-d75171398898-99005\">\n\t<div class=\"aligned-text\">\n\t\t<div class=\"text-content\">\n\t\t\t<p>Expanding on the intersection of art and social media, cultural historian Philip Gefter examines the relationship between the documentary tradition and aestheticized, autonomous artistic photography.<a href=\"#_ftn3\" name=\"_ftnref3\"><sup>[3]<\/sup><\/a> On Instagram, however, this boundary has virtually vanished: everyday selfies and works of high art appear on the same platform, reaching audiences through largely the same mechanisms of visibility and logic.<\/p>\n<p>Artistic strategies now respond to new norms for social image production. For example, in 2024, Cindy Sherman presented a series at Photo Elys\u00e9e in Lausanne, focusing on digital distortions, reality-distorting filters, and inverted beauty ideals.<a href=\"#_ftn4\" name=\"_ftnref4\"><sup>[4]<\/sup><\/a> Her images evoke grotesque traditions, referencing everything from Renaissance carnival figures to avant-garde photography while relentlessly criticizing the self-beautifying mechanisms of social media.<\/p>\n<p>Earlier, Larry Sultan explored staged forms of intimate image use through the deconstruction of the family album,<a href=\"#_ftn5\" name=\"_ftnref5\"><sup>[5]<\/sup><\/a> while Jeff Wall<a href=\"#_ftn6\" name=\"_ftnref6\"><sup>[6]<\/sup><\/a> and Philip-Lorca diCorcia<a href=\"#_ftn7\" name=\"_ftnref7\"><sup>[7]<\/sup><\/a> created connections between everyday life and constructed worlds through staged documentary photography. In turn, Ryan McGinley\u2019s deeply personal images of youth and the experience of freedom and self-discovery<a href=\"#_ftn8\" name=\"_ftnref8\"><sup>[8]<\/sup><\/a> demonstrated how the aesthetic of private photographs could become normative\u2014first in gallery contexts and later within commercial photography. Likewise, Rineke Dijkstra\u2019s thematic portrait series, which document personal and collective belonging, raise questions about social identity formation.<a href=\"#_ftn9\" name=\"_ftnref9\"><sup>[9]<\/sup><\/a> Finally, the later works of Chuck Close,<a href=\"#_ftn10\" name=\"_ftnref10\"><sup>[10]<\/sup><\/a> who turned to large-format photography after illness forced him to abandon painting, play with the digital fragmentation of the portrait, suggesting that the crisis of representation extends beyond social media.<\/p>\n<p>More recently, the emergence of AI-generated models has posed yet another challenge for visual culture\u2014and for the society that receives and interprets it. The fashion industry, for example, already employs AI figures that are almost indistinguishable from reality and, in some cases, even appear \u201cperfect.\u201d As a result, these figures set new beauty ideals against which real bodies, faces, and gestures seem measured. Such ideals may encourage increasingly distorted forms of self-presentation.<a href=\"#_ftn11\" name=\"_ftnref11\"><sup>[11]<\/sup><\/a> Moreover, the aesthetics of filters and retouching software can already integrate seamlessly with AI imagery, further blurring the boundary between the natural and the artificial. In this setting, the \u201cauthenticity\u201d of photography becomes increasingly relative, and the face and body become digital constructs\u2014reshaping the traditional function of portraiture.<\/p>\n\t\t<\/div>\n\t<\/div>\n<\/div><\/div><\/div><\/div><div id=\"pg-99005-2\"  class=\"panel-grid panel-no-style\" ><div id=\"pgc-99005-2-0\"  class=\"panel-grid-cell\" ><div id=\"panel-99005-2-0-0\" class=\"so-panel widget widget_aligned-text panel-first-child\" data-index=\"5\" ><div class=\"so-widget-aligned-text so-widget-aligned-text-default-d75171398898-99005\">\n\t<div class=\"aligned-text\">\n\t\t<div class=\"text-content\">\n\t\t\t<p>The processes also affect everyday practices. Self-representation no longer aims to present the authentic self; rather, it becomes an aesthetic strategy. Moreover, filtered faces, carefully staged compositions based on repeating visual templates, and retouched bodies do not begin to function as falsifications but become part of the normative system established by social media. Still, nostalgia remains powerful. Filters that mimic Polaroid aesthetics or the visual language of deliberate spontaneity also promise the illusion of an \u201cauthentic\u201d moment.<\/p>\n<p>The social consequences are already visible\u2014especially in the darker scenarios. For generations raised on Instagram aesthetics and filters, the image of the face and body becomes a manipulated construct shaped by predetermined norms. This reinforces self-esteem issues and contributes to the homogenization of visual culture. Aesthetic norms like the \u201cbeautiful face\u201d or the \u201cideal body,\u201d though relative, become globally standardized patterns in the online sphere.<\/p>\n<p>A growing body of research warns that young people measure their own self-worth against filtered images. As a result, anxiety, body-image disorders, and the demand for cosmetic surgery continue to rise. TikTok and Instagram generate rapid visual templates that blur individual differences. The algorithmic distribution of images further reinforces standardization. Platforms grant more visibility to content that conforms to prevailing aesthetic norms and encourage users to adapt their self-representations accordingly.<\/p>\n<p>The everyday use of photography has never been as extensive as it is today, and it is clear that the photographic image remains one of the most important media of social interaction. At the same time, however, this situation raises a serious dilemma for all of us: how to develop forms of visual self-representation capable of breaking the dominance of these norms and making space for diversity, for the aesthetics of difference, and for new forms of authenticity.<\/p>\n\t\t<\/div>\n\t<\/div>\n<\/div><\/div><div id=\"panel-99005-2-0-1\" class=\"so-panel widget widget_notes panel-last-child\" data-index=\"6\" ><div class=\"so-widget-notes so-widget-notes-default-d75171398898-99005\">\n\t<div class=\"notes\">\n\t\t<div class=\"notes-container\">\n\t\t\t<div class=\"notes-title\">Notes<\/div>\n\t\t\t<div class=\"notes-content\">\n\t\t\t\t<p><a href=\"#_ftnref1\" name=\"_ftn1\"><sup>[1]<\/sup><\/a> Jurgenson, Nathan. <em>The Social Photo: On Photography and Social Media<\/em>. Verso, 2019.<\/p>\n<p><a href=\"#_ftnref2\" name=\"_ftn2\"><sup>[2]<\/sup><\/a> Belting, Hans. <em>Faces: A History of the Face<\/em>. Princeton University Press, 2017.<\/p>\n<p><a href=\"#_ftnref3\" name=\"_ftn3\"><sup>[3]<\/sup><\/a> Gefter, Philip. <em>Photography After Frank.<\/em> Aperture, 2009.<\/p>\n<p><a href=\"#_ftnref4\" name=\"_ftn4\"><sup>[4]<\/sup><\/a> K\u00e9ri, G\u00e1sp\u00e1r. \u201cUndorodom att\u00f3l, ahogyan az emberek sz\u00e9pnek l\u00e1ttatj\u00e1k magukat \u2013 Cindy Sherman leg\u00fajabb munk\u00e1i a Photo Elys\u00e9e-ben\u201d [\u201cI Loathe the Way People Make Themselves Look Beautiful\u201d: Cindy Sherman\u2019s Latest Works at Photo Elys\u00e9e]. <em>Punkt<\/em>, 19 Apr. 2024,<\/p>\n<p><a href=\"https:\/\/punkt.hu\/2024\/04\/19\/undorodom-attol-ahogyan-az-emberek-szepnek-lattatjak-magukat-cindy-sherman-legujabb-munkai-a-photo-elyseeben\/\">https:\/\/punkt.hu\/2024\/04\/19\/undorodom-attol-ahogyan-az-emberek-szepnek-lattatjak-magukat-cindy-sherman-legujabb-munkai-a-photo-elyseeben\/<\/a>. Accessed 11 Aug. 2025.<\/p>\n<p><a href=\"#_ftnref5\" name=\"_ftn5\"><sup>[5]<\/sup><\/a> Sultan, Larry. <em>Pictures from Home<\/em>. Abrams, 1992.<\/p>\n<p><a href=\"#_ftnref6\" name=\"_ftn6\"><sup>[6]<\/sup><\/a> Wall, Jeff. <em>Figures &amp; Places: Selected Works from 1978\u20132000<\/em>. Prestel, 2001.<\/p>\n<p><a href=\"#_ftnref7\" name=\"_ftn7\"><sup>[7]<\/sup><\/a>\u00a0 diCorcia, Philip-Lorca. <em>Philip-Lorca diCorcia<\/em>. MoMA, 1995. <em>(Contemporaries: A Photography Series).<\/em><\/p>\n<p><a href=\"#_ftnref8\" name=\"_ftn8\"><sup>[8]<\/sup><\/a> McGinley, Ryan. <em>Whistle for the Wind.<\/em> Rizzoli, 2012.<\/p>\n<p><a href=\"#_ftnref9\" name=\"_ftn9\"><sup>[9]<\/sup><\/a> Dijkstra, Rineke. <em>Portraits<\/em>. Schirmer\/Mosel, 2004.<\/p>\n<p><a href=\"#_ftnref10\" name=\"_ftn10\"><sup>[10]<\/sup><\/a> Close, Chuck. <em>Chuck Close: Photographer<\/em>. Prestel, 2014.<\/p>\n<p><a href=\"#_ftnref11\" name=\"_ftn11\"><sup>[11]<\/sup><\/a> Patakfalvi, D\u00f3ra. \u201cAz MI-modellek megk\u00fcl\u00f6nb\u00f6ztethetetlenek, t\u00f6k\u00e9letesek, \u00e9s ennek legfeljebb a plasztikai ipar \u00f6r\u00fclhet\u201d<\/p>\n<p>[\u201cAI Models Are Indistinguishable and Perfect\u2014Perhaps Only the Cosmetic Surgery Industry Benefits\u201d]. <em>Telex<\/em>, 29 July 2025,<\/p>\n<p><a href=\"https:\/\/telex.hu\/eletmod\/2025\/07\/29\/mesterseges-mi-modell-guess-reklam-elso-vogue\">https:\/\/telex.hu\/eletmod\/2025\/07\/29\/mesterseges-mi-modell-guess-reklam-elso-vogue<\/a>. Accessed 11 Aug. 2025.<\/p>\n\t\t\t<\/div>\n\t\t<\/div>\n\t<\/div>\n<\/div><\/div><\/div><\/div><\/div>","protected":false},"excerpt":{"rendered":"<p>Instagram\u2019s visual culture is shaped by a simultaneous desire for authenticity and perfection. Filters, AI-generated faces, and the aesthetic logic of social media continually transform how we use images, continually redefining the place of portraiture and self-representation within contemporary visual culture. The stakes are not merely technical: how we present ourselves also reveals the collective image of humanity our society constructs.<\/p>\n","protected":false},"author":8,"featured_media":95651,"comment_status":"closed","ping_status":"closed","sticky":false,"template":"","format":"standard","meta":{"_monsterinsights_skip_tracking":false,"_monsterinsights_sitenote_active":false,"_monsterinsights_sitenote_note":"","_monsterinsights_sitenote_category":0,"spay_email":""},"categories":[11],"tags":[1709],"acf":[],"yoast_head":"<!-- This site is optimized with the Yoast SEO plugin v17.6 - https:\/\/yoast.com\/wordpress\/plugins\/seo\/ -->\n<title>Under the Spell of Filters \u2014 Authenticity and Aesthetics in the Age of Instagram - PUNKT<\/title>\n<meta name=\"robots\" content=\"index, follow, max-snippet:-1, max-image-preview:large, max-video-preview:-1\" \/>\n<link rel=\"canonical\" href=\"https:\/\/punkt.hu\/en\/2026\/03\/20\/under-the-spell-of-filters-authenticity-and-aesthetics-in-the-age-of-instagram\/\" \/>\n<meta property=\"og:locale\" content=\"en_US\" \/>\n<meta property=\"og:type\" content=\"article\" \/>\n<meta property=\"og:title\" content=\"Under the Spell of Filters \u2014 Authenticity and Aesthetics in the Age of Instagram - PUNKT\" \/>\n<meta property=\"og:description\" content=\"Instagram\u2019s visual culture is shaped by a simultaneous desire for authenticity and perfection. Filters, AI-generated faces, and the aesthetic logic of social media continually transform how we use images, continually redefining the place of portraiture and self-representation within contemporary visual culture. The stakes are not merely technical: how we present ourselves also reveals the collective image of humanity our society constructs.\" \/>\n<meta property=\"og:url\" content=\"https:\/\/punkt.hu\/en\/2026\/03\/20\/under-the-spell-of-filters-authenticity-and-aesthetics-in-the-age-of-instagram\/\" \/>\n<meta property=\"og:site_name\" content=\"PUNKT\" \/>\n<meta property=\"article:published_time\" content=\"2026-03-20T18:24:56+00:00\" \/>\n<meta property=\"article:modified_time\" content=\"2026-03-20T18:25:53+00:00\" \/>\n<meta property=\"og:image\" content=\"https:\/\/punkt.hu\/wp-content\/uploads\/2025\/12\/punkt-a-filterek-buvoleteben-hitelesseg-es-esztetika-az-instagram-korszakban-01.jpg\" \/>\n\t<meta property=\"og:image:width\" content=\"2133\" \/>\n\t<meta property=\"og:image:height\" content=\"1200\" \/>\n<meta name=\"twitter:card\" content=\"summary_large_image\" \/>\n<meta name=\"twitter:label1\" content=\"Written by\" \/>\n\t<meta name=\"twitter:data1\" content=\"Baki L\u00e1szl\u00f3\" \/>\n<script type=\"application\/ld+json\" class=\"yoast-schema-graph\">{\"@context\":\"https:\/\/schema.org\",\"@graph\":[{\"@type\":\"Organization\",\"@id\":\"https:\/\/punkt.hu\/#organization\",\"name\":\"PUNKT\",\"url\":\"https:\/\/punkt.hu\/\",\"sameAs\":[\"https:\/\/www.instagram.com\/punkt.hu\/\"],\"logo\":{\"@type\":\"ImageObject\",\"@id\":\"https:\/\/punkt.hu\/#logo\",\"inLanguage\":\"en-US\",\"url\":\"https:\/\/i2.wp.com\/punkt.hu\/wp-content\/uploads\/2019\/05\/punkt-rolunk-01.png?fit=729%2C529&ssl=1\",\"contentUrl\":\"https:\/\/i2.wp.com\/punkt.hu\/wp-content\/uploads\/2019\/05\/punkt-rolunk-01.png?fit=729%2C529&ssl=1\",\"width\":729,\"height\":529,\"caption\":\"PUNKT\"},\"image\":{\"@id\":\"https:\/\/punkt.hu\/#logo\"}},{\"@type\":\"WebSite\",\"@id\":\"https:\/\/punkt.hu\/#website\",\"url\":\"https:\/\/punkt.hu\/\",\"name\":\"PUNKT\",\"description\":\"PUNKT\",\"publisher\":{\"@id\":\"https:\/\/punkt.hu\/#organization\"},\"potentialAction\":[{\"@type\":\"SearchAction\",\"target\":{\"@type\":\"EntryPoint\",\"urlTemplate\":\"https:\/\/punkt.hu\/?s={search_term_string}\"},\"query-input\":\"required name=search_term_string\"}],\"inLanguage\":\"en-US\"},{\"@type\":\"ImageObject\",\"@id\":\"https:\/\/punkt.hu\/en\/2026\/03\/20\/under-the-spell-of-filters-authenticity-and-aesthetics-in-the-age-of-instagram\/#primaryimage\",\"inLanguage\":\"en-US\",\"url\":\"https:\/\/i2.wp.com\/punkt.hu\/wp-content\/uploads\/2025\/12\/punkt-a-filterek-buvoleteben-hitelesseg-es-esztetika-az-instagram-korszakban-01.jpg?fit=2133%2C1200&ssl=1\",\"contentUrl\":\"https:\/\/i2.wp.com\/punkt.hu\/wp-content\/uploads\/2025\/12\/punkt-a-filterek-buvoleteben-hitelesseg-es-esztetika-az-instagram-korszakban-01.jpg?fit=2133%2C1200&ssl=1\",\"width\":2133,\"height\":1200},{\"@type\":\"WebPage\",\"@id\":\"https:\/\/punkt.hu\/en\/2026\/03\/20\/under-the-spell-of-filters-authenticity-and-aesthetics-in-the-age-of-instagram\/#webpage\",\"url\":\"https:\/\/punkt.hu\/en\/2026\/03\/20\/under-the-spell-of-filters-authenticity-and-aesthetics-in-the-age-of-instagram\/\",\"name\":\"Under the Spell of Filters \\u2014 Authenticity and Aesthetics in the Age of Instagram - PUNKT\",\"isPartOf\":{\"@id\":\"https:\/\/punkt.hu\/#website\"},\"primaryImageOfPage\":{\"@id\":\"https:\/\/punkt.hu\/en\/2026\/03\/20\/under-the-spell-of-filters-authenticity-and-aesthetics-in-the-age-of-instagram\/#primaryimage\"},\"datePublished\":\"2026-03-20T18:24:56+00:00\",\"dateModified\":\"2026-03-20T18:25:53+00:00\",\"breadcrumb\":{\"@id\":\"https:\/\/punkt.hu\/en\/2026\/03\/20\/under-the-spell-of-filters-authenticity-and-aesthetics-in-the-age-of-instagram\/#breadcrumb\"},\"inLanguage\":\"en-US\",\"potentialAction\":[{\"@type\":\"ReadAction\",\"target\":[\"https:\/\/punkt.hu\/en\/2026\/03\/20\/under-the-spell-of-filters-authenticity-and-aesthetics-in-the-age-of-instagram\/\"]}]},{\"@type\":\"BreadcrumbList\",\"@id\":\"https:\/\/punkt.hu\/en\/2026\/03\/20\/under-the-spell-of-filters-authenticity-and-aesthetics-in-the-age-of-instagram\/#breadcrumb\",\"itemListElement\":[{\"@type\":\"ListItem\",\"position\":1,\"name\":\"Home\",\"item\":\"https:\/\/punkt.hu\/en\/\"},{\"@type\":\"ListItem\",\"position\":2,\"name\":\"Under the Spell of Filters \\u2014 Authenticity and Aesthetics in the Age of Instagram\"}]},{\"@type\":\"Article\",\"@id\":\"https:\/\/punkt.hu\/en\/2026\/03\/20\/under-the-spell-of-filters-authenticity-and-aesthetics-in-the-age-of-instagram\/#article\",\"isPartOf\":{\"@id\":\"https:\/\/punkt.hu\/en\/2026\/03\/20\/under-the-spell-of-filters-authenticity-and-aesthetics-in-the-age-of-instagram\/#webpage\"},\"author\":{\"@id\":\"https:\/\/punkt.hu\/#\/schema\/person\/65cff61eb7a60b08f081d0fd7e623627\"},\"headline\":\"Under the Spell of Filters \\u2014 Authenticity and Aesthetics in the Age of Instagram\",\"datePublished\":\"2026-03-20T18:24:56+00:00\",\"dateModified\":\"2026-03-20T18:25:53+00:00\",\"mainEntityOfPage\":{\"@id\":\"https:\/\/punkt.hu\/en\/2026\/03\/20\/under-the-spell-of-filters-authenticity-and-aesthetics-in-the-age-of-instagram\/#webpage\"},\"wordCount\":69,\"publisher\":{\"@id\":\"https:\/\/punkt.hu\/#organization\"},\"image\":{\"@id\":\"https:\/\/punkt.hu\/en\/2026\/03\/20\/under-the-spell-of-filters-authenticity-and-aesthetics-in-the-age-of-instagram\/#primaryimage\"},\"thumbnailUrl\":\"https:\/\/i2.wp.com\/punkt.hu\/wp-content\/uploads\/2025\/12\/punkt-a-filterek-buvoleteben-hitelesseg-es-esztetika-az-instagram-korszakban-01.jpg?fit=2133%2C1200&ssl=1\",\"keywords\":[\"essay\"],\"articleSection\":[\"Essay\"],\"inLanguage\":\"en-US\"},{\"@type\":\"Person\",\"@id\":\"https:\/\/punkt.hu\/#\/schema\/person\/65cff61eb7a60b08f081d0fd7e623627\",\"name\":\"Baki L\\u00e1szl\\u00f3\",\"image\":{\"@type\":\"ImageObject\",\"@id\":\"https:\/\/punkt.hu\/#personlogo\",\"inLanguage\":\"en-US\",\"url\":\"https:\/\/secure.gravatar.com\/avatar\/6356150e06a4ea60e1c4b86205c7654b?s=96&d=mm&r=g\",\"contentUrl\":\"https:\/\/secure.gravatar.com\/avatar\/6356150e06a4ea60e1c4b86205c7654b?s=96&d=mm&r=g\",\"caption\":\"Baki L\\u00e1szl\\u00f3\"}}]}<\/script>\n<!-- \/ Yoast SEO plugin. -->","yoast_head_json":{"title":"Under the Spell of Filters \u2014 Authenticity and Aesthetics in the Age of Instagram - PUNKT","robots":{"index":"index","follow":"follow","max-snippet":"max-snippet:-1","max-image-preview":"max-image-preview:large","max-video-preview":"max-video-preview:-1"},"canonical":"https:\/\/punkt.hu\/en\/2026\/03\/20\/under-the-spell-of-filters-authenticity-and-aesthetics-in-the-age-of-instagram\/","og_locale":"en_US","og_type":"article","og_title":"Under the Spell of Filters \u2014 Authenticity and Aesthetics in the Age of Instagram - PUNKT","og_description":"Instagram\u2019s visual culture is shaped by a simultaneous desire for authenticity and perfection. Filters, AI-generated faces, and the aesthetic logic of social media continually transform how we use images, continually redefining the place of portraiture and self-representation within contemporary visual culture. The stakes are not merely technical: how we present ourselves also reveals the collective image of humanity our society constructs.","og_url":"https:\/\/punkt.hu\/en\/2026\/03\/20\/under-the-spell-of-filters-authenticity-and-aesthetics-in-the-age-of-instagram\/","og_site_name":"PUNKT","article_published_time":"2026-03-20T18:24:56+00:00","article_modified_time":"2026-03-20T18:25:53+00:00","og_image":[{"width":2133,"height":1200,"url":"https:\/\/punkt.hu\/wp-content\/uploads\/2025\/12\/punkt-a-filterek-buvoleteben-hitelesseg-es-esztetika-az-instagram-korszakban-01.jpg","type":"image\/jpeg"}],"twitter_card":"summary_large_image","twitter_misc":{"Written by":"Baki L\u00e1szl\u00f3"},"schema":{"@context":"https:\/\/schema.org","@graph":[{"@type":"Organization","@id":"https:\/\/punkt.hu\/#organization","name":"PUNKT","url":"https:\/\/punkt.hu\/","sameAs":["https:\/\/www.instagram.com\/punkt.hu\/"],"logo":{"@type":"ImageObject","@id":"https:\/\/punkt.hu\/#logo","inLanguage":"en-US","url":"https:\/\/i2.wp.com\/punkt.hu\/wp-content\/uploads\/2019\/05\/punkt-rolunk-01.png?fit=729%2C529&ssl=1","contentUrl":"https:\/\/i2.wp.com\/punkt.hu\/wp-content\/uploads\/2019\/05\/punkt-rolunk-01.png?fit=729%2C529&ssl=1","width":729,"height":529,"caption":"PUNKT"},"image":{"@id":"https:\/\/punkt.hu\/#logo"}},{"@type":"WebSite","@id":"https:\/\/punkt.hu\/#website","url":"https:\/\/punkt.hu\/","name":"PUNKT","description":"PUNKT","publisher":{"@id":"https:\/\/punkt.hu\/#organization"},"potentialAction":[{"@type":"SearchAction","target":{"@type":"EntryPoint","urlTemplate":"https:\/\/punkt.hu\/?s={search_term_string}"},"query-input":"required name=search_term_string"}],"inLanguage":"en-US"},{"@type":"ImageObject","@id":"https:\/\/punkt.hu\/en\/2026\/03\/20\/under-the-spell-of-filters-authenticity-and-aesthetics-in-the-age-of-instagram\/#primaryimage","inLanguage":"en-US","url":"https:\/\/i2.wp.com\/punkt.hu\/wp-content\/uploads\/2025\/12\/punkt-a-filterek-buvoleteben-hitelesseg-es-esztetika-az-instagram-korszakban-01.jpg?fit=2133%2C1200&ssl=1","contentUrl":"https:\/\/i2.wp.com\/punkt.hu\/wp-content\/uploads\/2025\/12\/punkt-a-filterek-buvoleteben-hitelesseg-es-esztetika-az-instagram-korszakban-01.jpg?fit=2133%2C1200&ssl=1","width":2133,"height":1200},{"@type":"WebPage","@id":"https:\/\/punkt.hu\/en\/2026\/03\/20\/under-the-spell-of-filters-authenticity-and-aesthetics-in-the-age-of-instagram\/#webpage","url":"https:\/\/punkt.hu\/en\/2026\/03\/20\/under-the-spell-of-filters-authenticity-and-aesthetics-in-the-age-of-instagram\/","name":"Under the Spell of Filters \u2014 Authenticity and Aesthetics in the Age of Instagram - PUNKT","isPartOf":{"@id":"https:\/\/punkt.hu\/#website"},"primaryImageOfPage":{"@id":"https:\/\/punkt.hu\/en\/2026\/03\/20\/under-the-spell-of-filters-authenticity-and-aesthetics-in-the-age-of-instagram\/#primaryimage"},"datePublished":"2026-03-20T18:24:56+00:00","dateModified":"2026-03-20T18:25:53+00:00","breadcrumb":{"@id":"https:\/\/punkt.hu\/en\/2026\/03\/20\/under-the-spell-of-filters-authenticity-and-aesthetics-in-the-age-of-instagram\/#breadcrumb"},"inLanguage":"en-US","potentialAction":[{"@type":"ReadAction","target":["https:\/\/punkt.hu\/en\/2026\/03\/20\/under-the-spell-of-filters-authenticity-and-aesthetics-in-the-age-of-instagram\/"]}]},{"@type":"BreadcrumbList","@id":"https:\/\/punkt.hu\/en\/2026\/03\/20\/under-the-spell-of-filters-authenticity-and-aesthetics-in-the-age-of-instagram\/#breadcrumb","itemListElement":[{"@type":"ListItem","position":1,"name":"Home","item":"https:\/\/punkt.hu\/en\/"},{"@type":"ListItem","position":2,"name":"Under the Spell of Filters \u2014 Authenticity and Aesthetics in the Age of Instagram"}]},{"@type":"Article","@id":"https:\/\/punkt.hu\/en\/2026\/03\/20\/under-the-spell-of-filters-authenticity-and-aesthetics-in-the-age-of-instagram\/#article","isPartOf":{"@id":"https:\/\/punkt.hu\/en\/2026\/03\/20\/under-the-spell-of-filters-authenticity-and-aesthetics-in-the-age-of-instagram\/#webpage"},"author":{"@id":"https:\/\/punkt.hu\/#\/schema\/person\/65cff61eb7a60b08f081d0fd7e623627"},"headline":"Under the Spell of Filters \u2014 Authenticity and Aesthetics in the Age of Instagram","datePublished":"2026-03-20T18:24:56+00:00","dateModified":"2026-03-20T18:25:53+00:00","mainEntityOfPage":{"@id":"https:\/\/punkt.hu\/en\/2026\/03\/20\/under-the-spell-of-filters-authenticity-and-aesthetics-in-the-age-of-instagram\/#webpage"},"wordCount":69,"publisher":{"@id":"https:\/\/punkt.hu\/#organization"},"image":{"@id":"https:\/\/punkt.hu\/en\/2026\/03\/20\/under-the-spell-of-filters-authenticity-and-aesthetics-in-the-age-of-instagram\/#primaryimage"},"thumbnailUrl":"https:\/\/i2.wp.com\/punkt.hu\/wp-content\/uploads\/2025\/12\/punkt-a-filterek-buvoleteben-hitelesseg-es-esztetika-az-instagram-korszakban-01.jpg?fit=2133%2C1200&ssl=1","keywords":["essay"],"articleSection":["Essay"],"inLanguage":"en-US"},{"@type":"Person","@id":"https:\/\/punkt.hu\/#\/schema\/person\/65cff61eb7a60b08f081d0fd7e623627","name":"Baki L\u00e1szl\u00f3","image":{"@type":"ImageObject","@id":"https:\/\/punkt.hu\/#personlogo","inLanguage":"en-US","url":"https:\/\/secure.gravatar.com\/avatar\/6356150e06a4ea60e1c4b86205c7654b?s=96&d=mm&r=g","contentUrl":"https:\/\/secure.gravatar.com\/avatar\/6356150e06a4ea60e1c4b86205c7654b?s=96&d=mm&r=g","caption":"Baki L\u00e1szl\u00f3"}}]}},"jetpack_featured_media_url":"https:\/\/i2.wp.com\/punkt.hu\/wp-content\/uploads\/2025\/12\/punkt-a-filterek-buvoleteben-hitelesseg-es-esztetika-az-instagram-korszakban-01.jpg?fit=2133%2C1200&ssl=1","_links":{"self":[{"href":"https:\/\/punkt.hu\/en\/wp-json\/wp\/v2\/posts\/99005"}],"collection":[{"href":"https:\/\/punkt.hu\/en\/wp-json\/wp\/v2\/posts"}],"about":[{"href":"https:\/\/punkt.hu\/en\/wp-json\/wp\/v2\/types\/post"}],"author":[{"embeddable":true,"href":"https:\/\/punkt.hu\/en\/wp-json\/wp\/v2\/users\/8"}],"replies":[{"embeddable":true,"href":"https:\/\/punkt.hu\/en\/wp-json\/wp\/v2\/comments?post=99005"}],"version-history":[{"count":5,"href":"https:\/\/punkt.hu\/en\/wp-json\/wp\/v2\/posts\/99005\/revisions"}],"predecessor-version":[{"id":99012,"href":"https:\/\/punkt.hu\/en\/wp-json\/wp\/v2\/posts\/99005\/revisions\/99012"}],"wp:featuredmedia":[{"embeddable":true,"href":"https:\/\/punkt.hu\/en\/wp-json\/wp\/v2\/media\/95651"}],"wp:attachment":[{"href":"https:\/\/punkt.hu\/en\/wp-json\/wp\/v2\/media?parent=99005"}],"wp:term":[{"taxonomy":"category","embeddable":true,"href":"https:\/\/punkt.hu\/en\/wp-json\/wp\/v2\/categories?post=99005"},{"taxonomy":"post_tag","embeddable":true,"href":"https:\/\/punkt.hu\/en\/wp-json\/wp\/v2\/tags?post=99005"}],"curies":[{"name":"wp","href":"https:\/\/api.w.org\/{rel}","templated":true}]}}